{"id":53458,"date":"2026-04-03T23:00:00","date_gmt":"2026-04-03T21:00:00","guid":{"rendered":"https:\/\/hijasdejesus.org\/sabado-santo-cuidando-da-esperanca\/"},"modified":"2026-04-06T15:07:37","modified_gmt":"2026-04-06T13:07:37","slug":"sabado-santo-cuidando-da-esperanca","status":"publish","type":"post","link":"https:\/\/hijasdejesus.org\/pt-br\/sabado-santo-cuidando-da-esperanca\/","title":{"rendered":"S\u00e1bado Santo: Cuidando da esperan\u00e7a"},"content":{"rendered":"\n<p>Continuamos a caminhar nesta Semana Santa. Depois de <strong>entrarmos com Jesus<\/strong> no <a href=\"https:\/\/hijasdejesus.org\/pt-br\/domingo-de-ramos-entrando-com-jesus\/\" type=\"link\" id=\"https:\/\/hijasdejesus.org\/domingo-de-ramos-2026\/\">Domingo de Ramos<\/a>, aprendermos a <strong>amar sem c\u00e1lculos<\/strong> na <a href=\"https:\/\/hijasdejesus.org\/pt-br\/segunda-feira-de-pascoa-caring-for-free\/\" type=\"link\" id=\"https:\/\/hijasdejesus.org\/lunes-santo-2026\/\">segunda-feira<\/a>, nos permitirmos ser transformados na <strong>verdade do cora\u00e7\u00e3o<\/strong> na <a href=\"https:\/\/hijasdejesus.org\/pt-br\/terca-feira-da-semana-santa-a-verdade-do-coracao\/\" type=\"link\" id=\"https:\/\/hijasdejesus.org\/martes-santo-2026\/\">ter\u00e7a-feira<\/a>, reconhecermos o chamado para <strong>reconstruir os la\u00e7os<\/strong> na <a href=\"https:\/\/hijasdejesus.org\/pt-br\/quarta-feira-santa-quando-o-amor-esta-a-venda\/\" type=\"link\" id=\"https:\/\/hijasdejesus.org\/miercoles-santo-2026\/\">quarta-feira<\/a>, descobrirmos na <a href=\"https:\/\/hijasdejesus.org\/pt-br\/quinta-feira-santa-o-cuidado-se-torna-servico\/\" type=\"link\" id=\"https:\/\/hijasdejesus.org\/jueves-santo-2026\/\">quinta-feira <\/a>que <strong>amar \u00e9 servir<\/strong> e <a href=\"https:\/\/hijasdejesus.org\/pt-br\/sexta-feira-santa-deus-se-importa-ate-mesmo-com-a-dor\/\" type=\"link\" id=\"https:\/\/hijasdejesus.org\/?p=53361\">ontem<\/a> ficarmos <strong>ao lado da cruz,<\/strong> hoje o caminho nos leva ao sil\u00eancio. <\/p>\n\n<p>O sil\u00eancio da tumba n\u00e3o \u00e9 o fim. \u00c9 tamb\u00e9m o tempo de Deus. Mesmo quando tudo parece ter parado, mesmo quando as trevas parecem ter vencido, Deus ainda est\u00e1 trabalhando, mesmo quando n\u00e3o o vemos, mesmo quando tudo parece ter acabado.  <\/p>\n\n<p>Este dia nos convida a <strong>valorizar a esperan\u00e7a<\/strong>. Para mant\u00ea-la na f\u00e9, para proteg\u00ea-la em meio \u00e0 incerteza, para confiar que a vida tem a \u00faltima palavra. <\/p>\n\n<p>Acreditamos que o Esp\u00edrito continua a trabalhar na hist\u00f3ria (GCXIX), no que est\u00e1 oculto, no que \u00e9 pequeno, no que ainda n\u00e3o est\u00e1 totalmente manifestado.<\/p>\n\n<p>Portanto, hoje perguntamos:<br\/><strong>Que esperan\u00e7a voc\u00ea precisa cultivar em minha vida e no mundo?<\/strong><\/p>\n\n<p>Talvez o gesto seja simples e significativo: acender uma vela e, em sua luz, confiar a Deus toda a humanidade, com suas feridas e seus anseios.<\/p>\n\n<p>E, a partir da\u00ed, oramos: <strong>Senhor, sustenta nossa esperan\u00e7a.<\/strong><\/p>\n\n<p><\/p>\n\n<figure class=\"wp-block-embed is-type-video is-provider-youtube wp-block-embed-youtube wp-embed-aspect-9-16 wp-has-aspect-ratio\"><div class=\"wp-block-embed__wrapper\">\n<iframe loading=\"lazy\" title=\"S\u00e1bado Santo | Cuidar la esperanza\" width=\"563\" height=\"1000\" src=\"https:\/\/www.youtube.com\/embed\/4VjMQrfqqGE?feature=oembed\"  allow=\"accelerometer; autoplay; clipboard-write; encrypted-media; gyroscope; picture-in-picture; web-share\" referrerpolicy=\"strict-origin-when-cross-origin\" allowfullscreen><\/iframe>\n<\/div><\/figure>\n","protected":false},"excerpt":{"rendered":"<p>Continuamos a caminhar nesta Semana Santa. Depois de entrarmos com Jesus no Domingo de Ramos, aprendermos a amar sem c\u00e1lculos na segunda-feira, nos permitirmos ser transformados na verdade do cora\u00e7\u00e3o na ter\u00e7a-feira, reconhecermos o chamado para reconstruir os la\u00e7os na quarta-feira, descobrirmos na quinta-feira que amar \u00e9 servir e ontem ficarmos ao lado da cruz, [&hellip;]<\/p>\n","protected":false},"author":36,"featured_media":53426,"comment_status":"closed","ping_status":"closed","sticky":false,"template":"","format":"standard","meta":{"_et_pb_use_builder":"","_et_pb_old_content":"","_et_gb_content_width":"","footnotes":"","_links_to":"","_links_to_target":""},"categories":[991,469],"tags":[825],"class_list":["post-53458","post","type-post","status-publish","format-standard","has-post-thumbnail","hentry","category-liturgia-oracion-pt-br","category-noticias-pt-br","tag-semana-santa-pt-br"],"yoast_head":"<!-- This site is optimized with the Yoast SEO plugin v27.4 - https:\/\/yoast.com\/product\/yoast-seo-wordpress\/ -->\n<title>S\u00e1bado Santo: Cuidando da esperan\u00e7a - Hijas de Jes\u00fas<\/title>\n<meta name=\"description\" content=\"O caminho da Semana Santa de hoje nos leva ao sil\u00eancio. O sil\u00eancio do t\u00famulo n\u00e3o \u00e9 o fim. \u00c9 tamb\u00e9m o tempo de Deus.\" \/>\n<meta name=\"robots\" content=\"index, follow, max-snippet:-1, max-image-preview:large, max-video-preview:-1\" \/>\n<link rel=\"canonical\" href=\"https:\/\/hijasdejesus.org\/pt-br\/sabado-santo-cuidando-da-esperanca\/\" \/>\n<meta property=\"og:locale\" content=\"pt_BR\" \/>\n<meta property=\"og:type\" content=\"article\" \/>\n<meta property=\"og:title\" content=\"S\u00e1bado Santo: Cuidando da esperan\u00e7a - Hijas de Jes\u00fas\" \/>\n<meta property=\"og:description\" content=\"O caminho da Semana Santa de hoje nos leva ao sil\u00eancio. O sil\u00eancio do t\u00famulo n\u00e3o \u00e9 o fim. \u00c9 tamb\u00e9m o tempo de Deus.\" \/>\n<meta property=\"og:url\" content=\"https:\/\/hijasdejesus.org\/pt-br\/sabado-santo-cuidando-da-esperanca\/\" \/>\n<meta property=\"og:site_name\" content=\"Hijas de Jes\u00fas\" \/>\n<meta property=\"article:publisher\" content=\"https:\/\/www.facebook.com\/hijasdejesusenelmundo\/\" \/>\n<meta property=\"article:published_time\" content=\"2026-04-03T21:00:00+00:00\" \/>\n<meta property=\"article:modified_time\" content=\"2026-04-06T13:07:37+00:00\" \/>\n<meta property=\"og:image\" content=\"https:\/\/hijasdejesus.org\/wp-content\/uploads\/2026\/04\/Portadas-web-18.png\" \/>\n\t<meta property=\"og:image:width\" content=\"1748\" \/>\n\t<meta property=\"og:image:height\" content=\"1240\" \/>\n\t<meta property=\"og:image:type\" content=\"image\/png\" \/>\n<meta name=\"author\" content=\"Comunicaci\u00f3n Internacional\" \/>\n<meta name=\"twitter:card\" content=\"summary_large_image\" \/>\n<meta name=\"twitter:creator\" content=\"@hijasdjesus\" \/>\n<meta name=\"twitter:site\" content=\"@hijasdjesus\" \/>\n<meta name=\"twitter:label1\" content=\"Escrito por\" \/>\n\t<meta name=\"twitter:data1\" content=\"Comunicaci\u00f3n Internacional\" \/>\n\t<meta name=\"twitter:label2\" content=\"Est. tempo de leitura\" \/>\n\t<meta name=\"twitter:data2\" content=\"1 minuto\" \/>\n<script type=\"application\/ld+json\" class=\"yoast-schema-graph\">{\"@context\":\"https:\\\/\\\/schema.org\",\"@graph\":[{\"@type\":\"Article\",\"@id\":\"https:\\\/\\\/hijasdejesus.org\\\/pt-br\\\/sabado-santo-cuidando-da-esperanca\\\/#article\",\"isPartOf\":{\"@id\":\"https:\\\/\\\/hijasdejesus.org\\\/pt-br\\\/sabado-santo-cuidando-da-esperanca\\\/\"},\"author\":{\"name\":\"Comunicaci\u00f3n Internacional\",\"@id\":\"https:\\\/\\\/hijasdejesus.org\\\/pt-br\\\/#\\\/schema\\\/person\\\/91b9e676dca8842a983b89793a34e5b8\"},\"headline\":\"S\u00e1bado Santo: Cuidando da esperan\u00e7a\",\"datePublished\":\"2026-04-03T21:00:00+00:00\",\"dateModified\":\"2026-04-06T13:07:37+00:00\",\"mainEntityOfPage\":{\"@id\":\"https:\\\/\\\/hijasdejesus.org\\\/pt-br\\\/sabado-santo-cuidando-da-esperanca\\\/\"},\"wordCount\":231,\"publisher\":{\"@id\":\"https:\\\/\\\/hijasdejesus.org\\\/pt-br\\\/#organization\"},\"image\":{\"@id\":\"https:\\\/\\\/hijasdejesus.org\\\/pt-br\\\/sabado-santo-cuidando-da-esperanca\\\/#primaryimage\"},\"thumbnailUrl\":\"https:\\\/\\\/hijasdejesus.org\\\/wp-content\\\/uploads\\\/2026\\\/04\\\/Portadas-web-18.png\",\"keywords\":[\"Semana Santa\"],\"articleSection\":[\"Liturgia &#8211; oraci\u00f3n\",\"Not\u00edcias\"],\"inLanguage\":\"pt-BR\"},{\"@type\":\"WebPage\",\"@id\":\"https:\\\/\\\/hijasdejesus.org\\\/pt-br\\\/sabado-santo-cuidando-da-esperanca\\\/\",\"url\":\"https:\\\/\\\/hijasdejesus.org\\\/pt-br\\\/sabado-santo-cuidando-da-esperanca\\\/\",\"name\":\"S\u00e1bado Santo: Cuidando da esperan\u00e7a - Hijas de Jes\u00fas\",\"isPartOf\":{\"@id\":\"https:\\\/\\\/hijasdejesus.org\\\/pt-br\\\/#website\"},\"primaryImageOfPage\":{\"@id\":\"https:\\\/\\\/hijasdejesus.org\\\/pt-br\\\/sabado-santo-cuidando-da-esperanca\\\/#primaryimage\"},\"image\":{\"@id\":\"https:\\\/\\\/hijasdejesus.org\\\/pt-br\\\/sabado-santo-cuidando-da-esperanca\\\/#primaryimage\"},\"thumbnailUrl\":\"https:\\\/\\\/hijasdejesus.org\\\/wp-content\\\/uploads\\\/2026\\\/04\\\/Portadas-web-18.png\",\"datePublished\":\"2026-04-03T21:00:00+00:00\",\"dateModified\":\"2026-04-06T13:07:37+00:00\",\"description\":\"O caminho da Semana Santa de hoje nos leva ao sil\u00eancio. O sil\u00eancio do t\u00famulo n\u00e3o \u00e9 o fim. \u00c9 tamb\u00e9m o tempo de Deus.\",\"breadcrumb\":{\"@id\":\"https:\\\/\\\/hijasdejesus.org\\\/pt-br\\\/sabado-santo-cuidando-da-esperanca\\\/#breadcrumb\"},\"inLanguage\":\"pt-BR\",\"potentialAction\":[{\"@type\":\"ReadAction\",\"target\":[\"https:\\\/\\\/hijasdejesus.org\\\/pt-br\\\/sabado-santo-cuidando-da-esperanca\\\/\"]}]},{\"@type\":\"ImageObject\",\"inLanguage\":\"pt-BR\",\"@id\":\"https:\\\/\\\/hijasdejesus.org\\\/pt-br\\\/sabado-santo-cuidando-da-esperanca\\\/#primaryimage\",\"url\":\"https:\\\/\\\/hijasdejesus.org\\\/wp-content\\\/uploads\\\/2026\\\/04\\\/Portadas-web-18.png\",\"contentUrl\":\"https:\\\/\\\/hijasdejesus.org\\\/wp-content\\\/uploads\\\/2026\\\/04\\\/Portadas-web-18.png\",\"width\":1748,\"height\":1240},{\"@type\":\"BreadcrumbList\",\"@id\":\"https:\\\/\\\/hijasdejesus.org\\\/pt-br\\\/sabado-santo-cuidando-da-esperanca\\\/#breadcrumb\",\"itemListElement\":[{\"@type\":\"ListItem\",\"position\":1,\"name\":\"Portada\",\"item\":\"https:\\\/\\\/hijasdejesus.org\\\/pt-br\\\/\"},{\"@type\":\"ListItem\",\"position\":2,\"name\":\"S\u00e1bado Santo: Cuidando da esperan\u00e7a\"}]},{\"@type\":\"WebSite\",\"@id\":\"https:\\\/\\\/hijasdejesus.org\\\/pt-br\\\/#website\",\"url\":\"https:\\\/\\\/hijasdejesus.org\\\/pt-br\\\/\",\"name\":\"Hijas de Jes\u00fas\",\"description\":\"Despertamos a Jes\u00fas en el coraz\u00f3n, sacando lo mejor de las personas. Somos una congregaci\u00f3n religiosa ignaciana fundada por la Madre Candida\",\"publisher\":{\"@id\":\"https:\\\/\\\/hijasdejesus.org\\\/pt-br\\\/#organization\"},\"potentialAction\":[{\"@type\":\"SearchAction\",\"target\":{\"@type\":\"EntryPoint\",\"urlTemplate\":\"https:\\\/\\\/hijasdejesus.org\\\/pt-br\\\/?s={search_term_string}\"},\"query-input\":{\"@type\":\"PropertyValueSpecification\",\"valueRequired\":true,\"valueName\":\"search_term_string\"}}],\"inLanguage\":\"pt-BR\"},{\"@type\":\"Organization\",\"@id\":\"https:\\\/\\\/hijasdejesus.org\\\/pt-br\\\/#organization\",\"name\":\"Hijas de Jes\u00fas\",\"url\":\"https:\\\/\\\/hijasdejesus.org\\\/pt-br\\\/\",\"logo\":{\"@type\":\"ImageObject\",\"inLanguage\":\"pt-BR\",\"@id\":\"https:\\\/\\\/hijasdejesus.org\\\/pt-br\\\/#\\\/schema\\\/logo\\\/image\\\/\",\"url\":\"https:\\\/\\\/hijasdejesus.org\\\/wp-content\\\/uploads\\\/2023\\\/01\\\/Hijas-de-Jesus_hor-A7C957.png\",\"contentUrl\":\"https:\\\/\\\/hijasdejesus.org\\\/wp-content\\\/uploads\\\/2023\\\/01\\\/Hijas-de-Jesus_hor-A7C957.png\",\"width\":700,\"height\":360,\"caption\":\"Hijas de Jes\u00fas\"},\"image\":{\"@id\":\"https:\\\/\\\/hijasdejesus.org\\\/pt-br\\\/#\\\/schema\\\/logo\\\/image\\\/\"},\"sameAs\":[\"https:\\\/\\\/www.facebook.com\\\/hijasdejesusenelmundo\\\/\",\"https:\\\/\\\/x.com\\\/hijasdjesus\"]},{\"@type\":\"Person\",\"@id\":\"https:\\\/\\\/hijasdejesus.org\\\/pt-br\\\/#\\\/schema\\\/person\\\/91b9e676dca8842a983b89793a34e5b8\",\"name\":\"Comunicaci\u00f3n Internacional\",\"image\":{\"@type\":\"ImageObject\",\"inLanguage\":\"pt-BR\",\"@id\":\"https:\\\/\\\/secure.gravatar.com\\\/avatar\\\/dcb9b61797c934872aa9209ebf48b92edfeb0819dcdcaa77cd84879d6def414d?s=96&d=mm&r=g\",\"url\":\"https:\\\/\\\/secure.gravatar.com\\\/avatar\\\/dcb9b61797c934872aa9209ebf48b92edfeb0819dcdcaa77cd84879d6def414d?s=96&d=mm&r=g\",\"contentUrl\":\"https:\\\/\\\/secure.gravatar.com\\\/avatar\\\/dcb9b61797c934872aa9209ebf48b92edfeb0819dcdcaa77cd84879d6def414d?s=96&d=mm&r=g\",\"caption\":\"Comunicaci\u00f3n Internacional\"},\"url\":\"https:\\\/\\\/hijasdejesus.org\\\/pt-br\\\/author\\\/comunicacion-internacional\\\/\"}]}<\/script>\n<!-- \/ Yoast SEO plugin. -->","yoast_head_json":{"title":"S\u00e1bado Santo: Cuidando da esperan\u00e7a - Hijas de Jes\u00fas","description":"O caminho da Semana Santa de hoje nos leva ao sil\u00eancio. O sil\u00eancio do t\u00famulo n\u00e3o \u00e9 o fim. \u00c9 tamb\u00e9m o tempo de Deus.","robots":{"index":"index","follow":"follow","max-snippet":"max-snippet:-1","max-image-preview":"max-image-preview:large","max-video-preview":"max-video-preview:-1"},"canonical":"https:\/\/hijasdejesus.org\/pt-br\/sabado-santo-cuidando-da-esperanca\/","og_locale":"pt_BR","og_type":"article","og_title":"S\u00e1bado Santo: Cuidando da esperan\u00e7a - Hijas de Jes\u00fas","og_description":"O caminho da Semana Santa de hoje nos leva ao sil\u00eancio. O sil\u00eancio do t\u00famulo n\u00e3o \u00e9 o fim. \u00c9 tamb\u00e9m o tempo de Deus.","og_url":"https:\/\/hijasdejesus.org\/pt-br\/sabado-santo-cuidando-da-esperanca\/","og_site_name":"Hijas de Jes\u00fas","article_publisher":"https:\/\/www.facebook.com\/hijasdejesusenelmundo\/","article_published_time":"2026-04-03T21:00:00+00:00","article_modified_time":"2026-04-06T13:07:37+00:00","og_image":[{"width":1748,"height":1240,"url":"https:\/\/hijasdejesus.org\/wp-content\/uploads\/2026\/04\/Portadas-web-18.png","type":"image\/png"}],"author":"Comunicaci\u00f3n Internacional","twitter_card":"summary_large_image","twitter_creator":"@hijasdjesus","twitter_site":"@hijasdjesus","twitter_misc":{"Escrito por":"Comunicaci\u00f3n Internacional","Est. tempo de leitura":"1 minuto"},"schema":{"@context":"https:\/\/schema.org","@graph":[{"@type":"Article","@id":"https:\/\/hijasdejesus.org\/pt-br\/sabado-santo-cuidando-da-esperanca\/#article","isPartOf":{"@id":"https:\/\/hijasdejesus.org\/pt-br\/sabado-santo-cuidando-da-esperanca\/"},"author":{"name":"Comunicaci\u00f3n Internacional","@id":"https:\/\/hijasdejesus.org\/pt-br\/#\/schema\/person\/91b9e676dca8842a983b89793a34e5b8"},"headline":"S\u00e1bado Santo: Cuidando da esperan\u00e7a","datePublished":"2026-04-03T21:00:00+00:00","dateModified":"2026-04-06T13:07:37+00:00","mainEntityOfPage":{"@id":"https:\/\/hijasdejesus.org\/pt-br\/sabado-santo-cuidando-da-esperanca\/"},"wordCount":231,"publisher":{"@id":"https:\/\/hijasdejesus.org\/pt-br\/#organization"},"image":{"@id":"https:\/\/hijasdejesus.org\/pt-br\/sabado-santo-cuidando-da-esperanca\/#primaryimage"},"thumbnailUrl":"https:\/\/hijasdejesus.org\/wp-content\/uploads\/2026\/04\/Portadas-web-18.png","keywords":["Semana Santa"],"articleSection":["Liturgia &#8211; oraci\u00f3n","Not\u00edcias"],"inLanguage":"pt-BR"},{"@type":"WebPage","@id":"https:\/\/hijasdejesus.org\/pt-br\/sabado-santo-cuidando-da-esperanca\/","url":"https:\/\/hijasdejesus.org\/pt-br\/sabado-santo-cuidando-da-esperanca\/","name":"S\u00e1bado Santo: Cuidando da esperan\u00e7a - Hijas de Jes\u00fas","isPartOf":{"@id":"https:\/\/hijasdejesus.org\/pt-br\/#website"},"primaryImageOfPage":{"@id":"https:\/\/hijasdejesus.org\/pt-br\/sabado-santo-cuidando-da-esperanca\/#primaryimage"},"image":{"@id":"https:\/\/hijasdejesus.org\/pt-br\/sabado-santo-cuidando-da-esperanca\/#primaryimage"},"thumbnailUrl":"https:\/\/hijasdejesus.org\/wp-content\/uploads\/2026\/04\/Portadas-web-18.png","datePublished":"2026-04-03T21:00:00+00:00","dateModified":"2026-04-06T13:07:37+00:00","description":"O caminho da Semana Santa de hoje nos leva ao sil\u00eancio. O sil\u00eancio do t\u00famulo n\u00e3o \u00e9 o fim. \u00c9 tamb\u00e9m o tempo de Deus.","breadcrumb":{"@id":"https:\/\/hijasdejesus.org\/pt-br\/sabado-santo-cuidando-da-esperanca\/#breadcrumb"},"inLanguage":"pt-BR","potentialAction":[{"@type":"ReadAction","target":["https:\/\/hijasdejesus.org\/pt-br\/sabado-santo-cuidando-da-esperanca\/"]}]},{"@type":"ImageObject","inLanguage":"pt-BR","@id":"https:\/\/hijasdejesus.org\/pt-br\/sabado-santo-cuidando-da-esperanca\/#primaryimage","url":"https:\/\/hijasdejesus.org\/wp-content\/uploads\/2026\/04\/Portadas-web-18.png","contentUrl":"https:\/\/hijasdejesus.org\/wp-content\/uploads\/2026\/04\/Portadas-web-18.png","width":1748,"height":1240},{"@type":"BreadcrumbList","@id":"https:\/\/hijasdejesus.org\/pt-br\/sabado-santo-cuidando-da-esperanca\/#breadcrumb","itemListElement":[{"@type":"ListItem","position":1,"name":"Portada","item":"https:\/\/hijasdejesus.org\/pt-br\/"},{"@type":"ListItem","position":2,"name":"S\u00e1bado Santo: Cuidando da esperan\u00e7a"}]},{"@type":"WebSite","@id":"https:\/\/hijasdejesus.org\/pt-br\/#website","url":"https:\/\/hijasdejesus.org\/pt-br\/","name":"Hijas de Jes\u00fas","description":"Despertamos a Jes\u00fas en el coraz\u00f3n, sacando lo mejor de las personas. Somos una congregaci\u00f3n religiosa ignaciana fundada por la Madre Candida","publisher":{"@id":"https:\/\/hijasdejesus.org\/pt-br\/#organization"},"potentialAction":[{"@type":"SearchAction","target":{"@type":"EntryPoint","urlTemplate":"https:\/\/hijasdejesus.org\/pt-br\/?s={search_term_string}"},"query-input":{"@type":"PropertyValueSpecification","valueRequired":true,"valueName":"search_term_string"}}],"inLanguage":"pt-BR"},{"@type":"Organization","@id":"https:\/\/hijasdejesus.org\/pt-br\/#organization","name":"Hijas de Jes\u00fas","url":"https:\/\/hijasdejesus.org\/pt-br\/","logo":{"@type":"ImageObject","inLanguage":"pt-BR","@id":"https:\/\/hijasdejesus.org\/pt-br\/#\/schema\/logo\/image\/","url":"https:\/\/hijasdejesus.org\/wp-content\/uploads\/2023\/01\/Hijas-de-Jesus_hor-A7C957.png","contentUrl":"https:\/\/hijasdejesus.org\/wp-content\/uploads\/2023\/01\/Hijas-de-Jesus_hor-A7C957.png","width":700,"height":360,"caption":"Hijas de Jes\u00fas"},"image":{"@id":"https:\/\/hijasdejesus.org\/pt-br\/#\/schema\/logo\/image\/"},"sameAs":["https:\/\/www.facebook.com\/hijasdejesusenelmundo\/","https:\/\/x.com\/hijasdjesus"]},{"@type":"Person","@id":"https:\/\/hijasdejesus.org\/pt-br\/#\/schema\/person\/91b9e676dca8842a983b89793a34e5b8","name":"Comunicaci\u00f3n Internacional","image":{"@type":"ImageObject","inLanguage":"pt-BR","@id":"https:\/\/secure.gravatar.com\/avatar\/dcb9b61797c934872aa9209ebf48b92edfeb0819dcdcaa77cd84879d6def414d?s=96&d=mm&r=g","url":"https:\/\/secure.gravatar.com\/avatar\/dcb9b61797c934872aa9209ebf48b92edfeb0819dcdcaa77cd84879d6def414d?s=96&d=mm&r=g","contentUrl":"https:\/\/secure.gravatar.com\/avatar\/dcb9b61797c934872aa9209ebf48b92edfeb0819dcdcaa77cd84879d6def414d?s=96&d=mm&r=g","caption":"Comunicaci\u00f3n Internacional"},"url":"https:\/\/hijasdejesus.org\/pt-br\/author\/comunicacion-internacional\/"}]}},"_links":{"self":[{"href":"https:\/\/hijasdejesus.org\/pt-br\/wp-json\/wp\/v2\/posts\/53458","targetHints":{"allow":["GET"]}}],"collection":[{"href":"https:\/\/hijasdejesus.org\/pt-br\/wp-json\/wp\/v2\/posts"}],"about":[{"href":"https:\/\/hijasdejesus.org\/pt-br\/wp-json\/wp\/v2\/types\/post"}],"author":[{"embeddable":true,"href":"https:\/\/hijasdejesus.org\/pt-br\/wp-json\/wp\/v2\/users\/36"}],"replies":[{"embeddable":true,"href":"https:\/\/hijasdejesus.org\/pt-br\/wp-json\/wp\/v2\/comments?post=53458"}],"version-history":[{"count":3,"href":"https:\/\/hijasdejesus.org\/pt-br\/wp-json\/wp\/v2\/posts\/53458\/revisions"}],"predecessor-version":[{"id":53463,"href":"https:\/\/hijasdejesus.org\/pt-br\/wp-json\/wp\/v2\/posts\/53458\/revisions\/53463"}],"wp:featuredmedia":[{"embeddable":true,"href":"https:\/\/hijasdejesus.org\/pt-br\/wp-json\/wp\/v2\/media\/53426"}],"wp:attachment":[{"href":"https:\/\/hijasdejesus.org\/pt-br\/wp-json\/wp\/v2\/media?parent=53458"}],"wp:term":[{"taxonomy":"category","embeddable":true,"href":"https:\/\/hijasdejesus.org\/pt-br\/wp-json\/wp\/v2\/categories?post=53458"},{"taxonomy":"post_tag","embeddable":true,"href":"https:\/\/hijasdejesus.org\/pt-br\/wp-json\/wp\/v2\/tags?post=53458"}],"curies":[{"name":"wp","href":"https:\/\/api.w.org\/{rel}","templated":true}]}}