{"id":53476,"date":"2026-04-04T23:00:00","date_gmt":"2026-04-04T21:00:00","guid":{"rendered":"https:\/\/hijasdejesus.org\/domingo-da-ressurreicao-a-vida-vence\/"},"modified":"2026-04-04T23:00:31","modified_gmt":"2026-04-04T21:00:31","slug":"domingo-da-ressurreicao-a-vida-vence","status":"publish","type":"post","link":"https:\/\/hijasdejesus.org\/pt-br\/domingo-da-ressurreicao-a-vida-vence\/","title":{"rendered":"Domingo da Ressurrei\u00e7\u00e3o &#8211; A vida vence"},"content":{"rendered":"\n<p>Caminhamos juntos nesta Semana Santa: <a href=\"https:\/\/hijasdejesus.org\/pt-br\/domingo-de-ramos-entrando-com-jesus\/\" type=\"link\" id=\"https:\/\/hijasdejesus.org\/domingo-de-ramos-2026\/\">entrando com Jesus<\/a>, <a href=\"https:\/\/hijasdejesus.org\/pt-br\/segunda-feira-de-pascoa-caring-for-free\/\" type=\"link\" id=\"https:\/\/hijasdejesus.org\/lunes-santo-2026\/\">aprendendo a amar sem c\u00e1lculos<\/a>, <a href=\"https:\/\/hijasdejesus.org\/pt-br\/terca-feira-da-semana-santa-a-verdade-do-coracao\/\" type=\"link\" id=\"https:\/\/hijasdejesus.org\/martes-santo-2026\/\">permitindo-nos ser transformados por seu olhar<\/a>,<a href=\"https:\/\/hijasdejesus.org\/pt-br\/quarta-feira-santa-quando-o-amor-esta-a-venda\/\" type=\"link\" id=\"https:\/\/hijasdejesus.org\/miercoles-santo-2026\/\"> reconstruindo la\u00e7os<\/a>,<a href=\"https:\/\/hijasdejesus.org\/pt-br\/quinta-feira-santa-o-cuidado-se-torna-servico\/\" type=\"link\" id=\"https:\/\/hijasdejesus.org\/jueves-santo-2026\/\"> servindo com humildade<\/a>, permanecendo <a href=\"https:\/\/hijasdejesus.org\/pt-br\/sexta-feira-santa-deus-se-importa-ate-mesmo-com-a-dor\/\" type=\"link\" id=\"https:\/\/hijasdejesus.org\/?p=53361\">ao lado da cruz <\/a>e <a href=\"https:\/\/hijasdejesus.org\/pt-br\/sabado-santo-cuidando-da-esperanca\/\" type=\"link\" id=\"https:\/\/hijasdejesus.org\/?p=53421\">alimentando a esperan\u00e7a <\/a>em sil\u00eancio. E hoje, finalmente,<strong> a vida irrompe com for\u00e7a.<\/strong> <\/p>\n\n<p>A pedra foi removida. A vida <strong>tem <\/strong>a \u00faltima palavra. <\/p>\n\n<p>A P\u00e1scoa n\u00e3o \u00e9 apenas um evento que celebramos, \u00e9 uma nova vida que nos \u00e9 dada e que nos envia de volta ao mundo. Onde quer que estejamos, somos chamados a <strong>cuidar da vida<\/strong>, reconhec\u00ea-la, acompanh\u00e1-la e faz\u00ea-la crescer. <\/p>\n\n<p>Porque a ressurrei\u00e7\u00e3o come\u00e7a nas pequenas coisas: em um gesto, em uma palavra, em uma presen\u00e7a que eleva e encoraja.<\/p>\n\n<p>Hoje, esse apelo ressoa bem alto: <strong>incentive a vida onde estamos (GCXIX)<\/strong><\/p>\n\n<p>E nos perguntamos:<br\/><strong>Onde posso descobrir sinais de vida nova hoje?<\/strong><\/p>\n\n<p>Talvez o gesto seja simples, mas cheio de luz: compartilhar com algu\u00e9m uma mensagem de esperan\u00e7a, ser portadores da vida que recebemos.<\/p>\n\n<p>E, a partir da\u00ed, oramos: <strong>Senhor, fa\u00e7a de n\u00f3s testemunhas de sua vida.<\/strong><\/p>\n\n<p><\/p>\n\n<figure class=\"wp-block-embed is-type-video is-provider-youtube wp-block-embed-youtube wp-embed-aspect-9-16 wp-has-aspect-ratio\"><div class=\"wp-block-embed__wrapper\">\n<iframe loading=\"lazy\" title=\"Domingo de Resurrecci\u00f3n | La vida vence\" width=\"563\" height=\"1000\" src=\"https:\/\/www.youtube.com\/embed\/tzbsMy4CYpY?feature=oembed\"  allow=\"accelerometer; autoplay; clipboard-write; encrypted-media; gyroscope; picture-in-picture; web-share\" referrerpolicy=\"strict-origin-when-cross-origin\" allowfullscreen><\/iframe>\n<\/div><\/figure>\n","protected":false},"excerpt":{"rendered":"<p>Caminhamos juntos nesta Semana Santa: entrando com Jesus, aprendendo a amar sem c\u00e1lculos, permitindo-nos ser transformados por seu olhar, reconstruindo la\u00e7os, servindo com humildade, permanecendo ao lado da cruz e alimentando a esperan\u00e7a em sil\u00eancio. E hoje, finalmente, a vida irrompe com for\u00e7a. A pedra foi removida. A vida tem a \u00faltima palavra. A P\u00e1scoa [&hellip;]<\/p>\n","protected":false},"author":36,"featured_media":53432,"comment_status":"closed","ping_status":"closed","sticky":false,"template":"","format":"standard","meta":{"_et_pb_use_builder":"","_et_pb_old_content":"","_et_gb_content_width":"","footnotes":"","_links_to":"","_links_to_target":""},"categories":[991,469],"tags":[825],"class_list":["post-53476","post","type-post","status-publish","format-standard","has-post-thumbnail","hentry","category-liturgia-oracion-pt-br","category-noticias-pt-br","tag-semana-santa-pt-br"],"yoast_head":"<!-- This site is optimized with the Yoast SEO plugin v27.4 - https:\/\/yoast.com\/product\/yoast-seo-wordpress\/ -->\n<title>Domingo da Ressurrei\u00e7\u00e3o - A vida vence - Hijas de Jes\u00fas<\/title>\n<meta name=\"description\" content=\"Caminhamos juntos nesta Semana Santa, acompanhando Jesus. Hoje, finalmente, a vida irrompe com for\u00e7a.\" \/>\n<meta name=\"robots\" content=\"index, follow, max-snippet:-1, max-image-preview:large, max-video-preview:-1\" \/>\n<link rel=\"canonical\" href=\"https:\/\/hijasdejesus.org\/pt-br\/domingo-da-ressurreicao-a-vida-vence\/\" \/>\n<meta property=\"og:locale\" content=\"pt_BR\" \/>\n<meta property=\"og:type\" content=\"article\" \/>\n<meta property=\"og:title\" content=\"Domingo da Ressurrei\u00e7\u00e3o - A vida vence - Hijas de Jes\u00fas\" \/>\n<meta property=\"og:description\" content=\"Caminhamos juntos nesta Semana Santa, acompanhando Jesus. Hoje, finalmente, a vida irrompe com for\u00e7a.\" \/>\n<meta property=\"og:url\" content=\"https:\/\/hijasdejesus.org\/pt-br\/domingo-da-ressurreicao-a-vida-vence\/\" \/>\n<meta property=\"og:site_name\" content=\"Hijas de Jes\u00fas\" \/>\n<meta property=\"article:publisher\" content=\"https:\/\/www.facebook.com\/hijasdejesusenelmundo\/\" \/>\n<meta property=\"article:published_time\" content=\"2026-04-04T21:00:00+00:00\" \/>\n<meta property=\"article:modified_time\" content=\"2026-04-04T21:00:31+00:00\" \/>\n<meta property=\"og:image\" content=\"https:\/\/hijasdejesus.org\/wp-content\/uploads\/2026\/04\/Portadas-web-19.png\" \/>\n\t<meta property=\"og:image:width\" content=\"1748\" \/>\n\t<meta property=\"og:image:height\" content=\"1240\" \/>\n\t<meta property=\"og:image:type\" content=\"image\/png\" \/>\n<meta name=\"author\" content=\"Comunicaci\u00f3n Internacional\" \/>\n<meta name=\"twitter:card\" content=\"summary_large_image\" \/>\n<meta name=\"twitter:creator\" content=\"@hijasdjesus\" \/>\n<meta name=\"twitter:site\" content=\"@hijasdjesus\" \/>\n<meta name=\"twitter:label1\" content=\"Escrito por\" \/>\n\t<meta name=\"twitter:data1\" content=\"Comunicaci\u00f3n Internacional\" \/>\n\t<meta name=\"twitter:label2\" content=\"Est. tempo de leitura\" \/>\n\t<meta name=\"twitter:data2\" content=\"1 minuto\" \/>\n<script type=\"application\/ld+json\" class=\"yoast-schema-graph\">{\"@context\":\"https:\\\/\\\/schema.org\",\"@graph\":[{\"@type\":\"Article\",\"@id\":\"https:\\\/\\\/hijasdejesus.org\\\/pt-br\\\/domingo-da-ressurreicao-a-vida-vence\\\/#article\",\"isPartOf\":{\"@id\":\"https:\\\/\\\/hijasdejesus.org\\\/pt-br\\\/domingo-da-ressurreicao-a-vida-vence\\\/\"},\"author\":{\"name\":\"Comunicaci\u00f3n Internacional\",\"@id\":\"https:\\\/\\\/hijasdejesus.org\\\/pt-br\\\/#\\\/schema\\\/person\\\/91b9e676dca8842a983b89793a34e5b8\"},\"headline\":\"Domingo da Ressurrei\u00e7\u00e3o &#8211; A vida vence\",\"datePublished\":\"2026-04-04T21:00:00+00:00\",\"dateModified\":\"2026-04-04T21:00:31+00:00\",\"mainEntityOfPage\":{\"@id\":\"https:\\\/\\\/hijasdejesus.org\\\/pt-br\\\/domingo-da-ressurreicao-a-vida-vence\\\/\"},\"wordCount\":201,\"publisher\":{\"@id\":\"https:\\\/\\\/hijasdejesus.org\\\/pt-br\\\/#organization\"},\"image\":{\"@id\":\"https:\\\/\\\/hijasdejesus.org\\\/pt-br\\\/domingo-da-ressurreicao-a-vida-vence\\\/#primaryimage\"},\"thumbnailUrl\":\"https:\\\/\\\/hijasdejesus.org\\\/wp-content\\\/uploads\\\/2026\\\/04\\\/Portadas-web-19.png\",\"keywords\":[\"Semana Santa\"],\"articleSection\":[\"Liturgia &#8211; oraci\u00f3n\",\"Not\u00edcias\"],\"inLanguage\":\"pt-BR\"},{\"@type\":\"WebPage\",\"@id\":\"https:\\\/\\\/hijasdejesus.org\\\/pt-br\\\/domingo-da-ressurreicao-a-vida-vence\\\/\",\"url\":\"https:\\\/\\\/hijasdejesus.org\\\/pt-br\\\/domingo-da-ressurreicao-a-vida-vence\\\/\",\"name\":\"Domingo da Ressurrei\u00e7\u00e3o - A vida vence - Hijas de Jes\u00fas\",\"isPartOf\":{\"@id\":\"https:\\\/\\\/hijasdejesus.org\\\/pt-br\\\/#website\"},\"primaryImageOfPage\":{\"@id\":\"https:\\\/\\\/hijasdejesus.org\\\/pt-br\\\/domingo-da-ressurreicao-a-vida-vence\\\/#primaryimage\"},\"image\":{\"@id\":\"https:\\\/\\\/hijasdejesus.org\\\/pt-br\\\/domingo-da-ressurreicao-a-vida-vence\\\/#primaryimage\"},\"thumbnailUrl\":\"https:\\\/\\\/hijasdejesus.org\\\/wp-content\\\/uploads\\\/2026\\\/04\\\/Portadas-web-19.png\",\"datePublished\":\"2026-04-04T21:00:00+00:00\",\"dateModified\":\"2026-04-04T21:00:31+00:00\",\"description\":\"Caminhamos juntos nesta Semana Santa, acompanhando Jesus. Hoje, finalmente, a vida irrompe com for\u00e7a.\",\"breadcrumb\":{\"@id\":\"https:\\\/\\\/hijasdejesus.org\\\/pt-br\\\/domingo-da-ressurreicao-a-vida-vence\\\/#breadcrumb\"},\"inLanguage\":\"pt-BR\",\"potentialAction\":[{\"@type\":\"ReadAction\",\"target\":[\"https:\\\/\\\/hijasdejesus.org\\\/pt-br\\\/domingo-da-ressurreicao-a-vida-vence\\\/\"]}]},{\"@type\":\"ImageObject\",\"inLanguage\":\"pt-BR\",\"@id\":\"https:\\\/\\\/hijasdejesus.org\\\/pt-br\\\/domingo-da-ressurreicao-a-vida-vence\\\/#primaryimage\",\"url\":\"https:\\\/\\\/hijasdejesus.org\\\/wp-content\\\/uploads\\\/2026\\\/04\\\/Portadas-web-19.png\",\"contentUrl\":\"https:\\\/\\\/hijasdejesus.org\\\/wp-content\\\/uploads\\\/2026\\\/04\\\/Portadas-web-19.png\",\"width\":1748,\"height\":1240},{\"@type\":\"BreadcrumbList\",\"@id\":\"https:\\\/\\\/hijasdejesus.org\\\/pt-br\\\/domingo-da-ressurreicao-a-vida-vence\\\/#breadcrumb\",\"itemListElement\":[{\"@type\":\"ListItem\",\"position\":1,\"name\":\"Portada\",\"item\":\"https:\\\/\\\/hijasdejesus.org\\\/pt-br\\\/\"},{\"@type\":\"ListItem\",\"position\":2,\"name\":\"Domingo da Ressurrei\u00e7\u00e3o &#8211; A vida vence\"}]},{\"@type\":\"WebSite\",\"@id\":\"https:\\\/\\\/hijasdejesus.org\\\/pt-br\\\/#website\",\"url\":\"https:\\\/\\\/hijasdejesus.org\\\/pt-br\\\/\",\"name\":\"Hijas de Jes\u00fas\",\"description\":\"Despertamos a Jes\u00fas en el coraz\u00f3n, sacando lo mejor de las personas. Somos una congregaci\u00f3n religiosa ignaciana fundada por la Madre Candida\",\"publisher\":{\"@id\":\"https:\\\/\\\/hijasdejesus.org\\\/pt-br\\\/#organization\"},\"potentialAction\":[{\"@type\":\"SearchAction\",\"target\":{\"@type\":\"EntryPoint\",\"urlTemplate\":\"https:\\\/\\\/hijasdejesus.org\\\/pt-br\\\/?s={search_term_string}\"},\"query-input\":{\"@type\":\"PropertyValueSpecification\",\"valueRequired\":true,\"valueName\":\"search_term_string\"}}],\"inLanguage\":\"pt-BR\"},{\"@type\":\"Organization\",\"@id\":\"https:\\\/\\\/hijasdejesus.org\\\/pt-br\\\/#organization\",\"name\":\"Hijas de Jes\u00fas\",\"url\":\"https:\\\/\\\/hijasdejesus.org\\\/pt-br\\\/\",\"logo\":{\"@type\":\"ImageObject\",\"inLanguage\":\"pt-BR\",\"@id\":\"https:\\\/\\\/hijasdejesus.org\\\/pt-br\\\/#\\\/schema\\\/logo\\\/image\\\/\",\"url\":\"https:\\\/\\\/hijasdejesus.org\\\/wp-content\\\/uploads\\\/2023\\\/01\\\/Hijas-de-Jesus_hor-A7C957.png\",\"contentUrl\":\"https:\\\/\\\/hijasdejesus.org\\\/wp-content\\\/uploads\\\/2023\\\/01\\\/Hijas-de-Jesus_hor-A7C957.png\",\"width\":700,\"height\":360,\"caption\":\"Hijas de Jes\u00fas\"},\"image\":{\"@id\":\"https:\\\/\\\/hijasdejesus.org\\\/pt-br\\\/#\\\/schema\\\/logo\\\/image\\\/\"},\"sameAs\":[\"https:\\\/\\\/www.facebook.com\\\/hijasdejesusenelmundo\\\/\",\"https:\\\/\\\/x.com\\\/hijasdjesus\"]},{\"@type\":\"Person\",\"@id\":\"https:\\\/\\\/hijasdejesus.org\\\/pt-br\\\/#\\\/schema\\\/person\\\/91b9e676dca8842a983b89793a34e5b8\",\"name\":\"Comunicaci\u00f3n Internacional\",\"image\":{\"@type\":\"ImageObject\",\"inLanguage\":\"pt-BR\",\"@id\":\"https:\\\/\\\/secure.gravatar.com\\\/avatar\\\/dcb9b61797c934872aa9209ebf48b92edfeb0819dcdcaa77cd84879d6def414d?s=96&d=mm&r=g\",\"url\":\"https:\\\/\\\/secure.gravatar.com\\\/avatar\\\/dcb9b61797c934872aa9209ebf48b92edfeb0819dcdcaa77cd84879d6def414d?s=96&d=mm&r=g\",\"contentUrl\":\"https:\\\/\\\/secure.gravatar.com\\\/avatar\\\/dcb9b61797c934872aa9209ebf48b92edfeb0819dcdcaa77cd84879d6def414d?s=96&d=mm&r=g\",\"caption\":\"Comunicaci\u00f3n Internacional\"},\"url\":\"https:\\\/\\\/hijasdejesus.org\\\/pt-br\\\/author\\\/comunicacion-internacional\\\/\"}]}<\/script>\n<!-- \/ Yoast SEO plugin. -->","yoast_head_json":{"title":"Domingo da Ressurrei\u00e7\u00e3o - A vida vence - Hijas de Jes\u00fas","description":"Caminhamos juntos nesta Semana Santa, acompanhando Jesus. Hoje, finalmente, a vida irrompe com for\u00e7a.","robots":{"index":"index","follow":"follow","max-snippet":"max-snippet:-1","max-image-preview":"max-image-preview:large","max-video-preview":"max-video-preview:-1"},"canonical":"https:\/\/hijasdejesus.org\/pt-br\/domingo-da-ressurreicao-a-vida-vence\/","og_locale":"pt_BR","og_type":"article","og_title":"Domingo da Ressurrei\u00e7\u00e3o - A vida vence - Hijas de Jes\u00fas","og_description":"Caminhamos juntos nesta Semana Santa, acompanhando Jesus. Hoje, finalmente, a vida irrompe com for\u00e7a.","og_url":"https:\/\/hijasdejesus.org\/pt-br\/domingo-da-ressurreicao-a-vida-vence\/","og_site_name":"Hijas de Jes\u00fas","article_publisher":"https:\/\/www.facebook.com\/hijasdejesusenelmundo\/","article_published_time":"2026-04-04T21:00:00+00:00","article_modified_time":"2026-04-04T21:00:31+00:00","og_image":[{"width":1748,"height":1240,"url":"https:\/\/hijasdejesus.org\/wp-content\/uploads\/2026\/04\/Portadas-web-19.png","type":"image\/png"}],"author":"Comunicaci\u00f3n Internacional","twitter_card":"summary_large_image","twitter_creator":"@hijasdjesus","twitter_site":"@hijasdjesus","twitter_misc":{"Escrito por":"Comunicaci\u00f3n Internacional","Est. tempo de leitura":"1 minuto"},"schema":{"@context":"https:\/\/schema.org","@graph":[{"@type":"Article","@id":"https:\/\/hijasdejesus.org\/pt-br\/domingo-da-ressurreicao-a-vida-vence\/#article","isPartOf":{"@id":"https:\/\/hijasdejesus.org\/pt-br\/domingo-da-ressurreicao-a-vida-vence\/"},"author":{"name":"Comunicaci\u00f3n Internacional","@id":"https:\/\/hijasdejesus.org\/pt-br\/#\/schema\/person\/91b9e676dca8842a983b89793a34e5b8"},"headline":"Domingo da Ressurrei\u00e7\u00e3o &#8211; A vida vence","datePublished":"2026-04-04T21:00:00+00:00","dateModified":"2026-04-04T21:00:31+00:00","mainEntityOfPage":{"@id":"https:\/\/hijasdejesus.org\/pt-br\/domingo-da-ressurreicao-a-vida-vence\/"},"wordCount":201,"publisher":{"@id":"https:\/\/hijasdejesus.org\/pt-br\/#organization"},"image":{"@id":"https:\/\/hijasdejesus.org\/pt-br\/domingo-da-ressurreicao-a-vida-vence\/#primaryimage"},"thumbnailUrl":"https:\/\/hijasdejesus.org\/wp-content\/uploads\/2026\/04\/Portadas-web-19.png","keywords":["Semana Santa"],"articleSection":["Liturgia &#8211; oraci\u00f3n","Not\u00edcias"],"inLanguage":"pt-BR"},{"@type":"WebPage","@id":"https:\/\/hijasdejesus.org\/pt-br\/domingo-da-ressurreicao-a-vida-vence\/","url":"https:\/\/hijasdejesus.org\/pt-br\/domingo-da-ressurreicao-a-vida-vence\/","name":"Domingo da Ressurrei\u00e7\u00e3o - A vida vence - Hijas de Jes\u00fas","isPartOf":{"@id":"https:\/\/hijasdejesus.org\/pt-br\/#website"},"primaryImageOfPage":{"@id":"https:\/\/hijasdejesus.org\/pt-br\/domingo-da-ressurreicao-a-vida-vence\/#primaryimage"},"image":{"@id":"https:\/\/hijasdejesus.org\/pt-br\/domingo-da-ressurreicao-a-vida-vence\/#primaryimage"},"thumbnailUrl":"https:\/\/hijasdejesus.org\/wp-content\/uploads\/2026\/04\/Portadas-web-19.png","datePublished":"2026-04-04T21:00:00+00:00","dateModified":"2026-04-04T21:00:31+00:00","description":"Caminhamos juntos nesta Semana Santa, acompanhando Jesus. Hoje, finalmente, a vida irrompe com for\u00e7a.","breadcrumb":{"@id":"https:\/\/hijasdejesus.org\/pt-br\/domingo-da-ressurreicao-a-vida-vence\/#breadcrumb"},"inLanguage":"pt-BR","potentialAction":[{"@type":"ReadAction","target":["https:\/\/hijasdejesus.org\/pt-br\/domingo-da-ressurreicao-a-vida-vence\/"]}]},{"@type":"ImageObject","inLanguage":"pt-BR","@id":"https:\/\/hijasdejesus.org\/pt-br\/domingo-da-ressurreicao-a-vida-vence\/#primaryimage","url":"https:\/\/hijasdejesus.org\/wp-content\/uploads\/2026\/04\/Portadas-web-19.png","contentUrl":"https:\/\/hijasdejesus.org\/wp-content\/uploads\/2026\/04\/Portadas-web-19.png","width":1748,"height":1240},{"@type":"BreadcrumbList","@id":"https:\/\/hijasdejesus.org\/pt-br\/domingo-da-ressurreicao-a-vida-vence\/#breadcrumb","itemListElement":[{"@type":"ListItem","position":1,"name":"Portada","item":"https:\/\/hijasdejesus.org\/pt-br\/"},{"@type":"ListItem","position":2,"name":"Domingo da Ressurrei\u00e7\u00e3o &#8211; A vida vence"}]},{"@type":"WebSite","@id":"https:\/\/hijasdejesus.org\/pt-br\/#website","url":"https:\/\/hijasdejesus.org\/pt-br\/","name":"Hijas de Jes\u00fas","description":"Despertamos a Jes\u00fas en el coraz\u00f3n, sacando lo mejor de las personas. Somos una congregaci\u00f3n religiosa ignaciana fundada por la Madre Candida","publisher":{"@id":"https:\/\/hijasdejesus.org\/pt-br\/#organization"},"potentialAction":[{"@type":"SearchAction","target":{"@type":"EntryPoint","urlTemplate":"https:\/\/hijasdejesus.org\/pt-br\/?s={search_term_string}"},"query-input":{"@type":"PropertyValueSpecification","valueRequired":true,"valueName":"search_term_string"}}],"inLanguage":"pt-BR"},{"@type":"Organization","@id":"https:\/\/hijasdejesus.org\/pt-br\/#organization","name":"Hijas de Jes\u00fas","url":"https:\/\/hijasdejesus.org\/pt-br\/","logo":{"@type":"ImageObject","inLanguage":"pt-BR","@id":"https:\/\/hijasdejesus.org\/pt-br\/#\/schema\/logo\/image\/","url":"https:\/\/hijasdejesus.org\/wp-content\/uploads\/2023\/01\/Hijas-de-Jesus_hor-A7C957.png","contentUrl":"https:\/\/hijasdejesus.org\/wp-content\/uploads\/2023\/01\/Hijas-de-Jesus_hor-A7C957.png","width":700,"height":360,"caption":"Hijas de Jes\u00fas"},"image":{"@id":"https:\/\/hijasdejesus.org\/pt-br\/#\/schema\/logo\/image\/"},"sameAs":["https:\/\/www.facebook.com\/hijasdejesusenelmundo\/","https:\/\/x.com\/hijasdjesus"]},{"@type":"Person","@id":"https:\/\/hijasdejesus.org\/pt-br\/#\/schema\/person\/91b9e676dca8842a983b89793a34e5b8","name":"Comunicaci\u00f3n Internacional","image":{"@type":"ImageObject","inLanguage":"pt-BR","@id":"https:\/\/secure.gravatar.com\/avatar\/dcb9b61797c934872aa9209ebf48b92edfeb0819dcdcaa77cd84879d6def414d?s=96&d=mm&r=g","url":"https:\/\/secure.gravatar.com\/avatar\/dcb9b61797c934872aa9209ebf48b92edfeb0819dcdcaa77cd84879d6def414d?s=96&d=mm&r=g","contentUrl":"https:\/\/secure.gravatar.com\/avatar\/dcb9b61797c934872aa9209ebf48b92edfeb0819dcdcaa77cd84879d6def414d?s=96&d=mm&r=g","caption":"Comunicaci\u00f3n Internacional"},"url":"https:\/\/hijasdejesus.org\/pt-br\/author\/comunicacion-internacional\/"}]}},"_links":{"self":[{"href":"https:\/\/hijasdejesus.org\/pt-br\/wp-json\/wp\/v2\/posts\/53476","targetHints":{"allow":["GET"]}}],"collection":[{"href":"https:\/\/hijasdejesus.org\/pt-br\/wp-json\/wp\/v2\/posts"}],"about":[{"href":"https:\/\/hijasdejesus.org\/pt-br\/wp-json\/wp\/v2\/types\/post"}],"author":[{"embeddable":true,"href":"https:\/\/hijasdejesus.org\/pt-br\/wp-json\/wp\/v2\/users\/36"}],"replies":[{"embeddable":true,"href":"https:\/\/hijasdejesus.org\/pt-br\/wp-json\/wp\/v2\/comments?post=53476"}],"version-history":[{"count":3,"href":"https:\/\/hijasdejesus.org\/pt-br\/wp-json\/wp\/v2\/posts\/53476\/revisions"}],"predecessor-version":[{"id":53481,"href":"https:\/\/hijasdejesus.org\/pt-br\/wp-json\/wp\/v2\/posts\/53476\/revisions\/53481"}],"wp:featuredmedia":[{"embeddable":true,"href":"https:\/\/hijasdejesus.org\/pt-br\/wp-json\/wp\/v2\/media\/53432"}],"wp:attachment":[{"href":"https:\/\/hijasdejesus.org\/pt-br\/wp-json\/wp\/v2\/media?parent=53476"}],"wp:term":[{"taxonomy":"category","embeddable":true,"href":"https:\/\/hijasdejesus.org\/pt-br\/wp-json\/wp\/v2\/categories?post=53476"},{"taxonomy":"post_tag","embeddable":true,"href":"https:\/\/hijasdejesus.org\/pt-br\/wp-json\/wp\/v2\/tags?post=53476"}],"curies":[{"name":"wp","href":"https:\/\/api.w.org\/{rel}","templated":true}]}}