{"id":53484,"date":"2026-04-05T01:00:54","date_gmt":"2026-04-04T23:00:54","guid":{"rendered":"https:\/\/hijasdejesus.org\/paz-o-dom-da-ressurreicao\/"},"modified":"2026-04-10T16:22:44","modified_gmt":"2026-04-10T14:22:44","slug":"paz-o-dom-da-ressurreicao","status":"publish","type":"post","link":"https:\/\/hijasdejesus.org\/pt-br\/paz-o-dom-da-ressurreicao\/","title":{"rendered":"Paz: o dom da ressurrei\u00e7\u00e3o"},"content":{"rendered":"\n<h2 class=\"wp-block-heading\"><strong>Ele realmente ressuscitou!<\/strong><\/h2>\n\n<p>O Evangelho nos coloca com Maria Madalena, caminhando para o sepulcro &#8220;enquanto ainda estava escuro&#8221;. Maria representa aqueles de n\u00f3s que continuam a buscar a vida mesmo nas sombras; que nunca deixam de amar e servir, mesmo quando nossos cora\u00e7\u00f5es est\u00e3o cansados. Ela corre para avisar os disc\u00edpulos, e Pedro e o disc\u00edpulo amado tamb\u00e9m saem apressadamente. Ver, entrar, acreditar&#8230; tudo isso nos fala de algo que se move dentro de n\u00f3s, de um despertar que acontece quando a esperan\u00e7a reaparece.   <\/p>\n\n<p class=\"has-text-align-center\"><kbd><em>O que voc\u00ea viu no caminho, Maria, pela manh\u00e3?<\/em><br\/><em>Ao meu glorioso Senhor, o t\u00famulo abandonado.<\/em><br\/><em>Ele realmente ressuscitou, \u00e9 meu amor e minha esperan\u00e7a!<\/em><\/kbd><\/p>\n\n<p>Daquele momento em diante, cada apari\u00e7\u00e3o do Ressuscitado traz o mesmo presente: <strong>&#8220;A paz esteja com voc\u00ea&#8221;<\/strong>. N\u00e3o se trata de uma sauda\u00e7\u00e3o qualquer, mas de um profundo consolo. Sua vinda \u00e9 uma presen\u00e7a que transforma, que acalma o medo, que restaura os la\u00e7os rompidos, que coloca as pessoas de p\u00e9 novamente. Jesus n\u00e3o <em>diz<\/em> apenas paz: ele a gera ao seu redor. <strong>Sua presen\u00e7a \u00e9 paz.<\/strong>   <\/p>\n\n<p>E nosso mundo, h\u00e1 muito tempo t\u00e3o dilacerado por guerras sem sentido, precisa exatamente disso: pessoas cuja presen\u00e7a seja um espa\u00e7o seguro, que tragam paz, que unam, que curem. <strong>Ele precisa de comunidades que tornem vis\u00edvel que a Ressurrei\u00e7\u00e3o n\u00e3o \u00e9 apenas um evento do passado,<\/strong> mas uma experi\u00eancia real e presente, uma for\u00e7a que continua a nos impulsionar a fazer de nossa f\u00e9 uma a\u00e7\u00e3o concreta.<\/p>\n\n<p>Como Filhas de Jesus, como uma fam\u00edlia que compartilha um carisma em que a filia\u00e7\u00e3o \u00e9 o fio com o qual tecemos nossa maneira de estar no mundo, a P\u00e1scoa nos convida a nos perguntarmos verdadeiramente:<\/p>\n\n<ul class=\"wp-block-list\">\n<li>Que tipo de presen\u00e7a estou oferecendo ao mundo?<\/li>\n\n\n\n<li>Minha maneira de ser gera paz, confian\u00e7a e reconcilia\u00e7\u00e3o?<\/li>\n\n\n\n<li>Que relacionamentos, espa\u00e7os ou decis\u00f5es precisam que eu seja um portador da paz hoje?<\/li>\n<\/ul>\n\n<p>A P\u00e1scoa nos convida a sermos pessoas cuja presen\u00e7a \u00e9 um lar, uma rede de cuidados e al\u00edvio. Mulheres que, como Maria Madalena, correm para proclamar a Vida; <strong>e, como o Ressuscitado, entram nas casas, nas feridas, nas hist\u00f3rias&#8230; e deixam a paz.<\/strong> <\/p>\n\n<p class=\"has-text-align-center\"><kbd>N\u00e3o tenha medo.<br\/>A vida venceu.<br\/>A paz \u00e9 poss\u00edvel.<br\/>E voc\u00ea pode ser o sinal dela.<\/kbd><\/p>\n\n<p>Que o Senhor Ressuscitado nos conceda a gra\u00e7a de sermos uma presen\u00e7a luminosa, um povo de paz, que une e eleva, que, onde quer que esteja, torna cr\u00edvel que Jesus vive.<\/p>\n\n<p><strong>Feliz P\u00e1scoa.<\/strong><br\/><strong>Que a paz esteja com voc\u00ea.<\/strong><\/p>\n\n<p><strong><em>Governo Geral das Filhas de Jesus<\/em><\/strong><\/p>\n","protected":false},"excerpt":{"rendered":"<p>Ele realmente ressuscitou! O Evangelho nos coloca com Maria Madalena, caminhando para o sepulcro &#8220;enquanto ainda estava escuro&#8221;. Maria representa aqueles de n\u00f3s que continuam a buscar a vida mesmo nas sombras; que nunca deixam de amar e servir, mesmo quando nossos cora\u00e7\u00f5es est\u00e3o cansados. Ela corre para avisar os disc\u00edpulos, e Pedro e o [&hellip;]<\/p>\n","protected":false},"author":36,"featured_media":53472,"comment_status":"closed","ping_status":"closed","sticky":false,"template":"","format":"standard","meta":{"_et_pb_use_builder":"","_et_pb_old_content":"","_et_gb_content_width":"","footnotes":"","_links_to":"","_links_to_target":""},"categories":[527,529,991,469],"tags":[852],"class_list":["post-53484","post","type-post","status-publish","format-standard","has-post-thumbnail","hentry","category-governo_geral","category-hijas-de-jesus-pt-br","category-liturgia-oracion-pt-br","category-noticias-pt-br","tag-pascoa"],"yoast_head":"<!-- This site is optimized with the Yoast SEO plugin v27.4 - https:\/\/yoast.com\/product\/yoast-seo-wordpress\/ -->\n<title>Paz: o dom da ressurrei\u00e7\u00e3o - Hijas de Jes\u00fas<\/title>\n<meta name=\"description\" content=\"Em sua mensagem de P\u00e1scoa, o Governo Geral das Filhas de Jesus nos convida a refletir sobre a paz trazida pelo Ressuscitado.\" \/>\n<meta name=\"robots\" content=\"index, follow, max-snippet:-1, max-image-preview:large, max-video-preview:-1\" \/>\n<link rel=\"canonical\" href=\"https:\/\/hijasdejesus.org\/pt-br\/paz-o-dom-da-ressurreicao\/\" \/>\n<meta property=\"og:locale\" content=\"pt_BR\" \/>\n<meta property=\"og:type\" content=\"article\" \/>\n<meta property=\"og:title\" content=\"Paz: o dom da ressurrei\u00e7\u00e3o - Hijas de Jes\u00fas\" \/>\n<meta property=\"og:description\" content=\"Em sua mensagem de P\u00e1scoa, o Governo Geral das Filhas de Jesus nos convida a refletir sobre a paz trazida pelo Ressuscitado.\" \/>\n<meta property=\"og:url\" content=\"https:\/\/hijasdejesus.org\/pt-br\/paz-o-dom-da-ressurreicao\/\" \/>\n<meta property=\"og:site_name\" content=\"Hijas de Jes\u00fas\" \/>\n<meta property=\"article:publisher\" content=\"https:\/\/www.facebook.com\/hijasdejesusenelmundo\/\" \/>\n<meta property=\"article:published_time\" content=\"2026-04-04T23:00:54+00:00\" \/>\n<meta property=\"article:modified_time\" content=\"2026-04-10T14:22:44+00:00\" \/>\n<meta property=\"og:image\" content=\"https:\/\/hijasdejesus.org\/wp-content\/uploads\/2026\/04\/Portadas-web-20-1024x726.png\" \/>\n\t<meta property=\"og:image:width\" content=\"1024\" \/>\n\t<meta property=\"og:image:height\" content=\"726\" \/>\n\t<meta property=\"og:image:type\" content=\"image\/png\" \/>\n<meta name=\"author\" content=\"Comunicaci\u00f3n Internacional\" \/>\n<meta name=\"twitter:card\" content=\"summary_large_image\" \/>\n<meta name=\"twitter:creator\" content=\"@hijasdjesus\" \/>\n<meta name=\"twitter:site\" content=\"@hijasdjesus\" \/>\n<meta name=\"twitter:label1\" content=\"Escrito por\" \/>\n\t<meta name=\"twitter:data1\" content=\"Comunicaci\u00f3n Internacional\" \/>\n\t<meta name=\"twitter:label2\" content=\"Est. tempo de leitura\" \/>\n\t<meta name=\"twitter:data2\" content=\"2 minutos\" \/>\n<script type=\"application\/ld+json\" class=\"yoast-schema-graph\">{\"@context\":\"https:\\\/\\\/schema.org\",\"@graph\":[{\"@type\":\"Article\",\"@id\":\"https:\\\/\\\/hijasdejesus.org\\\/pt-br\\\/paz-o-dom-da-ressurreicao\\\/#article\",\"isPartOf\":{\"@id\":\"https:\\\/\\\/hijasdejesus.org\\\/pt-br\\\/paz-o-dom-da-ressurreicao\\\/\"},\"author\":{\"name\":\"Comunicaci\u00f3n Internacional\",\"@id\":\"https:\\\/\\\/hijasdejesus.org\\\/pt-br\\\/#\\\/schema\\\/person\\\/91b9e676dca8842a983b89793a34e5b8\"},\"headline\":\"Paz: o dom da ressurrei\u00e7\u00e3o\",\"datePublished\":\"2026-04-04T23:00:54+00:00\",\"dateModified\":\"2026-04-10T14:22:44+00:00\",\"mainEntityOfPage\":{\"@id\":\"https:\\\/\\\/hijasdejesus.org\\\/pt-br\\\/paz-o-dom-da-ressurreicao\\\/\"},\"wordCount\":458,\"publisher\":{\"@id\":\"https:\\\/\\\/hijasdejesus.org\\\/pt-br\\\/#organization\"},\"image\":{\"@id\":\"https:\\\/\\\/hijasdejesus.org\\\/pt-br\\\/paz-o-dom-da-ressurreicao\\\/#primaryimage\"},\"thumbnailUrl\":\"https:\\\/\\\/hijasdejesus.org\\\/wp-content\\\/uploads\\\/2026\\\/04\\\/Portadas-web-20.png\",\"keywords\":[\"P\u00e1scoa\"],\"articleSection\":[\"Governo geral\",\"Hijas de Jes\u00fas\",\"Liturgia &#8211; oraci\u00f3n\",\"Not\u00edcias\"],\"inLanguage\":\"pt-BR\"},{\"@type\":\"WebPage\",\"@id\":\"https:\\\/\\\/hijasdejesus.org\\\/pt-br\\\/paz-o-dom-da-ressurreicao\\\/\",\"url\":\"https:\\\/\\\/hijasdejesus.org\\\/pt-br\\\/paz-o-dom-da-ressurreicao\\\/\",\"name\":\"Paz: o dom da ressurrei\u00e7\u00e3o - Hijas de Jes\u00fas\",\"isPartOf\":{\"@id\":\"https:\\\/\\\/hijasdejesus.org\\\/pt-br\\\/#website\"},\"primaryImageOfPage\":{\"@id\":\"https:\\\/\\\/hijasdejesus.org\\\/pt-br\\\/paz-o-dom-da-ressurreicao\\\/#primaryimage\"},\"image\":{\"@id\":\"https:\\\/\\\/hijasdejesus.org\\\/pt-br\\\/paz-o-dom-da-ressurreicao\\\/#primaryimage\"},\"thumbnailUrl\":\"https:\\\/\\\/hijasdejesus.org\\\/wp-content\\\/uploads\\\/2026\\\/04\\\/Portadas-web-20.png\",\"datePublished\":\"2026-04-04T23:00:54+00:00\",\"dateModified\":\"2026-04-10T14:22:44+00:00\",\"description\":\"Em sua mensagem de P\u00e1scoa, o Governo Geral das Filhas de Jesus nos convida a refletir sobre a paz trazida pelo Ressuscitado.\",\"breadcrumb\":{\"@id\":\"https:\\\/\\\/hijasdejesus.org\\\/pt-br\\\/paz-o-dom-da-ressurreicao\\\/#breadcrumb\"},\"inLanguage\":\"pt-BR\",\"potentialAction\":[{\"@type\":\"ReadAction\",\"target\":[\"https:\\\/\\\/hijasdejesus.org\\\/pt-br\\\/paz-o-dom-da-ressurreicao\\\/\"]}]},{\"@type\":\"ImageObject\",\"inLanguage\":\"pt-BR\",\"@id\":\"https:\\\/\\\/hijasdejesus.org\\\/pt-br\\\/paz-o-dom-da-ressurreicao\\\/#primaryimage\",\"url\":\"https:\\\/\\\/hijasdejesus.org\\\/wp-content\\\/uploads\\\/2026\\\/04\\\/Portadas-web-20.png\",\"contentUrl\":\"https:\\\/\\\/hijasdejesus.org\\\/wp-content\\\/uploads\\\/2026\\\/04\\\/Portadas-web-20.png\",\"width\":1748,\"height\":1240},{\"@type\":\"BreadcrumbList\",\"@id\":\"https:\\\/\\\/hijasdejesus.org\\\/pt-br\\\/paz-o-dom-da-ressurreicao\\\/#breadcrumb\",\"itemListElement\":[{\"@type\":\"ListItem\",\"position\":1,\"name\":\"Portada\",\"item\":\"https:\\\/\\\/hijasdejesus.org\\\/pt-br\\\/\"},{\"@type\":\"ListItem\",\"position\":2,\"name\":\"Paz: o dom da ressurrei\u00e7\u00e3o\"}]},{\"@type\":\"WebSite\",\"@id\":\"https:\\\/\\\/hijasdejesus.org\\\/pt-br\\\/#website\",\"url\":\"https:\\\/\\\/hijasdejesus.org\\\/pt-br\\\/\",\"name\":\"Hijas de Jes\u00fas\",\"description\":\"Despertamos a Jes\u00fas en el coraz\u00f3n, sacando lo mejor de las personas. Somos una congregaci\u00f3n religiosa ignaciana fundada por la Madre Candida\",\"publisher\":{\"@id\":\"https:\\\/\\\/hijasdejesus.org\\\/pt-br\\\/#organization\"},\"potentialAction\":[{\"@type\":\"SearchAction\",\"target\":{\"@type\":\"EntryPoint\",\"urlTemplate\":\"https:\\\/\\\/hijasdejesus.org\\\/pt-br\\\/?s={search_term_string}\"},\"query-input\":{\"@type\":\"PropertyValueSpecification\",\"valueRequired\":true,\"valueName\":\"search_term_string\"}}],\"inLanguage\":\"pt-BR\"},{\"@type\":\"Organization\",\"@id\":\"https:\\\/\\\/hijasdejesus.org\\\/pt-br\\\/#organization\",\"name\":\"Hijas de Jes\u00fas\",\"url\":\"https:\\\/\\\/hijasdejesus.org\\\/pt-br\\\/\",\"logo\":{\"@type\":\"ImageObject\",\"inLanguage\":\"pt-BR\",\"@id\":\"https:\\\/\\\/hijasdejesus.org\\\/pt-br\\\/#\\\/schema\\\/logo\\\/image\\\/\",\"url\":\"https:\\\/\\\/hijasdejesus.org\\\/wp-content\\\/uploads\\\/2023\\\/01\\\/Hijas-de-Jesus_hor-A7C957.png\",\"contentUrl\":\"https:\\\/\\\/hijasdejesus.org\\\/wp-content\\\/uploads\\\/2023\\\/01\\\/Hijas-de-Jesus_hor-A7C957.png\",\"width\":700,\"height\":360,\"caption\":\"Hijas de Jes\u00fas\"},\"image\":{\"@id\":\"https:\\\/\\\/hijasdejesus.org\\\/pt-br\\\/#\\\/schema\\\/logo\\\/image\\\/\"},\"sameAs\":[\"https:\\\/\\\/www.facebook.com\\\/hijasdejesusenelmundo\\\/\",\"https:\\\/\\\/x.com\\\/hijasdjesus\"]},{\"@type\":\"Person\",\"@id\":\"https:\\\/\\\/hijasdejesus.org\\\/pt-br\\\/#\\\/schema\\\/person\\\/91b9e676dca8842a983b89793a34e5b8\",\"name\":\"Comunicaci\u00f3n Internacional\",\"image\":{\"@type\":\"ImageObject\",\"inLanguage\":\"pt-BR\",\"@id\":\"https:\\\/\\\/secure.gravatar.com\\\/avatar\\\/dcb9b61797c934872aa9209ebf48b92edfeb0819dcdcaa77cd84879d6def414d?s=96&d=mm&r=g\",\"url\":\"https:\\\/\\\/secure.gravatar.com\\\/avatar\\\/dcb9b61797c934872aa9209ebf48b92edfeb0819dcdcaa77cd84879d6def414d?s=96&d=mm&r=g\",\"contentUrl\":\"https:\\\/\\\/secure.gravatar.com\\\/avatar\\\/dcb9b61797c934872aa9209ebf48b92edfeb0819dcdcaa77cd84879d6def414d?s=96&d=mm&r=g\",\"caption\":\"Comunicaci\u00f3n Internacional\"},\"url\":\"https:\\\/\\\/hijasdejesus.org\\\/pt-br\\\/author\\\/comunicacion-internacional\\\/\"}]}<\/script>\n<!-- \/ Yoast SEO plugin. -->","yoast_head_json":{"title":"Paz: o dom da ressurrei\u00e7\u00e3o - Hijas de Jes\u00fas","description":"Em sua mensagem de P\u00e1scoa, o Governo Geral das Filhas de Jesus nos convida a refletir sobre a paz trazida pelo Ressuscitado.","robots":{"index":"index","follow":"follow","max-snippet":"max-snippet:-1","max-image-preview":"max-image-preview:large","max-video-preview":"max-video-preview:-1"},"canonical":"https:\/\/hijasdejesus.org\/pt-br\/paz-o-dom-da-ressurreicao\/","og_locale":"pt_BR","og_type":"article","og_title":"Paz: o dom da ressurrei\u00e7\u00e3o - Hijas de Jes\u00fas","og_description":"Em sua mensagem de P\u00e1scoa, o Governo Geral das Filhas de Jesus nos convida a refletir sobre a paz trazida pelo Ressuscitado.","og_url":"https:\/\/hijasdejesus.org\/pt-br\/paz-o-dom-da-ressurreicao\/","og_site_name":"Hijas de Jes\u00fas","article_publisher":"https:\/\/www.facebook.com\/hijasdejesusenelmundo\/","article_published_time":"2026-04-04T23:00:54+00:00","article_modified_time":"2026-04-10T14:22:44+00:00","og_image":[{"width":1024,"height":726,"url":"https:\/\/hijasdejesus.org\/wp-content\/uploads\/2026\/04\/Portadas-web-20-1024x726.png","type":"image\/png"}],"author":"Comunicaci\u00f3n Internacional","twitter_card":"summary_large_image","twitter_creator":"@hijasdjesus","twitter_site":"@hijasdjesus","twitter_misc":{"Escrito por":"Comunicaci\u00f3n Internacional","Est. tempo de leitura":"2 minutos"},"schema":{"@context":"https:\/\/schema.org","@graph":[{"@type":"Article","@id":"https:\/\/hijasdejesus.org\/pt-br\/paz-o-dom-da-ressurreicao\/#article","isPartOf":{"@id":"https:\/\/hijasdejesus.org\/pt-br\/paz-o-dom-da-ressurreicao\/"},"author":{"name":"Comunicaci\u00f3n Internacional","@id":"https:\/\/hijasdejesus.org\/pt-br\/#\/schema\/person\/91b9e676dca8842a983b89793a34e5b8"},"headline":"Paz: o dom da ressurrei\u00e7\u00e3o","datePublished":"2026-04-04T23:00:54+00:00","dateModified":"2026-04-10T14:22:44+00:00","mainEntityOfPage":{"@id":"https:\/\/hijasdejesus.org\/pt-br\/paz-o-dom-da-ressurreicao\/"},"wordCount":458,"publisher":{"@id":"https:\/\/hijasdejesus.org\/pt-br\/#organization"},"image":{"@id":"https:\/\/hijasdejesus.org\/pt-br\/paz-o-dom-da-ressurreicao\/#primaryimage"},"thumbnailUrl":"https:\/\/hijasdejesus.org\/wp-content\/uploads\/2026\/04\/Portadas-web-20.png","keywords":["P\u00e1scoa"],"articleSection":["Governo geral","Hijas de Jes\u00fas","Liturgia &#8211; oraci\u00f3n","Not\u00edcias"],"inLanguage":"pt-BR"},{"@type":"WebPage","@id":"https:\/\/hijasdejesus.org\/pt-br\/paz-o-dom-da-ressurreicao\/","url":"https:\/\/hijasdejesus.org\/pt-br\/paz-o-dom-da-ressurreicao\/","name":"Paz: o dom da ressurrei\u00e7\u00e3o - Hijas de Jes\u00fas","isPartOf":{"@id":"https:\/\/hijasdejesus.org\/pt-br\/#website"},"primaryImageOfPage":{"@id":"https:\/\/hijasdejesus.org\/pt-br\/paz-o-dom-da-ressurreicao\/#primaryimage"},"image":{"@id":"https:\/\/hijasdejesus.org\/pt-br\/paz-o-dom-da-ressurreicao\/#primaryimage"},"thumbnailUrl":"https:\/\/hijasdejesus.org\/wp-content\/uploads\/2026\/04\/Portadas-web-20.png","datePublished":"2026-04-04T23:00:54+00:00","dateModified":"2026-04-10T14:22:44+00:00","description":"Em sua mensagem de P\u00e1scoa, o Governo Geral das Filhas de Jesus nos convida a refletir sobre a paz trazida pelo Ressuscitado.","breadcrumb":{"@id":"https:\/\/hijasdejesus.org\/pt-br\/paz-o-dom-da-ressurreicao\/#breadcrumb"},"inLanguage":"pt-BR","potentialAction":[{"@type":"ReadAction","target":["https:\/\/hijasdejesus.org\/pt-br\/paz-o-dom-da-ressurreicao\/"]}]},{"@type":"ImageObject","inLanguage":"pt-BR","@id":"https:\/\/hijasdejesus.org\/pt-br\/paz-o-dom-da-ressurreicao\/#primaryimage","url":"https:\/\/hijasdejesus.org\/wp-content\/uploads\/2026\/04\/Portadas-web-20.png","contentUrl":"https:\/\/hijasdejesus.org\/wp-content\/uploads\/2026\/04\/Portadas-web-20.png","width":1748,"height":1240},{"@type":"BreadcrumbList","@id":"https:\/\/hijasdejesus.org\/pt-br\/paz-o-dom-da-ressurreicao\/#breadcrumb","itemListElement":[{"@type":"ListItem","position":1,"name":"Portada","item":"https:\/\/hijasdejesus.org\/pt-br\/"},{"@type":"ListItem","position":2,"name":"Paz: o dom da ressurrei\u00e7\u00e3o"}]},{"@type":"WebSite","@id":"https:\/\/hijasdejesus.org\/pt-br\/#website","url":"https:\/\/hijasdejesus.org\/pt-br\/","name":"Hijas de Jes\u00fas","description":"Despertamos a Jes\u00fas en el coraz\u00f3n, sacando lo mejor de las personas. Somos una congregaci\u00f3n religiosa ignaciana fundada por la Madre Candida","publisher":{"@id":"https:\/\/hijasdejesus.org\/pt-br\/#organization"},"potentialAction":[{"@type":"SearchAction","target":{"@type":"EntryPoint","urlTemplate":"https:\/\/hijasdejesus.org\/pt-br\/?s={search_term_string}"},"query-input":{"@type":"PropertyValueSpecification","valueRequired":true,"valueName":"search_term_string"}}],"inLanguage":"pt-BR"},{"@type":"Organization","@id":"https:\/\/hijasdejesus.org\/pt-br\/#organization","name":"Hijas de Jes\u00fas","url":"https:\/\/hijasdejesus.org\/pt-br\/","logo":{"@type":"ImageObject","inLanguage":"pt-BR","@id":"https:\/\/hijasdejesus.org\/pt-br\/#\/schema\/logo\/image\/","url":"https:\/\/hijasdejesus.org\/wp-content\/uploads\/2023\/01\/Hijas-de-Jesus_hor-A7C957.png","contentUrl":"https:\/\/hijasdejesus.org\/wp-content\/uploads\/2023\/01\/Hijas-de-Jesus_hor-A7C957.png","width":700,"height":360,"caption":"Hijas de Jes\u00fas"},"image":{"@id":"https:\/\/hijasdejesus.org\/pt-br\/#\/schema\/logo\/image\/"},"sameAs":["https:\/\/www.facebook.com\/hijasdejesusenelmundo\/","https:\/\/x.com\/hijasdjesus"]},{"@type":"Person","@id":"https:\/\/hijasdejesus.org\/pt-br\/#\/schema\/person\/91b9e676dca8842a983b89793a34e5b8","name":"Comunicaci\u00f3n Internacional","image":{"@type":"ImageObject","inLanguage":"pt-BR","@id":"https:\/\/secure.gravatar.com\/avatar\/dcb9b61797c934872aa9209ebf48b92edfeb0819dcdcaa77cd84879d6def414d?s=96&d=mm&r=g","url":"https:\/\/secure.gravatar.com\/avatar\/dcb9b61797c934872aa9209ebf48b92edfeb0819dcdcaa77cd84879d6def414d?s=96&d=mm&r=g","contentUrl":"https:\/\/secure.gravatar.com\/avatar\/dcb9b61797c934872aa9209ebf48b92edfeb0819dcdcaa77cd84879d6def414d?s=96&d=mm&r=g","caption":"Comunicaci\u00f3n Internacional"},"url":"https:\/\/hijasdejesus.org\/pt-br\/author\/comunicacion-internacional\/"}]}},"_links":{"self":[{"href":"https:\/\/hijasdejesus.org\/pt-br\/wp-json\/wp\/v2\/posts\/53484","targetHints":{"allow":["GET"]}}],"collection":[{"href":"https:\/\/hijasdejesus.org\/pt-br\/wp-json\/wp\/v2\/posts"}],"about":[{"href":"https:\/\/hijasdejesus.org\/pt-br\/wp-json\/wp\/v2\/types\/post"}],"author":[{"embeddable":true,"href":"https:\/\/hijasdejesus.org\/pt-br\/wp-json\/wp\/v2\/users\/36"}],"replies":[{"embeddable":true,"href":"https:\/\/hijasdejesus.org\/pt-br\/wp-json\/wp\/v2\/comments?post=53484"}],"version-history":[{"count":3,"href":"https:\/\/hijasdejesus.org\/pt-br\/wp-json\/wp\/v2\/posts\/53484\/revisions"}],"predecessor-version":[{"id":53489,"href":"https:\/\/hijasdejesus.org\/pt-br\/wp-json\/wp\/v2\/posts\/53484\/revisions\/53489"}],"wp:featuredmedia":[{"embeddable":true,"href":"https:\/\/hijasdejesus.org\/pt-br\/wp-json\/wp\/v2\/media\/53472"}],"wp:attachment":[{"href":"https:\/\/hijasdejesus.org\/pt-br\/wp-json\/wp\/v2\/media?parent=53484"}],"wp:term":[{"taxonomy":"category","embeddable":true,"href":"https:\/\/hijasdejesus.org\/pt-br\/wp-json\/wp\/v2\/categories?post=53484"},{"taxonomy":"post_tag","embeddable":true,"href":"https:\/\/hijasdejesus.org\/pt-br\/wp-json\/wp\/v2\/tags?post=53484"}],"curies":[{"name":"wp","href":"https:\/\/api.w.org\/{rel}","templated":true}]}}