{"id":53636,"date":"2026-04-26T01:00:00","date_gmt":"2026-04-25T23:00:00","guid":{"rendered":"https:\/\/hijasdejesus.org\/dia-mundial-de-oracao-pelas-vocacoes\/"},"modified":"2026-04-26T01:00:27","modified_gmt":"2026-04-25T23:00:27","slug":"dia-mundial-de-oracao-pelas-vocacoes","status":"publish","type":"post","link":"https:\/\/hijasdejesus.org\/pt-br\/dia-mundial-de-oracao-pelas-vocacoes\/","title":{"rendered":"Dia Mundial de Ora\u00e7\u00e3o pelas Voca\u00e7\u00f5es"},"content":{"rendered":"\n<p>Neste <strong>Dia Mundial de Ora\u00e7\u00e3o pelas Voca\u00e7\u00f5es<\/strong>, as Filhas de Jesus se unem \u00e0 Igreja universal para celebrar o dom de um chamado. Como <a href=\"https:\/\/www.vatican.va\/content\/leo-xiv\/es\/messages\/vocations\/documents\/20260316-messaggio-vocazioni.html\">o Papa Le\u00e3o XIV nos lembra em sua mensagem para este ano<\/a>, a voca\u00e7\u00e3o n\u00e3o \u00e9 um projeto humano, mas um encontro transformador com o Amor que nos precede e nos lan\u00e7a na miss\u00e3o. <\/p>\n\n<p>Em suas palavras para este dia, o Papa nos lembra que a voca\u00e7\u00e3o \u00e9, acima de tudo, uma: <em>&#8220;descoberta do dom gratuito de Deus que floresce nas profundezas do cora\u00e7\u00e3o de cada um de n\u00f3s&#8221;<\/em>. E tamb\u00e9m acrescenta uma chave fundamental para entend\u00ea-la: <em>&#8220;nunca \u00e9 uma imposi\u00e7\u00e3o&#8230; mas um projeto de amor e felicidade&#8221;<\/em>. <\/p>\n\n<p>Essas palavras ressoam fortemente quando contemplamos a vida de Anto\u00f1ita, nossa jovem beata. Nela, vemos como esse dom foi aceito com simplicidade e confian\u00e7a, tornando-se uma vida totalmente doada. <\/p>\n\n<h3 class=\"wp-block-heading\"><strong>O sonho de Deus: nosso objetivo comum<\/strong><\/h3>\n\n<p>Na <strong>Determina\u00e7\u00e3o do CGXIX (N. 25)<\/strong>, somos convidadas a incentivar a pastoral vocacional. Nosso compromisso \u00e9 ajudar cada jovem a esclarecer o <strong>sonho que Deus tem para sua vida<\/strong>, com a convic\u00e7\u00e3o de que esse sonho pode ser plenamente realizado como <strong>Filha de Jesus<\/strong>. <\/p>\n\n<h3 class=\"wp-block-heading\"><strong>Sob a prote\u00e7\u00e3o de Anto\u00f1ita: companheira na estrada<\/strong><\/h3>\n\n<p>A vitalidade do nosso carisma se reflete nos rostos daqueles que disseram &#8220;sim&#8221; e est\u00e3o agora em seus <a href=\"https:\/\/hijasdejesus.org\/pt-br\/tag\/formacion-inicial-pt-br\/\" type=\"link\" id=\"https:\/\/hijasdejesus.org\/tag\/formacion-inicial\/\">primeiros est\u00e1gios na Congrega\u00e7\u00e3o<\/a>. Nessa jornada, eles n\u00e3o est\u00e3o sozinhos. Contam com a intercess\u00e3o da <strong>Bem-aventurada Mar\u00eda Antonia Bandr\u00e9s (Anto\u00f1ita)<\/strong>, padroeira das Filhas de Jesus em forma\u00e7\u00e3o inicial. <\/p>\n\n<p>Anto\u00f1ita, com sua juventude dedicada e sua profunda alegria, nos ensina que a voca\u00e7\u00e3o \u00e9 um abandono confiante nas m\u00e3os do Pai. Sua vida \u00e9 um lembrete de que a santidade \u00e9 poss\u00edvel por meio da simplicidade e do compromisso di\u00e1rio com o Reino. <\/p>\n\n<p>Hoje, 27 de abril, em sua festa de &#8220;passagem para o Pai&#8221;, colocamos nossas irm\u00e3s em forma\u00e7\u00e3o inicial sob sua prote\u00e7\u00e3o especial:<\/p>\n\n<figure class=\"wp-block-image size-large\"><img loading=\"lazy\" decoding=\"async\" width=\"1024\" height=\"726\" src=\"https:\/\/hijasdejesus.org\/wp-content\/uploads\/2026\/04\/Portadas-web-9-1024x726.png\" alt=\"\" class=\"wp-image-53620\" srcset=\"https:\/\/hijasdejesus.org\/wp-content\/uploads\/2026\/04\/Portadas-web-9-980x695.png 980w, https:\/\/hijasdejesus.org\/wp-content\/uploads\/2026\/04\/Portadas-web-9-480x341.png 480w\" sizes=\"(min-width: 0px) and (max-width: 480px) 480px, (min-width: 481px) and (max-width: 980px) 980px, (min-width: 981px) 1024px, 100vw\" \/><\/figure>\n\n<p><\/p>\n\n<h3 class=\"wp-block-heading\"><strong>Um espa\u00e7o para ora\u00e7\u00e3o<\/strong><\/h3>\n\n<p>Convidamos voc\u00ea a se juntar a n\u00f3s em ora\u00e7\u00e3o. Fa\u00e7a uma pausa, silencie seu cora\u00e7\u00e3o e pe\u00e7a ao Senhor da colheita que continue a suscitar cora\u00e7\u00f5es generosos. <\/p>\n\n<p>Gostar\u00edamos especialmente de convidar voc\u00ea a orar:<\/p>\n\n<ul class=\"wp-block-list\">\n<li>Para aqueles que est\u00e3o em processo de discernimento<\/li>\n\n\n\n<li>Para mulheres jovens em treinamento inicial<\/li>\n\n\n\n<li>Por novas voca\u00e7\u00f5es que ousem responder generosamente aos desafios do futuro.<\/li>\n<\/ul>\n\n<p><\/p>\n\n<p class=\"has-text-align-center\"><kbd>Bom Deus Pai,<br\/>que continua chamando e semeando vida no cora\u00e7\u00e3o do mundo,<br\/>desperte tamb\u00e9m hoje jovens corajosos e generosos<br\/>que queiram seguir Jesus com alegria e liberdade.<\/kbd><\/p>\n\n<p class=\"has-text-align-center\"><kbd>Fa\u00e7a nascer em muitos cora\u00e7\u00f5es<br\/>o desejo de uma vida doada, fraterna e cheia de significado;<br\/>uma vida que cuida, acompanha, traz paz e alegria<br\/>onde a esperan\u00e7a \u00e9 mais necess\u00e1ria.<\/kbd><\/p>\n\n<p class=\"has-text-align-center\"><kbd>Incentive e fortale\u00e7a as voca\u00e7\u00f5es com cora\u00e7\u00f5es simples,<br\/>capazes de ouvir sua voz em meio ao barulho,<br\/>para caminhar com os outros, amar sem medida<br\/>e servir com ousadia nas periferias do mundo.<\/kbd><\/p>\n\n<p><\/p>\n\n<p>Como Anto\u00f1ita, que saibamos viver com o cora\u00e7\u00e3o aberto, confiando plenamente em Deus e colocando nossa vida a servi\u00e7o dos outros.<\/p>\n","protected":false},"excerpt":{"rendered":"<p>Neste Dia Mundial de Ora\u00e7\u00e3o pelas Voca\u00e7\u00f5es, as Filhas de Jesus se unem \u00e0 Igreja universal para celebrar o dom de um chamado. Como o Papa Le\u00e3o XIV nos lembra em sua mensagem para este ano, a voca\u00e7\u00e3o n\u00e3o \u00e9 um projeto humano, mas um encontro transformador com o Amor que nos precede e nos [&hellip;]<\/p>\n","protected":false},"author":36,"featured_media":53616,"comment_status":"closed","ping_status":"closed","sticky":false,"template":"","format":"standard","meta":{"_et_pb_use_builder":"","_et_pb_old_content":"","_et_gb_content_width":"","footnotes":"","_links_to":"","_links_to_target":""},"categories":[696,533,537,991,704],"tags":[859,705,1012,1366],"class_list":["post-53636","post","type-post","status-publish","format-standard","has-post-thumbnail","hentry","category-destaque","category-igreja","category-juventude","category-liturgia-oracion-pt-br","category-vida-religiosa-pt-br","tag-antonita-pt-br","tag-formacion-inicial-pt-br","tag-ma-antonia-bandres-pt-br","tag-papa-leao-xiv"],"yoast_head":"<!-- This site is optimized with the Yoast SEO plugin v27.4 - https:\/\/yoast.com\/product\/yoast-seo-wordpress\/ -->\n<title>Dia Mundial de Ora\u00e7\u00e3o pelas Voca\u00e7\u00f5es - Hijas de Jes\u00fas<\/title>\n<meta name=\"description\" content=\"Neste Dia Mundial de Ora\u00e7\u00e3o pelas Voca\u00e7\u00f5es, as Filhas de Jesus se unem \u00e0 Igreja universal para celebrar o dom do chamado.\" \/>\n<meta name=\"robots\" content=\"index, follow, max-snippet:-1, max-image-preview:large, max-video-preview:-1\" \/>\n<link rel=\"canonical\" href=\"https:\/\/hijasdejesus.org\/pt-br\/dia-mundial-de-oracao-pelas-vocacoes\/\" \/>\n<meta property=\"og:locale\" content=\"pt_BR\" \/>\n<meta property=\"og:type\" content=\"article\" \/>\n<meta property=\"og:title\" content=\"Dia Mundial de Ora\u00e7\u00e3o pelas Voca\u00e7\u00f5es - Hijas de Jes\u00fas\" \/>\n<meta property=\"og:description\" content=\"Neste Dia Mundial de Ora\u00e7\u00e3o pelas Voca\u00e7\u00f5es, as Filhas de Jesus se unem \u00e0 Igreja universal para celebrar o dom do chamado.\" \/>\n<meta property=\"og:url\" content=\"https:\/\/hijasdejesus.org\/pt-br\/dia-mundial-de-oracao-pelas-vocacoes\/\" \/>\n<meta property=\"og:site_name\" content=\"Hijas de Jes\u00fas\" \/>\n<meta property=\"article:publisher\" content=\"https:\/\/www.facebook.com\/hijasdejesusenelmundo\/\" \/>\n<meta property=\"article:published_time\" content=\"2026-04-25T23:00:00+00:00\" \/>\n<meta property=\"article:modified_time\" content=\"2026-04-25T23:00:27+00:00\" \/>\n<meta property=\"og:image\" content=\"https:\/\/hijasdejesus.org\/wp-content\/uploads\/2026\/04\/Portadas-web-8-1024x726.png\" \/>\n\t<meta property=\"og:image:width\" content=\"1024\" \/>\n\t<meta property=\"og:image:height\" content=\"726\" \/>\n\t<meta property=\"og:image:type\" content=\"image\/png\" \/>\n<meta name=\"author\" content=\"Comunicaci\u00f3n Internacional\" \/>\n<meta name=\"twitter:card\" content=\"summary_large_image\" \/>\n<meta name=\"twitter:creator\" content=\"@hijasdjesus\" \/>\n<meta name=\"twitter:site\" content=\"@hijasdjesus\" \/>\n<meta name=\"twitter:label1\" content=\"Escrito por\" \/>\n\t<meta name=\"twitter:data1\" content=\"Comunicaci\u00f3n Internacional\" \/>\n\t<meta name=\"twitter:label2\" content=\"Est. tempo de leitura\" \/>\n\t<meta name=\"twitter:data2\" content=\"3 minutos\" \/>\n<script type=\"application\/ld+json\" class=\"yoast-schema-graph\">{\"@context\":\"https:\\\/\\\/schema.org\",\"@graph\":[{\"@type\":\"Article\",\"@id\":\"https:\\\/\\\/hijasdejesus.org\\\/pt-br\\\/dia-mundial-de-oracao-pelas-vocacoes\\\/#article\",\"isPartOf\":{\"@id\":\"https:\\\/\\\/hijasdejesus.org\\\/pt-br\\\/dia-mundial-de-oracao-pelas-vocacoes\\\/\"},\"author\":{\"name\":\"Comunicaci\u00f3n Internacional\",\"@id\":\"https:\\\/\\\/hijasdejesus.org\\\/pt-br\\\/#\\\/schema\\\/person\\\/91b9e676dca8842a983b89793a34e5b8\"},\"headline\":\"Dia Mundial de Ora\u00e7\u00e3o pelas Voca\u00e7\u00f5es\",\"datePublished\":\"2026-04-25T23:00:00+00:00\",\"dateModified\":\"2026-04-25T23:00:27+00:00\",\"mainEntityOfPage\":{\"@id\":\"https:\\\/\\\/hijasdejesus.org\\\/pt-br\\\/dia-mundial-de-oracao-pelas-vocacoes\\\/\"},\"wordCount\":541,\"publisher\":{\"@id\":\"https:\\\/\\\/hijasdejesus.org\\\/pt-br\\\/#organization\"},\"image\":{\"@id\":\"https:\\\/\\\/hijasdejesus.org\\\/pt-br\\\/dia-mundial-de-oracao-pelas-vocacoes\\\/#primaryimage\"},\"thumbnailUrl\":\"https:\\\/\\\/hijasdejesus.org\\\/wp-content\\\/uploads\\\/2026\\\/04\\\/Portadas-web-8.png\",\"keywords\":[\"Anto\u00f1ita\",\"Formaci\u00f3n inicial\",\"M\u00aa Antonia Bandr\u00e9s\",\"Papa Le\u00e3o XIV\"],\"articleSection\":[\"Destaque\",\"Igreja\",\"Juventude\",\"Liturgia &#8211; oraci\u00f3n\",\"Vida Religiosa\"],\"inLanguage\":\"pt-BR\"},{\"@type\":\"WebPage\",\"@id\":\"https:\\\/\\\/hijasdejesus.org\\\/pt-br\\\/dia-mundial-de-oracao-pelas-vocacoes\\\/\",\"url\":\"https:\\\/\\\/hijasdejesus.org\\\/pt-br\\\/dia-mundial-de-oracao-pelas-vocacoes\\\/\",\"name\":\"Dia Mundial de Ora\u00e7\u00e3o pelas Voca\u00e7\u00f5es - Hijas de Jes\u00fas\",\"isPartOf\":{\"@id\":\"https:\\\/\\\/hijasdejesus.org\\\/pt-br\\\/#website\"},\"primaryImageOfPage\":{\"@id\":\"https:\\\/\\\/hijasdejesus.org\\\/pt-br\\\/dia-mundial-de-oracao-pelas-vocacoes\\\/#primaryimage\"},\"image\":{\"@id\":\"https:\\\/\\\/hijasdejesus.org\\\/pt-br\\\/dia-mundial-de-oracao-pelas-vocacoes\\\/#primaryimage\"},\"thumbnailUrl\":\"https:\\\/\\\/hijasdejesus.org\\\/wp-content\\\/uploads\\\/2026\\\/04\\\/Portadas-web-8.png\",\"datePublished\":\"2026-04-25T23:00:00+00:00\",\"dateModified\":\"2026-04-25T23:00:27+00:00\",\"description\":\"Neste Dia Mundial de Ora\u00e7\u00e3o pelas Voca\u00e7\u00f5es, as Filhas de Jesus se unem \u00e0 Igreja universal para celebrar o dom do chamado.\",\"breadcrumb\":{\"@id\":\"https:\\\/\\\/hijasdejesus.org\\\/pt-br\\\/dia-mundial-de-oracao-pelas-vocacoes\\\/#breadcrumb\"},\"inLanguage\":\"pt-BR\",\"potentialAction\":[{\"@type\":\"ReadAction\",\"target\":[\"https:\\\/\\\/hijasdejesus.org\\\/pt-br\\\/dia-mundial-de-oracao-pelas-vocacoes\\\/\"]}]},{\"@type\":\"ImageObject\",\"inLanguage\":\"pt-BR\",\"@id\":\"https:\\\/\\\/hijasdejesus.org\\\/pt-br\\\/dia-mundial-de-oracao-pelas-vocacoes\\\/#primaryimage\",\"url\":\"https:\\\/\\\/hijasdejesus.org\\\/wp-content\\\/uploads\\\/2026\\\/04\\\/Portadas-web-8.png\",\"contentUrl\":\"https:\\\/\\\/hijasdejesus.org\\\/wp-content\\\/uploads\\\/2026\\\/04\\\/Portadas-web-8.png\",\"width\":1748,\"height\":1240},{\"@type\":\"BreadcrumbList\",\"@id\":\"https:\\\/\\\/hijasdejesus.org\\\/pt-br\\\/dia-mundial-de-oracao-pelas-vocacoes\\\/#breadcrumb\",\"itemListElement\":[{\"@type\":\"ListItem\",\"position\":1,\"name\":\"Portada\",\"item\":\"https:\\\/\\\/hijasdejesus.org\\\/pt-br\\\/\"},{\"@type\":\"ListItem\",\"position\":2,\"name\":\"Dia Mundial de Ora\u00e7\u00e3o pelas Voca\u00e7\u00f5es\"}]},{\"@type\":\"WebSite\",\"@id\":\"https:\\\/\\\/hijasdejesus.org\\\/pt-br\\\/#website\",\"url\":\"https:\\\/\\\/hijasdejesus.org\\\/pt-br\\\/\",\"name\":\"Hijas de Jes\u00fas\",\"description\":\"Despertamos a Jes\u00fas en el coraz\u00f3n, sacando lo mejor de las personas. Somos una congregaci\u00f3n religiosa ignaciana fundada por la Madre Candida\",\"publisher\":{\"@id\":\"https:\\\/\\\/hijasdejesus.org\\\/pt-br\\\/#organization\"},\"potentialAction\":[{\"@type\":\"SearchAction\",\"target\":{\"@type\":\"EntryPoint\",\"urlTemplate\":\"https:\\\/\\\/hijasdejesus.org\\\/pt-br\\\/?s={search_term_string}\"},\"query-input\":{\"@type\":\"PropertyValueSpecification\",\"valueRequired\":true,\"valueName\":\"search_term_string\"}}],\"inLanguage\":\"pt-BR\"},{\"@type\":\"Organization\",\"@id\":\"https:\\\/\\\/hijasdejesus.org\\\/pt-br\\\/#organization\",\"name\":\"Hijas de Jes\u00fas\",\"url\":\"https:\\\/\\\/hijasdejesus.org\\\/pt-br\\\/\",\"logo\":{\"@type\":\"ImageObject\",\"inLanguage\":\"pt-BR\",\"@id\":\"https:\\\/\\\/hijasdejesus.org\\\/pt-br\\\/#\\\/schema\\\/logo\\\/image\\\/\",\"url\":\"https:\\\/\\\/hijasdejesus.org\\\/wp-content\\\/uploads\\\/2023\\\/01\\\/Hijas-de-Jesus_hor-A7C957.png\",\"contentUrl\":\"https:\\\/\\\/hijasdejesus.org\\\/wp-content\\\/uploads\\\/2023\\\/01\\\/Hijas-de-Jesus_hor-A7C957.png\",\"width\":700,\"height\":360,\"caption\":\"Hijas de Jes\u00fas\"},\"image\":{\"@id\":\"https:\\\/\\\/hijasdejesus.org\\\/pt-br\\\/#\\\/schema\\\/logo\\\/image\\\/\"},\"sameAs\":[\"https:\\\/\\\/www.facebook.com\\\/hijasdejesusenelmundo\\\/\",\"https:\\\/\\\/x.com\\\/hijasdjesus\"]},{\"@type\":\"Person\",\"@id\":\"https:\\\/\\\/hijasdejesus.org\\\/pt-br\\\/#\\\/schema\\\/person\\\/91b9e676dca8842a983b89793a34e5b8\",\"name\":\"Comunicaci\u00f3n Internacional\",\"image\":{\"@type\":\"ImageObject\",\"inLanguage\":\"pt-BR\",\"@id\":\"https:\\\/\\\/secure.gravatar.com\\\/avatar\\\/dcb9b61797c934872aa9209ebf48b92edfeb0819dcdcaa77cd84879d6def414d?s=96&d=mm&r=g\",\"url\":\"https:\\\/\\\/secure.gravatar.com\\\/avatar\\\/dcb9b61797c934872aa9209ebf48b92edfeb0819dcdcaa77cd84879d6def414d?s=96&d=mm&r=g\",\"contentUrl\":\"https:\\\/\\\/secure.gravatar.com\\\/avatar\\\/dcb9b61797c934872aa9209ebf48b92edfeb0819dcdcaa77cd84879d6def414d?s=96&d=mm&r=g\",\"caption\":\"Comunicaci\u00f3n Internacional\"},\"url\":\"https:\\\/\\\/hijasdejesus.org\\\/pt-br\\\/author\\\/comunicacion-internacional\\\/\"}]}<\/script>\n<!-- \/ Yoast SEO plugin. -->","yoast_head_json":{"title":"Dia Mundial de Ora\u00e7\u00e3o pelas Voca\u00e7\u00f5es - Hijas de Jes\u00fas","description":"Neste Dia Mundial de Ora\u00e7\u00e3o pelas Voca\u00e7\u00f5es, as Filhas de Jesus se unem \u00e0 Igreja universal para celebrar o dom do chamado.","robots":{"index":"index","follow":"follow","max-snippet":"max-snippet:-1","max-image-preview":"max-image-preview:large","max-video-preview":"max-video-preview:-1"},"canonical":"https:\/\/hijasdejesus.org\/pt-br\/dia-mundial-de-oracao-pelas-vocacoes\/","og_locale":"pt_BR","og_type":"article","og_title":"Dia Mundial de Ora\u00e7\u00e3o pelas Voca\u00e7\u00f5es - Hijas de Jes\u00fas","og_description":"Neste Dia Mundial de Ora\u00e7\u00e3o pelas Voca\u00e7\u00f5es, as Filhas de Jesus se unem \u00e0 Igreja universal para celebrar o dom do chamado.","og_url":"https:\/\/hijasdejesus.org\/pt-br\/dia-mundial-de-oracao-pelas-vocacoes\/","og_site_name":"Hijas de Jes\u00fas","article_publisher":"https:\/\/www.facebook.com\/hijasdejesusenelmundo\/","article_published_time":"2026-04-25T23:00:00+00:00","article_modified_time":"2026-04-25T23:00:27+00:00","og_image":[{"width":1024,"height":726,"url":"https:\/\/hijasdejesus.org\/wp-content\/uploads\/2026\/04\/Portadas-web-8-1024x726.png","type":"image\/png"}],"author":"Comunicaci\u00f3n Internacional","twitter_card":"summary_large_image","twitter_creator":"@hijasdjesus","twitter_site":"@hijasdjesus","twitter_misc":{"Escrito por":"Comunicaci\u00f3n Internacional","Est. tempo de leitura":"3 minutos"},"schema":{"@context":"https:\/\/schema.org","@graph":[{"@type":"Article","@id":"https:\/\/hijasdejesus.org\/pt-br\/dia-mundial-de-oracao-pelas-vocacoes\/#article","isPartOf":{"@id":"https:\/\/hijasdejesus.org\/pt-br\/dia-mundial-de-oracao-pelas-vocacoes\/"},"author":{"name":"Comunicaci\u00f3n Internacional","@id":"https:\/\/hijasdejesus.org\/pt-br\/#\/schema\/person\/91b9e676dca8842a983b89793a34e5b8"},"headline":"Dia Mundial de Ora\u00e7\u00e3o pelas Voca\u00e7\u00f5es","datePublished":"2026-04-25T23:00:00+00:00","dateModified":"2026-04-25T23:00:27+00:00","mainEntityOfPage":{"@id":"https:\/\/hijasdejesus.org\/pt-br\/dia-mundial-de-oracao-pelas-vocacoes\/"},"wordCount":541,"publisher":{"@id":"https:\/\/hijasdejesus.org\/pt-br\/#organization"},"image":{"@id":"https:\/\/hijasdejesus.org\/pt-br\/dia-mundial-de-oracao-pelas-vocacoes\/#primaryimage"},"thumbnailUrl":"https:\/\/hijasdejesus.org\/wp-content\/uploads\/2026\/04\/Portadas-web-8.png","keywords":["Anto\u00f1ita","Formaci\u00f3n inicial","M\u00aa Antonia Bandr\u00e9s","Papa Le\u00e3o XIV"],"articleSection":["Destaque","Igreja","Juventude","Liturgia &#8211; oraci\u00f3n","Vida Religiosa"],"inLanguage":"pt-BR"},{"@type":"WebPage","@id":"https:\/\/hijasdejesus.org\/pt-br\/dia-mundial-de-oracao-pelas-vocacoes\/","url":"https:\/\/hijasdejesus.org\/pt-br\/dia-mundial-de-oracao-pelas-vocacoes\/","name":"Dia Mundial de Ora\u00e7\u00e3o pelas Voca\u00e7\u00f5es - Hijas de Jes\u00fas","isPartOf":{"@id":"https:\/\/hijasdejesus.org\/pt-br\/#website"},"primaryImageOfPage":{"@id":"https:\/\/hijasdejesus.org\/pt-br\/dia-mundial-de-oracao-pelas-vocacoes\/#primaryimage"},"image":{"@id":"https:\/\/hijasdejesus.org\/pt-br\/dia-mundial-de-oracao-pelas-vocacoes\/#primaryimage"},"thumbnailUrl":"https:\/\/hijasdejesus.org\/wp-content\/uploads\/2026\/04\/Portadas-web-8.png","datePublished":"2026-04-25T23:00:00+00:00","dateModified":"2026-04-25T23:00:27+00:00","description":"Neste Dia Mundial de Ora\u00e7\u00e3o pelas Voca\u00e7\u00f5es, as Filhas de Jesus se unem \u00e0 Igreja universal para celebrar o dom do chamado.","breadcrumb":{"@id":"https:\/\/hijasdejesus.org\/pt-br\/dia-mundial-de-oracao-pelas-vocacoes\/#breadcrumb"},"inLanguage":"pt-BR","potentialAction":[{"@type":"ReadAction","target":["https:\/\/hijasdejesus.org\/pt-br\/dia-mundial-de-oracao-pelas-vocacoes\/"]}]},{"@type":"ImageObject","inLanguage":"pt-BR","@id":"https:\/\/hijasdejesus.org\/pt-br\/dia-mundial-de-oracao-pelas-vocacoes\/#primaryimage","url":"https:\/\/hijasdejesus.org\/wp-content\/uploads\/2026\/04\/Portadas-web-8.png","contentUrl":"https:\/\/hijasdejesus.org\/wp-content\/uploads\/2026\/04\/Portadas-web-8.png","width":1748,"height":1240},{"@type":"BreadcrumbList","@id":"https:\/\/hijasdejesus.org\/pt-br\/dia-mundial-de-oracao-pelas-vocacoes\/#breadcrumb","itemListElement":[{"@type":"ListItem","position":1,"name":"Portada","item":"https:\/\/hijasdejesus.org\/pt-br\/"},{"@type":"ListItem","position":2,"name":"Dia Mundial de Ora\u00e7\u00e3o pelas Voca\u00e7\u00f5es"}]},{"@type":"WebSite","@id":"https:\/\/hijasdejesus.org\/pt-br\/#website","url":"https:\/\/hijasdejesus.org\/pt-br\/","name":"Hijas de Jes\u00fas","description":"Despertamos a Jes\u00fas en el coraz\u00f3n, sacando lo mejor de las personas. Somos una congregaci\u00f3n religiosa ignaciana fundada por la Madre Candida","publisher":{"@id":"https:\/\/hijasdejesus.org\/pt-br\/#organization"},"potentialAction":[{"@type":"SearchAction","target":{"@type":"EntryPoint","urlTemplate":"https:\/\/hijasdejesus.org\/pt-br\/?s={search_term_string}"},"query-input":{"@type":"PropertyValueSpecification","valueRequired":true,"valueName":"search_term_string"}}],"inLanguage":"pt-BR"},{"@type":"Organization","@id":"https:\/\/hijasdejesus.org\/pt-br\/#organization","name":"Hijas de Jes\u00fas","url":"https:\/\/hijasdejesus.org\/pt-br\/","logo":{"@type":"ImageObject","inLanguage":"pt-BR","@id":"https:\/\/hijasdejesus.org\/pt-br\/#\/schema\/logo\/image\/","url":"https:\/\/hijasdejesus.org\/wp-content\/uploads\/2023\/01\/Hijas-de-Jesus_hor-A7C957.png","contentUrl":"https:\/\/hijasdejesus.org\/wp-content\/uploads\/2023\/01\/Hijas-de-Jesus_hor-A7C957.png","width":700,"height":360,"caption":"Hijas de Jes\u00fas"},"image":{"@id":"https:\/\/hijasdejesus.org\/pt-br\/#\/schema\/logo\/image\/"},"sameAs":["https:\/\/www.facebook.com\/hijasdejesusenelmundo\/","https:\/\/x.com\/hijasdjesus"]},{"@type":"Person","@id":"https:\/\/hijasdejesus.org\/pt-br\/#\/schema\/person\/91b9e676dca8842a983b89793a34e5b8","name":"Comunicaci\u00f3n Internacional","image":{"@type":"ImageObject","inLanguage":"pt-BR","@id":"https:\/\/secure.gravatar.com\/avatar\/dcb9b61797c934872aa9209ebf48b92edfeb0819dcdcaa77cd84879d6def414d?s=96&d=mm&r=g","url":"https:\/\/secure.gravatar.com\/avatar\/dcb9b61797c934872aa9209ebf48b92edfeb0819dcdcaa77cd84879d6def414d?s=96&d=mm&r=g","contentUrl":"https:\/\/secure.gravatar.com\/avatar\/dcb9b61797c934872aa9209ebf48b92edfeb0819dcdcaa77cd84879d6def414d?s=96&d=mm&r=g","caption":"Comunicaci\u00f3n Internacional"},"url":"https:\/\/hijasdejesus.org\/pt-br\/author\/comunicacion-internacional\/"}]}},"_links":{"self":[{"href":"https:\/\/hijasdejesus.org\/pt-br\/wp-json\/wp\/v2\/posts\/53636","targetHints":{"allow":["GET"]}}],"collection":[{"href":"https:\/\/hijasdejesus.org\/pt-br\/wp-json\/wp\/v2\/posts"}],"about":[{"href":"https:\/\/hijasdejesus.org\/pt-br\/wp-json\/wp\/v2\/types\/post"}],"author":[{"embeddable":true,"href":"https:\/\/hijasdejesus.org\/pt-br\/wp-json\/wp\/v2\/users\/36"}],"replies":[{"embeddable":true,"href":"https:\/\/hijasdejesus.org\/pt-br\/wp-json\/wp\/v2\/comments?post=53636"}],"version-history":[{"count":1,"href":"https:\/\/hijasdejesus.org\/pt-br\/wp-json\/wp\/v2\/posts\/53636\/revisions"}],"predecessor-version":[{"id":53640,"href":"https:\/\/hijasdejesus.org\/pt-br\/wp-json\/wp\/v2\/posts\/53636\/revisions\/53640"}],"wp:featuredmedia":[{"embeddable":true,"href":"https:\/\/hijasdejesus.org\/pt-br\/wp-json\/wp\/v2\/media\/53616"}],"wp:attachment":[{"href":"https:\/\/hijasdejesus.org\/pt-br\/wp-json\/wp\/v2\/media?parent=53636"}],"wp:term":[{"taxonomy":"category","embeddable":true,"href":"https:\/\/hijasdejesus.org\/pt-br\/wp-json\/wp\/v2\/categories?post=53636"},{"taxonomy":"post_tag","embeddable":true,"href":"https:\/\/hijasdejesus.org\/pt-br\/wp-json\/wp\/v2\/tags?post=53636"}],"curies":[{"name":"wp","href":"https:\/\/api.w.org\/{rel}","templated":true}]}}