{"id":53644,"date":"2026-04-26T18:00:00","date_gmt":"2026-04-26T16:00:00","guid":{"rendered":"https:\/\/hijasdejesus.org\/celebrando-antonita-de-maos-dadas-com-nossos-postulantes-em-manila\/"},"modified":"2026-04-26T18:00:32","modified_gmt":"2026-04-26T16:00:32","slug":"celebrando-antonita-de-maos-dadas-com-nossos-postulantes-em-manila","status":"publish","type":"post","link":"https:\/\/hijasdejesus.org\/pt-br\/celebrando-antonita-de-maos-dadas-com-nossos-postulantes-em-manila\/","title":{"rendered":"Celebrando Anto\u00f1ita: de m\u00e3os dadas com nossos postulantes em Manila"},"content":{"rendered":"\n<p>Nesta celebra\u00e7\u00e3o da <strong><a href=\"https:\/\/hijasdejesus.org\/pt-br\/antonita-uma-vida-de-dedicacao-total\/\" type=\"link\" id=\"https:\/\/hijasdejesus.org\/antonita-una-vida-de-total-entrega\/\">Beata Mar\u00eda Antonia Bandr\u00e9s, &#8220;Anto\u00f1ita&#8221;, nosso olhar se volta para aqueles que hoje encarnam o frescor do carisma.<\/a><\/strong>nosso olhar se volta para aquelas que hoje encarnam o frescor do carisma. Anto\u00f1ita, <a href=\"https:\/\/hijasdejesus.org\/pt-br\/no-dia-de-antonita-uma-mensagem-dos-formadores-presentes-no-cgxix\/\" type=\"link\" id=\"https:\/\/hijasdejesus.org\/mensaje-de-las-formadoras-cgxix\/\">padroeira das Filhas de Jesus em forma\u00e7\u00e3o inicial,<\/a> nos ensinou que <strong>a santidade \u00e9 uma dedica\u00e7\u00e3o alegre e cotidiana. <\/strong>\u00c9 essa mesma alegria que chega at\u00e9 n\u00f3s hoje, vinda das Filipinas, por meio de um testemunho muito especial. <\/p>\n\n<h3 class=\"wp-block-heading\"><strong>Um novo lar para o carisma: a casa de forma\u00e7\u00e3o em Manila<\/strong><\/h3>\n\n<p>A presen\u00e7a dessa casa de forma\u00e7\u00e3o na Prov\u00edncia \u00cdndia-Pac\u00edfico \u00e9 um sinal de esperan\u00e7a e vitalidade. Conforme compartilhado por nossa Superiora Geral, Graciela Francovig, em seu   <strong>Carta Circular n. 51<\/strong>Esta casa nasceu de um processo de discernimento para oferecer um <a href=\"https:\/\/hijasdejesus.org\/pt-br\/noviciado-em-ingles-em-manila-mais-um-passo-na-formacao-inculturada\/\">espa\u00e7o inculturado de forma\u00e7\u00e3o.<\/a><\/p>\n\n<p>Hoje, a comunidade em Manila recebe jovens de diferentes origens, como <strong>Bangladesh e Indon\u00e9sia<\/strong>. Ap\u00f3s um per\u00edodo de imers\u00e3o na l\u00edngua inglesa, eles come\u00e7am sua forma\u00e7\u00e3o inicial l\u00e1. Sob a orienta\u00e7\u00e3o da <strong>Ir. Edhen Mae Paranga<\/strong>, Mestra de Novi\u00e7as, esse projeto busca fortalecer os itiner\u00e1rios da pastoral vocacional e acompanhar as jovens em sua jornada rumo \u00e0 felicidade e ao significado.  <\/p>\n\n<h3 class=\"wp-block-heading\"><strong>Uma vida que est\u00e1 presente hoje<\/strong><\/h3>\n\n<p>Nesse dia especial, as postulantes da casa de forma\u00e7\u00e3o da Prov\u00edncia do Pac\u00edfico \u00cdndico, nas Filipinas, quiseram compartilhar com toda a fam\u00edlia das Filhas de Jesus um sinal concreto dessa heran\u00e7a viva: <strong>um v\u00eddeo em que, com alegria e simplicidade, elas nos mostram sua vida cotidiana<\/strong>.<\/p>\n\n<p>Em seus rostos, em sua vida compartilhada, em sua busca sincera, reconhecemos que o esp\u00edrito de Anto\u00f1ita continua a pulsar. Seu &#8220;sim&#8221; continua a ser prolongado nas novas gera\u00e7\u00f5es que, com coragem, desejam dar tudo de si. <\/p>\n\n<p><\/p>\n\n<figure class=\"wp-block-embed is-type-video is-provider-youtube wp-block-embed-youtube wp-embed-aspect-16-9 wp-has-aspect-ratio\"><div class=\"wp-block-embed__wrapper\">\n<iframe loading=\"lazy\" title=\"Casa de Formaci\u00f3n en Manila\" width=\"1080\" height=\"608\" src=\"https:\/\/www.youtube.com\/embed\/dQcT9hYpJrw?feature=oembed\"  allow=\"accelerometer; autoplay; clipboard-write; encrypted-media; gyroscope; picture-in-picture; web-share\" referrerpolicy=\"strict-origin-when-cross-origin\" allowfullscreen><\/iframe>\n<\/div><\/figure>\n\n<p><\/p>\n\n<h3 class=\"wp-block-heading\"><strong>Um caminho que une todos n\u00f3s<\/strong><\/h3>\n\n<p>Esse testemunho se soma a outros que temos compartilhado e que nos ajudam a nos sentir como um corpo universal, orando uns pelos outros e celebrando a diversidade e a riqueza de nossa forma\u00e7\u00e3o inicial:<\/p>\n\n<ul class=\"wp-block-list\">\n<li><a href=\"https:\/\/www.youtube.com\/watch?v=rJbLx8tgCPk&amp;list=PLaPRR333CLEr7T5nbnjG6U0W_qT8GQ0cK\"><strong>Juniorato internacional em Granada<\/strong><\/a><\/li>\n\n\n\n<li><a href=\"https:\/\/www.youtube.com\/watch?v=YumzI3-LEMs&amp;list=PLaPRR333CLEr7T5nbnjG6U0W_qT8GQ0cK&amp;index=2\"><strong>Juniorato nas Filipinas<\/strong><\/a><\/li>\n\n\n\n<li><a href=\"https:\/\/www.youtube.com\/watch?v=ztC-MJR-_7E&amp;list=PLaPRR333CLEr7T5nbnjG6U0W_qT8GQ0cK&amp;index=3\"><strong>Di\u00e1logo com os novi\u00e7os<\/strong><\/a> sobre a experi\u00eancia do M\u00eas de Exerc\u00edcios Espirituais na Rep\u00fablica Dominicana<\/li>\n<\/ul>\n\n<p><\/p>\n\n<h3 class=\"wp-block-heading\"><strong>Oramos juntos<\/strong><\/h3>\n\n<p>Convidamos voc\u00ea a assistir a esse v\u00eddeo com um olhar contemplativo e a se unir em ora\u00e7\u00e3o por todas as Filhas de Jesus que est\u00e3o em forma\u00e7\u00e3o inicial. Por intercess\u00e3o de Anto\u00f1ita, que o Senhor as sustente em seu entusiasmo, lhes d\u00ea sabedoria no estudo e na forma\u00e7\u00e3o e as mantenha sempre com um cora\u00e7\u00e3o dispon\u00edvel para servir a todos. <\/p>\n\n<p>Que o exemplo da Bem-aventurada Anto\u00f1ita continue a inspirar muitas mulheres jovens a descobrir o sonho que Deus tem para suas vidas.<\/p>\n","protected":false},"excerpt":{"rendered":"<p>Nesta celebra\u00e7\u00e3o da Beata Mar\u00eda Antonia Bandr\u00e9s, &#8220;Anto\u00f1ita&#8221;, nosso olhar se volta para aqueles que hoje encarnam o frescor do carisma.nosso olhar se volta para aquelas que hoje encarnam o frescor do carisma. Anto\u00f1ita, padroeira das Filhas de Jesus em forma\u00e7\u00e3o inicial, nos ensinou que a santidade \u00e9 uma dedica\u00e7\u00e3o alegre e cotidiana. \u00c9 essa [&hellip;]<\/p>\n","protected":false},"author":36,"featured_media":53601,"comment_status":"closed","ping_status":"closed","sticky":false,"template":"","format":"standard","meta":{"_et_pb_use_builder":"","_et_pb_old_content":"","_et_gb_content_width":"","footnotes":"","_links_to":"","_links_to_target":""},"categories":[525,555,469],"tags":[859,749,705,1012],"class_list":["post-53644","post","type-post","status-publish","format-standard","has-post-thumbnail","hentry","category-filipinas-pt-br","category-indico-pacifico-pt-br","category-noticias-pt-br","tag-antonita-pt-br","tag-formacao","tag-formacion-inicial-pt-br","tag-ma-antonia-bandres-pt-br"],"yoast_head":"<!-- This site is optimized with the Yoast SEO plugin v27.4 - https:\/\/yoast.com\/product\/yoast-seo-wordpress\/ -->\n<title>Celebrando Anto\u00f1ita: de m\u00e3os dadas com nossos postulantes em Manila - Hijas de Jes\u00fas<\/title>\n<meta name=\"description\" content=\"Nesta celebra\u00e7\u00e3o da Bem-aventurada Maria Antonia Bandr\u00e9s, &quot;Anto\u00f1ita&quot;, padroeira das Filhas de Jesus na Forma\u00e7\u00e3o Inicial. Neste dia, as postulantes da casa de forma\u00e7\u00e3o do Pac\u00edfico \u00cdndico, nas Filipinas, quiseram compartilhar com toda a fam\u00edlia das Filhas de Jesus um v\u00eddeo em que nos mostram sua vida cotidiana.\" \/>\n<meta name=\"robots\" content=\"index, follow, max-snippet:-1, max-image-preview:large, max-video-preview:-1\" \/>\n<link rel=\"canonical\" href=\"https:\/\/hijasdejesus.org\/pt-br\/celebrando-antonita-de-maos-dadas-com-nossos-postulantes-em-manila\/\" \/>\n<meta property=\"og:locale\" content=\"pt_BR\" \/>\n<meta property=\"og:type\" content=\"article\" \/>\n<meta property=\"og:title\" content=\"Celebrando Anto\u00f1ita: de m\u00e3os dadas com nossos postulantes em Manila - Hijas de Jes\u00fas\" \/>\n<meta property=\"og:description\" content=\"Nesta celebra\u00e7\u00e3o da Bem-aventurada Maria Antonia Bandr\u00e9s, &quot;Anto\u00f1ita&quot;, padroeira das Filhas de Jesus na Forma\u00e7\u00e3o Inicial. Neste dia, as postulantes da casa de forma\u00e7\u00e3o do Pac\u00edfico \u00cdndico, nas Filipinas, quiseram compartilhar com toda a fam\u00edlia das Filhas de Jesus um v\u00eddeo em que nos mostram sua vida cotidiana.\" \/>\n<meta property=\"og:url\" content=\"https:\/\/hijasdejesus.org\/pt-br\/celebrando-antonita-de-maos-dadas-com-nossos-postulantes-em-manila\/\" \/>\n<meta property=\"og:site_name\" content=\"Hijas de Jes\u00fas\" \/>\n<meta property=\"article:publisher\" content=\"https:\/\/www.facebook.com\/hijasdejesusenelmundo\/\" \/>\n<meta property=\"article:published_time\" content=\"2026-04-26T16:00:00+00:00\" \/>\n<meta property=\"article:modified_time\" content=\"2026-04-26T16:00:32+00:00\" \/>\n<meta property=\"og:image\" content=\"https:\/\/hijasdejesus.org\/wp-content\/uploads\/2026\/04\/Portadas-web-6-1024x726.png\" \/>\n\t<meta property=\"og:image:width\" content=\"1024\" \/>\n\t<meta property=\"og:image:height\" content=\"726\" \/>\n\t<meta property=\"og:image:type\" content=\"image\/png\" \/>\n<meta name=\"author\" content=\"Comunicaci\u00f3n Internacional\" \/>\n<meta name=\"twitter:card\" content=\"summary_large_image\" \/>\n<meta name=\"twitter:creator\" content=\"@hijasdjesus\" \/>\n<meta name=\"twitter:site\" content=\"@hijasdjesus\" \/>\n<meta name=\"twitter:label1\" content=\"Escrito por\" \/>\n\t<meta name=\"twitter:data1\" content=\"Comunicaci\u00f3n Internacional\" \/>\n\t<meta name=\"twitter:label2\" content=\"Est. tempo de leitura\" \/>\n\t<meta name=\"twitter:data2\" content=\"2 minutos\" \/>\n<script type=\"application\/ld+json\" class=\"yoast-schema-graph\">{\"@context\":\"https:\\\/\\\/schema.org\",\"@graph\":[{\"@type\":\"Article\",\"@id\":\"https:\\\/\\\/hijasdejesus.org\\\/pt-br\\\/celebrando-antonita-de-maos-dadas-com-nossos-postulantes-em-manila\\\/#article\",\"isPartOf\":{\"@id\":\"https:\\\/\\\/hijasdejesus.org\\\/pt-br\\\/celebrando-antonita-de-maos-dadas-com-nossos-postulantes-em-manila\\\/\"},\"author\":{\"name\":\"Comunicaci\u00f3n Internacional\",\"@id\":\"https:\\\/\\\/hijasdejesus.org\\\/pt-br\\\/#\\\/schema\\\/person\\\/91b9e676dca8842a983b89793a34e5b8\"},\"headline\":\"Celebrando Anto\u00f1ita: de m\u00e3os dadas com nossos postulantes em Manila\",\"datePublished\":\"2026-04-26T16:00:00+00:00\",\"dateModified\":\"2026-04-26T16:00:32+00:00\",\"mainEntityOfPage\":{\"@id\":\"https:\\\/\\\/hijasdejesus.org\\\/pt-br\\\/celebrando-antonita-de-maos-dadas-com-nossos-postulantes-em-manila\\\/\"},\"wordCount\":492,\"publisher\":{\"@id\":\"https:\\\/\\\/hijasdejesus.org\\\/pt-br\\\/#organization\"},\"image\":{\"@id\":\"https:\\\/\\\/hijasdejesus.org\\\/pt-br\\\/celebrando-antonita-de-maos-dadas-com-nossos-postulantes-em-manila\\\/#primaryimage\"},\"thumbnailUrl\":\"https:\\\/\\\/hijasdejesus.org\\\/wp-content\\\/uploads\\\/2026\\\/04\\\/Portadas-web-6.png\",\"keywords\":[\"Anto\u00f1ita\",\"Forma\u00e7\u00e3o\",\"Formaci\u00f3n inicial\",\"M\u00aa Antonia Bandr\u00e9s\"],\"articleSection\":[\"Filipinas\",\"\u00cdndico-Pac\u00edfico\",\"Not\u00edcias\"],\"inLanguage\":\"pt-BR\"},{\"@type\":\"WebPage\",\"@id\":\"https:\\\/\\\/hijasdejesus.org\\\/pt-br\\\/celebrando-antonita-de-maos-dadas-com-nossos-postulantes-em-manila\\\/\",\"url\":\"https:\\\/\\\/hijasdejesus.org\\\/pt-br\\\/celebrando-antonita-de-maos-dadas-com-nossos-postulantes-em-manila\\\/\",\"name\":\"Celebrando Anto\u00f1ita: de m\u00e3os dadas com nossos postulantes em Manila - Hijas de Jes\u00fas\",\"isPartOf\":{\"@id\":\"https:\\\/\\\/hijasdejesus.org\\\/pt-br\\\/#website\"},\"primaryImageOfPage\":{\"@id\":\"https:\\\/\\\/hijasdejesus.org\\\/pt-br\\\/celebrando-antonita-de-maos-dadas-com-nossos-postulantes-em-manila\\\/#primaryimage\"},\"image\":{\"@id\":\"https:\\\/\\\/hijasdejesus.org\\\/pt-br\\\/celebrando-antonita-de-maos-dadas-com-nossos-postulantes-em-manila\\\/#primaryimage\"},\"thumbnailUrl\":\"https:\\\/\\\/hijasdejesus.org\\\/wp-content\\\/uploads\\\/2026\\\/04\\\/Portadas-web-6.png\",\"datePublished\":\"2026-04-26T16:00:00+00:00\",\"dateModified\":\"2026-04-26T16:00:32+00:00\",\"description\":\"Nesta celebra\u00e7\u00e3o da Bem-aventurada Maria Antonia Bandr\u00e9s, \\\"Anto\u00f1ita\\\", padroeira das Filhas de Jesus na Forma\u00e7\u00e3o Inicial. Neste dia, as postulantes da casa de forma\u00e7\u00e3o do Pac\u00edfico \u00cdndico, nas Filipinas, quiseram compartilhar com toda a fam\u00edlia das Filhas de Jesus um v\u00eddeo em que nos mostram sua vida cotidiana.\",\"breadcrumb\":{\"@id\":\"https:\\\/\\\/hijasdejesus.org\\\/pt-br\\\/celebrando-antonita-de-maos-dadas-com-nossos-postulantes-em-manila\\\/#breadcrumb\"},\"inLanguage\":\"pt-BR\",\"potentialAction\":[{\"@type\":\"ReadAction\",\"target\":[\"https:\\\/\\\/hijasdejesus.org\\\/pt-br\\\/celebrando-antonita-de-maos-dadas-com-nossos-postulantes-em-manila\\\/\"]}]},{\"@type\":\"ImageObject\",\"inLanguage\":\"pt-BR\",\"@id\":\"https:\\\/\\\/hijasdejesus.org\\\/pt-br\\\/celebrando-antonita-de-maos-dadas-com-nossos-postulantes-em-manila\\\/#primaryimage\",\"url\":\"https:\\\/\\\/hijasdejesus.org\\\/wp-content\\\/uploads\\\/2026\\\/04\\\/Portadas-web-6.png\",\"contentUrl\":\"https:\\\/\\\/hijasdejesus.org\\\/wp-content\\\/uploads\\\/2026\\\/04\\\/Portadas-web-6.png\",\"width\":1748,\"height\":1240},{\"@type\":\"BreadcrumbList\",\"@id\":\"https:\\\/\\\/hijasdejesus.org\\\/pt-br\\\/celebrando-antonita-de-maos-dadas-com-nossos-postulantes-em-manila\\\/#breadcrumb\",\"itemListElement\":[{\"@type\":\"ListItem\",\"position\":1,\"name\":\"Portada\",\"item\":\"https:\\\/\\\/hijasdejesus.org\\\/pt-br\\\/\"},{\"@type\":\"ListItem\",\"position\":2,\"name\":\"Celebrando Anto\u00f1ita: de m\u00e3os dadas com nossos postulantes em Manila\"}]},{\"@type\":\"WebSite\",\"@id\":\"https:\\\/\\\/hijasdejesus.org\\\/pt-br\\\/#website\",\"url\":\"https:\\\/\\\/hijasdejesus.org\\\/pt-br\\\/\",\"name\":\"Hijas de Jes\u00fas\",\"description\":\"Despertamos a Jes\u00fas en el coraz\u00f3n, sacando lo mejor de las personas. Somos una congregaci\u00f3n religiosa ignaciana fundada por la Madre Candida\",\"publisher\":{\"@id\":\"https:\\\/\\\/hijasdejesus.org\\\/pt-br\\\/#organization\"},\"potentialAction\":[{\"@type\":\"SearchAction\",\"target\":{\"@type\":\"EntryPoint\",\"urlTemplate\":\"https:\\\/\\\/hijasdejesus.org\\\/pt-br\\\/?s={search_term_string}\"},\"query-input\":{\"@type\":\"PropertyValueSpecification\",\"valueRequired\":true,\"valueName\":\"search_term_string\"}}],\"inLanguage\":\"pt-BR\"},{\"@type\":\"Organization\",\"@id\":\"https:\\\/\\\/hijasdejesus.org\\\/pt-br\\\/#organization\",\"name\":\"Hijas de Jes\u00fas\",\"url\":\"https:\\\/\\\/hijasdejesus.org\\\/pt-br\\\/\",\"logo\":{\"@type\":\"ImageObject\",\"inLanguage\":\"pt-BR\",\"@id\":\"https:\\\/\\\/hijasdejesus.org\\\/pt-br\\\/#\\\/schema\\\/logo\\\/image\\\/\",\"url\":\"https:\\\/\\\/hijasdejesus.org\\\/wp-content\\\/uploads\\\/2023\\\/01\\\/Hijas-de-Jesus_hor-A7C957.png\",\"contentUrl\":\"https:\\\/\\\/hijasdejesus.org\\\/wp-content\\\/uploads\\\/2023\\\/01\\\/Hijas-de-Jesus_hor-A7C957.png\",\"width\":700,\"height\":360,\"caption\":\"Hijas de Jes\u00fas\"},\"image\":{\"@id\":\"https:\\\/\\\/hijasdejesus.org\\\/pt-br\\\/#\\\/schema\\\/logo\\\/image\\\/\"},\"sameAs\":[\"https:\\\/\\\/www.facebook.com\\\/hijasdejesusenelmundo\\\/\",\"https:\\\/\\\/x.com\\\/hijasdjesus\"]},{\"@type\":\"Person\",\"@id\":\"https:\\\/\\\/hijasdejesus.org\\\/pt-br\\\/#\\\/schema\\\/person\\\/91b9e676dca8842a983b89793a34e5b8\",\"name\":\"Comunicaci\u00f3n Internacional\",\"image\":{\"@type\":\"ImageObject\",\"inLanguage\":\"pt-BR\",\"@id\":\"https:\\\/\\\/secure.gravatar.com\\\/avatar\\\/dcb9b61797c934872aa9209ebf48b92edfeb0819dcdcaa77cd84879d6def414d?s=96&d=mm&r=g\",\"url\":\"https:\\\/\\\/secure.gravatar.com\\\/avatar\\\/dcb9b61797c934872aa9209ebf48b92edfeb0819dcdcaa77cd84879d6def414d?s=96&d=mm&r=g\",\"contentUrl\":\"https:\\\/\\\/secure.gravatar.com\\\/avatar\\\/dcb9b61797c934872aa9209ebf48b92edfeb0819dcdcaa77cd84879d6def414d?s=96&d=mm&r=g\",\"caption\":\"Comunicaci\u00f3n Internacional\"},\"url\":\"https:\\\/\\\/hijasdejesus.org\\\/pt-br\\\/author\\\/comunicacion-internacional\\\/\"}]}<\/script>\n<!-- \/ Yoast SEO plugin. -->","yoast_head_json":{"title":"Celebrando Anto\u00f1ita: de m\u00e3os dadas com nossos postulantes em Manila - Hijas de Jes\u00fas","description":"Nesta celebra\u00e7\u00e3o da Bem-aventurada Maria Antonia Bandr\u00e9s, \"Anto\u00f1ita\", padroeira das Filhas de Jesus na Forma\u00e7\u00e3o Inicial. Neste dia, as postulantes da casa de forma\u00e7\u00e3o do Pac\u00edfico \u00cdndico, nas Filipinas, quiseram compartilhar com toda a fam\u00edlia das Filhas de Jesus um v\u00eddeo em que nos mostram sua vida cotidiana.","robots":{"index":"index","follow":"follow","max-snippet":"max-snippet:-1","max-image-preview":"max-image-preview:large","max-video-preview":"max-video-preview:-1"},"canonical":"https:\/\/hijasdejesus.org\/pt-br\/celebrando-antonita-de-maos-dadas-com-nossos-postulantes-em-manila\/","og_locale":"pt_BR","og_type":"article","og_title":"Celebrando Anto\u00f1ita: de m\u00e3os dadas com nossos postulantes em Manila - Hijas de Jes\u00fas","og_description":"Nesta celebra\u00e7\u00e3o da Bem-aventurada Maria Antonia Bandr\u00e9s, \"Anto\u00f1ita\", padroeira das Filhas de Jesus na Forma\u00e7\u00e3o Inicial. Neste dia, as postulantes da casa de forma\u00e7\u00e3o do Pac\u00edfico \u00cdndico, nas Filipinas, quiseram compartilhar com toda a fam\u00edlia das Filhas de Jesus um v\u00eddeo em que nos mostram sua vida cotidiana.","og_url":"https:\/\/hijasdejesus.org\/pt-br\/celebrando-antonita-de-maos-dadas-com-nossos-postulantes-em-manila\/","og_site_name":"Hijas de Jes\u00fas","article_publisher":"https:\/\/www.facebook.com\/hijasdejesusenelmundo\/","article_published_time":"2026-04-26T16:00:00+00:00","article_modified_time":"2026-04-26T16:00:32+00:00","og_image":[{"width":1024,"height":726,"url":"https:\/\/hijasdejesus.org\/wp-content\/uploads\/2026\/04\/Portadas-web-6-1024x726.png","type":"image\/png"}],"author":"Comunicaci\u00f3n Internacional","twitter_card":"summary_large_image","twitter_creator":"@hijasdjesus","twitter_site":"@hijasdjesus","twitter_misc":{"Escrito por":"Comunicaci\u00f3n Internacional","Est. tempo de leitura":"2 minutos"},"schema":{"@context":"https:\/\/schema.org","@graph":[{"@type":"Article","@id":"https:\/\/hijasdejesus.org\/pt-br\/celebrando-antonita-de-maos-dadas-com-nossos-postulantes-em-manila\/#article","isPartOf":{"@id":"https:\/\/hijasdejesus.org\/pt-br\/celebrando-antonita-de-maos-dadas-com-nossos-postulantes-em-manila\/"},"author":{"name":"Comunicaci\u00f3n Internacional","@id":"https:\/\/hijasdejesus.org\/pt-br\/#\/schema\/person\/91b9e676dca8842a983b89793a34e5b8"},"headline":"Celebrando Anto\u00f1ita: de m\u00e3os dadas com nossos postulantes em Manila","datePublished":"2026-04-26T16:00:00+00:00","dateModified":"2026-04-26T16:00:32+00:00","mainEntityOfPage":{"@id":"https:\/\/hijasdejesus.org\/pt-br\/celebrando-antonita-de-maos-dadas-com-nossos-postulantes-em-manila\/"},"wordCount":492,"publisher":{"@id":"https:\/\/hijasdejesus.org\/pt-br\/#organization"},"image":{"@id":"https:\/\/hijasdejesus.org\/pt-br\/celebrando-antonita-de-maos-dadas-com-nossos-postulantes-em-manila\/#primaryimage"},"thumbnailUrl":"https:\/\/hijasdejesus.org\/wp-content\/uploads\/2026\/04\/Portadas-web-6.png","keywords":["Anto\u00f1ita","Forma\u00e7\u00e3o","Formaci\u00f3n inicial","M\u00aa Antonia Bandr\u00e9s"],"articleSection":["Filipinas","\u00cdndico-Pac\u00edfico","Not\u00edcias"],"inLanguage":"pt-BR"},{"@type":"WebPage","@id":"https:\/\/hijasdejesus.org\/pt-br\/celebrando-antonita-de-maos-dadas-com-nossos-postulantes-em-manila\/","url":"https:\/\/hijasdejesus.org\/pt-br\/celebrando-antonita-de-maos-dadas-com-nossos-postulantes-em-manila\/","name":"Celebrando Anto\u00f1ita: de m\u00e3os dadas com nossos postulantes em Manila - Hijas de Jes\u00fas","isPartOf":{"@id":"https:\/\/hijasdejesus.org\/pt-br\/#website"},"primaryImageOfPage":{"@id":"https:\/\/hijasdejesus.org\/pt-br\/celebrando-antonita-de-maos-dadas-com-nossos-postulantes-em-manila\/#primaryimage"},"image":{"@id":"https:\/\/hijasdejesus.org\/pt-br\/celebrando-antonita-de-maos-dadas-com-nossos-postulantes-em-manila\/#primaryimage"},"thumbnailUrl":"https:\/\/hijasdejesus.org\/wp-content\/uploads\/2026\/04\/Portadas-web-6.png","datePublished":"2026-04-26T16:00:00+00:00","dateModified":"2026-04-26T16:00:32+00:00","description":"Nesta celebra\u00e7\u00e3o da Bem-aventurada Maria Antonia Bandr\u00e9s, \"Anto\u00f1ita\", padroeira das Filhas de Jesus na Forma\u00e7\u00e3o Inicial. Neste dia, as postulantes da casa de forma\u00e7\u00e3o do Pac\u00edfico \u00cdndico, nas Filipinas, quiseram compartilhar com toda a fam\u00edlia das Filhas de Jesus um v\u00eddeo em que nos mostram sua vida cotidiana.","breadcrumb":{"@id":"https:\/\/hijasdejesus.org\/pt-br\/celebrando-antonita-de-maos-dadas-com-nossos-postulantes-em-manila\/#breadcrumb"},"inLanguage":"pt-BR","potentialAction":[{"@type":"ReadAction","target":["https:\/\/hijasdejesus.org\/pt-br\/celebrando-antonita-de-maos-dadas-com-nossos-postulantes-em-manila\/"]}]},{"@type":"ImageObject","inLanguage":"pt-BR","@id":"https:\/\/hijasdejesus.org\/pt-br\/celebrando-antonita-de-maos-dadas-com-nossos-postulantes-em-manila\/#primaryimage","url":"https:\/\/hijasdejesus.org\/wp-content\/uploads\/2026\/04\/Portadas-web-6.png","contentUrl":"https:\/\/hijasdejesus.org\/wp-content\/uploads\/2026\/04\/Portadas-web-6.png","width":1748,"height":1240},{"@type":"BreadcrumbList","@id":"https:\/\/hijasdejesus.org\/pt-br\/celebrando-antonita-de-maos-dadas-com-nossos-postulantes-em-manila\/#breadcrumb","itemListElement":[{"@type":"ListItem","position":1,"name":"Portada","item":"https:\/\/hijasdejesus.org\/pt-br\/"},{"@type":"ListItem","position":2,"name":"Celebrando Anto\u00f1ita: de m\u00e3os dadas com nossos postulantes em Manila"}]},{"@type":"WebSite","@id":"https:\/\/hijasdejesus.org\/pt-br\/#website","url":"https:\/\/hijasdejesus.org\/pt-br\/","name":"Hijas de Jes\u00fas","description":"Despertamos a Jes\u00fas en el coraz\u00f3n, sacando lo mejor de las personas. Somos una congregaci\u00f3n religiosa ignaciana fundada por la Madre Candida","publisher":{"@id":"https:\/\/hijasdejesus.org\/pt-br\/#organization"},"potentialAction":[{"@type":"SearchAction","target":{"@type":"EntryPoint","urlTemplate":"https:\/\/hijasdejesus.org\/pt-br\/?s={search_term_string}"},"query-input":{"@type":"PropertyValueSpecification","valueRequired":true,"valueName":"search_term_string"}}],"inLanguage":"pt-BR"},{"@type":"Organization","@id":"https:\/\/hijasdejesus.org\/pt-br\/#organization","name":"Hijas de Jes\u00fas","url":"https:\/\/hijasdejesus.org\/pt-br\/","logo":{"@type":"ImageObject","inLanguage":"pt-BR","@id":"https:\/\/hijasdejesus.org\/pt-br\/#\/schema\/logo\/image\/","url":"https:\/\/hijasdejesus.org\/wp-content\/uploads\/2023\/01\/Hijas-de-Jesus_hor-A7C957.png","contentUrl":"https:\/\/hijasdejesus.org\/wp-content\/uploads\/2023\/01\/Hijas-de-Jesus_hor-A7C957.png","width":700,"height":360,"caption":"Hijas de Jes\u00fas"},"image":{"@id":"https:\/\/hijasdejesus.org\/pt-br\/#\/schema\/logo\/image\/"},"sameAs":["https:\/\/www.facebook.com\/hijasdejesusenelmundo\/","https:\/\/x.com\/hijasdjesus"]},{"@type":"Person","@id":"https:\/\/hijasdejesus.org\/pt-br\/#\/schema\/person\/91b9e676dca8842a983b89793a34e5b8","name":"Comunicaci\u00f3n Internacional","image":{"@type":"ImageObject","inLanguage":"pt-BR","@id":"https:\/\/secure.gravatar.com\/avatar\/dcb9b61797c934872aa9209ebf48b92edfeb0819dcdcaa77cd84879d6def414d?s=96&d=mm&r=g","url":"https:\/\/secure.gravatar.com\/avatar\/dcb9b61797c934872aa9209ebf48b92edfeb0819dcdcaa77cd84879d6def414d?s=96&d=mm&r=g","contentUrl":"https:\/\/secure.gravatar.com\/avatar\/dcb9b61797c934872aa9209ebf48b92edfeb0819dcdcaa77cd84879d6def414d?s=96&d=mm&r=g","caption":"Comunicaci\u00f3n Internacional"},"url":"https:\/\/hijasdejesus.org\/pt-br\/author\/comunicacion-internacional\/"}]}},"_links":{"self":[{"href":"https:\/\/hijasdejesus.org\/pt-br\/wp-json\/wp\/v2\/posts\/53644","targetHints":{"allow":["GET"]}}],"collection":[{"href":"https:\/\/hijasdejesus.org\/pt-br\/wp-json\/wp\/v2\/posts"}],"about":[{"href":"https:\/\/hijasdejesus.org\/pt-br\/wp-json\/wp\/v2\/types\/post"}],"author":[{"embeddable":true,"href":"https:\/\/hijasdejesus.org\/pt-br\/wp-json\/wp\/v2\/users\/36"}],"replies":[{"embeddable":true,"href":"https:\/\/hijasdejesus.org\/pt-br\/wp-json\/wp\/v2\/comments?post=53644"}],"version-history":[{"count":1,"href":"https:\/\/hijasdejesus.org\/pt-br\/wp-json\/wp\/v2\/posts\/53644\/revisions"}],"predecessor-version":[{"id":53647,"href":"https:\/\/hijasdejesus.org\/pt-br\/wp-json\/wp\/v2\/posts\/53644\/revisions\/53647"}],"wp:featuredmedia":[{"embeddable":true,"href":"https:\/\/hijasdejesus.org\/pt-br\/wp-json\/wp\/v2\/media\/53601"}],"wp:attachment":[{"href":"https:\/\/hijasdejesus.org\/pt-br\/wp-json\/wp\/v2\/media?parent=53644"}],"wp:term":[{"taxonomy":"category","embeddable":true,"href":"https:\/\/hijasdejesus.org\/pt-br\/wp-json\/wp\/v2\/categories?post=53644"},{"taxonomy":"post_tag","embeddable":true,"href":"https:\/\/hijasdejesus.org\/pt-br\/wp-json\/wp\/v2\/tags?post=53644"}],"curies":[{"name":"wp","href":"https:\/\/api.w.org\/{rel}","templated":true}]}}