{"id":53651,"date":"2026-04-27T01:00:00","date_gmt":"2026-04-26T23:00:00","guid":{"rendered":"https:\/\/hijasdejesus.org\/antonita-e-fasfi-quero-atender-a-todos\/"},"modified":"2026-04-27T01:00:39","modified_gmt":"2026-04-26T23:00:39","slug":"antonita-e-fasfi-quero-atender-a-todos","status":"publish","type":"post","link":"https:\/\/hijasdejesus.org\/pt-br\/antonita-e-fasfi-quero-atender-a-todos\/","title":{"rendered":"Anto\u00f1ita e FASFI: Quero atender a todos."},"content":{"rendered":"\n<p><a href=\"https:\/\/hijasdejesus.org\/pt-br\/27-de-abril-dia-de-antonita-e-dia-da-fasfi\/\" type=\"link\" id=\"https:\/\/hijasdejesus.org\/27-de-abril-dia-de-antonita-y-dia-fasfi\/\">Neste 27 de abril<\/a>, celebramos <strong>a Beata Mar\u00eda Antonia Bandr\u00e9s (Anto\u00f1ita)<\/strong> e, junto com ela, <strong>o Dia da FASFI<\/strong>. Anto\u00f1ita n\u00e3o \u00e9 apenas um modelo de juventude, mas tamb\u00e9m uma refer\u00eancia de profunda solidariedade. Sua vida nos deixou uma li\u00e7\u00e3o que ressoa hoje mais forte do que nunca: <em>&#8220;Seguir Jesus e estar ao lado dos pobres s\u00e3o a mesma coisa&#8221;<\/em>.  <\/p>\n\n<h2 class=\"wp-block-heading\">Presen\u00e7a e esperan\u00e7a nas periferias<\/h2>\n\n<p><strong>A Determina\u00e7\u00e3o CGXIX (N. 23)<\/strong> nos incita a olhar para as periferias geogr\u00e1ficas e existenciais que est\u00e3o se multiplicando em nosso mundo. Diante da cultura do descarte, as Filhas de Jesus se sentem chamadas a: <\/p>\n\n<p class=\"has-text-align-center\"><em><kbd>\"Estar presente com nossos irm\u00e3os e irm\u00e3s que sofrem, contribuindo com nosso gr\u00e3o de mostarda... encarnando a presen\u00e7a viva de Cristo\".<\/kbd><\/em><\/p>\n\n<p>Essa &#8220;semente de mostarda&#8221; \u00e9 exatamente o que a <strong>Fundaci\u00f3n Ayuda Solidaria Hijas de Jes\u00fas (FASFI)<\/strong> personifica. A resposta da Funda\u00e7\u00e3o aos desafios de hoje \u00e9 a mesma que moveu Anto\u00f1ita nos bairros de Toulouse: uma institui\u00e7\u00e3o de caridade que n\u00e3o espera, que arrega\u00e7a as mangas e busca dignificar cada pessoa. <\/p>\n\n<h2 class=\"wp-block-heading\">FASFI: Junte-se a n\u00f3s em nossa miss\u00e3o de solidariedade<\/h2>\n\n<p>A Daughters of Jesus Solidarity Aid Foundation \u00e9 uma organiza\u00e7\u00e3o n\u00e3o governamental criada em 2003 pela Congrega\u00e7\u00e3o das Filhas de Jesus, com o objetivo de apoiar pa\u00edses e grupos em situa\u00e7\u00f5es vulner\u00e1veis. Sua miss\u00e3o \u00e9 aumentar a conscientiza\u00e7\u00e3o, informar, tornar a coopera\u00e7\u00e3o internacional uma realidade, bem como promover a participa\u00e7\u00e3o e o voluntariado social.<\/p>\n\n<p>O gr\u00e3o de mostarda cresce gra\u00e7as ao compromisso compartilhado. Convidamos voc\u00ea a saber mais sobre os projetos que apoiamos em todo o mundo e descobrir como voc\u00ea pode fazer parte desse motor de mudan\u00e7a. Seja por meio de voluntariado, tornando-se um membro ou fazendo uma doa\u00e7\u00e3o \u00fanica, sua ajuda permite que a esperan\u00e7a chegue onde ela \u00e9 mais necess\u00e1ria.  <\/p>\n\n<p><\/p>\n\n<div class=\"wp-block-buttons is-content-justification-center is-layout-flex wp-container-core-buttons-is-layout-16018d1d wp-block-buttons-is-layout-flex\">\n<div class=\"wp-block-button is-style-outline is-style-outline--1\"><a class=\"wp-block-button__link has-text-align-center wp-element-button\" href=\"https:\/\/www.fasfi.org\/\"><strong>Visite o site da FASFI!  <\/strong><\/a><\/div>\n<\/div>\n\n<p><\/p>\n\n<p>Que a alegria de Anto\u00f1ita e o impulso do CGXIX nos ajudem a continuar sendo instrumentos de equidade e bem-estar social onde a vida mais precisa.<\/p>\n","protected":false},"excerpt":{"rendered":"<p>Neste 27 de abril, celebramos a Beata Mar\u00eda Antonia Bandr\u00e9s (Anto\u00f1ita) e, junto com ela, o Dia da FASFI. Anto\u00f1ita n\u00e3o \u00e9 apenas um modelo de juventude, mas tamb\u00e9m uma refer\u00eancia de profunda solidariedade. Sua vida nos deixou uma li\u00e7\u00e3o que ressoa hoje mais forte do que nunca: &#8220;Seguir Jesus e estar ao lado dos [&hellip;]<\/p>\n","protected":false},"author":36,"featured_media":53607,"comment_status":"closed","ping_status":"closed","sticky":false,"template":"","format":"standard","meta":{"_et_pb_use_builder":"","_et_pb_old_content":"","_et_gb_content_width":"","footnotes":"","_links_to":"","_links_to_target":""},"categories":[523,742,469],"tags":[859,1012],"class_list":["post-53651","post","type-post","status-publish","format-standard","has-post-thumbnail","hentry","category-fasfi-pt-br","category-justica-social","category-noticias-pt-br","tag-antonita-pt-br","tag-ma-antonia-bandres-pt-br"],"yoast_head":"<!-- This site is optimized with the Yoast SEO plugin v27.4 - https:\/\/yoast.com\/product\/yoast-seo-wordpress\/ -->\n<title>Anto\u00f1ita e FASFI: Quero atender a todos. - Hijas de Jes\u00fas<\/title>\n<meta name=\"description\" content=\"Neste 27 de abril, celebramos a Beata Mar\u00eda Antonia Bandr\u00e9s (Anto\u00f1ita) e, junto com ela, o Dia da FASFI. Anto\u00f1ita n\u00e3o \u00e9 apenas um modelo de juventude, mas tamb\u00e9m uma refer\u00eancia de profunda solidariedade. Sua vida nos deixou uma li\u00e7\u00e3o que ressoa hoje mais forte do que nunca: &quot;Seguir Jesus e estar ao lado dos pobres s\u00e3o a mesma coisa&quot;.\" \/>\n<meta name=\"robots\" content=\"index, follow, max-snippet:-1, max-image-preview:large, max-video-preview:-1\" \/>\n<link rel=\"canonical\" href=\"https:\/\/hijasdejesus.org\/pt-br\/antonita-e-fasfi-quero-atender-a-todos\/\" \/>\n<meta property=\"og:locale\" content=\"pt_BR\" \/>\n<meta property=\"og:type\" content=\"article\" \/>\n<meta property=\"og:title\" content=\"Anto\u00f1ita e FASFI: Quero atender a todos. - Hijas de Jes\u00fas\" \/>\n<meta property=\"og:description\" content=\"Neste 27 de abril, celebramos a Beata Mar\u00eda Antonia Bandr\u00e9s (Anto\u00f1ita) e, junto com ela, o Dia da FASFI. Anto\u00f1ita n\u00e3o \u00e9 apenas um modelo de juventude, mas tamb\u00e9m uma refer\u00eancia de profunda solidariedade. Sua vida nos deixou uma li\u00e7\u00e3o que ressoa hoje mais forte do que nunca: &quot;Seguir Jesus e estar ao lado dos pobres s\u00e3o a mesma coisa&quot;.\" \/>\n<meta property=\"og:url\" content=\"https:\/\/hijasdejesus.org\/pt-br\/antonita-e-fasfi-quero-atender-a-todos\/\" \/>\n<meta property=\"og:site_name\" content=\"Hijas de Jes\u00fas\" \/>\n<meta property=\"article:publisher\" content=\"https:\/\/www.facebook.com\/hijasdejesusenelmundo\/\" \/>\n<meta property=\"article:published_time\" content=\"2026-04-26T23:00:00+00:00\" \/>\n<meta property=\"article:modified_time\" content=\"2026-04-26T23:00:39+00:00\" \/>\n<meta property=\"og:image\" content=\"https:\/\/hijasdejesus.org\/wp-content\/uploads\/2026\/04\/Portadas-web-7.png\" \/>\n\t<meta property=\"og:image:width\" content=\"1748\" \/>\n\t<meta property=\"og:image:height\" content=\"1240\" \/>\n\t<meta property=\"og:image:type\" content=\"image\/png\" \/>\n<meta name=\"author\" content=\"Comunicaci\u00f3n Internacional\" \/>\n<meta name=\"twitter:card\" content=\"summary_large_image\" \/>\n<meta name=\"twitter:creator\" content=\"@hijasdjesus\" \/>\n<meta name=\"twitter:site\" content=\"@hijasdjesus\" \/>\n<meta name=\"twitter:label1\" content=\"Escrito por\" \/>\n\t<meta name=\"twitter:data1\" content=\"Comunicaci\u00f3n Internacional\" \/>\n\t<meta name=\"twitter:label2\" content=\"Est. tempo de leitura\" \/>\n\t<meta name=\"twitter:data2\" content=\"2 minutos\" \/>\n<script type=\"application\/ld+json\" class=\"yoast-schema-graph\">{\"@context\":\"https:\\\/\\\/schema.org\",\"@graph\":[{\"@type\":\"Article\",\"@id\":\"https:\\\/\\\/hijasdejesus.org\\\/pt-br\\\/antonita-e-fasfi-quero-atender-a-todos\\\/#article\",\"isPartOf\":{\"@id\":\"https:\\\/\\\/hijasdejesus.org\\\/pt-br\\\/antonita-e-fasfi-quero-atender-a-todos\\\/\"},\"author\":{\"name\":\"Comunicaci\u00f3n Internacional\",\"@id\":\"https:\\\/\\\/hijasdejesus.org\\\/pt-br\\\/#\\\/schema\\\/person\\\/91b9e676dca8842a983b89793a34e5b8\"},\"headline\":\"Anto\u00f1ita e FASFI: Quero atender a todos.\",\"datePublished\":\"2026-04-26T23:00:00+00:00\",\"dateModified\":\"2026-04-26T23:00:39+00:00\",\"mainEntityOfPage\":{\"@id\":\"https:\\\/\\\/hijasdejesus.org\\\/pt-br\\\/antonita-e-fasfi-quero-atender-a-todos\\\/\"},\"wordCount\":368,\"publisher\":{\"@id\":\"https:\\\/\\\/hijasdejesus.org\\\/pt-br\\\/#organization\"},\"image\":{\"@id\":\"https:\\\/\\\/hijasdejesus.org\\\/pt-br\\\/antonita-e-fasfi-quero-atender-a-todos\\\/#primaryimage\"},\"thumbnailUrl\":\"https:\\\/\\\/hijasdejesus.org\\\/wp-content\\\/uploads\\\/2026\\\/04\\\/Portadas-web-7.png\",\"keywords\":[\"Anto\u00f1ita\",\"M\u00aa Antonia Bandr\u00e9s\"],\"articleSection\":[\"FASFI\",\"Justi\u00e7a Social\",\"Not\u00edcias\"],\"inLanguage\":\"pt-BR\"},{\"@type\":\"WebPage\",\"@id\":\"https:\\\/\\\/hijasdejesus.org\\\/pt-br\\\/antonita-e-fasfi-quero-atender-a-todos\\\/\",\"url\":\"https:\\\/\\\/hijasdejesus.org\\\/pt-br\\\/antonita-e-fasfi-quero-atender-a-todos\\\/\",\"name\":\"Anto\u00f1ita e FASFI: Quero atender a todos. - Hijas de Jes\u00fas\",\"isPartOf\":{\"@id\":\"https:\\\/\\\/hijasdejesus.org\\\/pt-br\\\/#website\"},\"primaryImageOfPage\":{\"@id\":\"https:\\\/\\\/hijasdejesus.org\\\/pt-br\\\/antonita-e-fasfi-quero-atender-a-todos\\\/#primaryimage\"},\"image\":{\"@id\":\"https:\\\/\\\/hijasdejesus.org\\\/pt-br\\\/antonita-e-fasfi-quero-atender-a-todos\\\/#primaryimage\"},\"thumbnailUrl\":\"https:\\\/\\\/hijasdejesus.org\\\/wp-content\\\/uploads\\\/2026\\\/04\\\/Portadas-web-7.png\",\"datePublished\":\"2026-04-26T23:00:00+00:00\",\"dateModified\":\"2026-04-26T23:00:39+00:00\",\"description\":\"Neste 27 de abril, celebramos a Beata Mar\u00eda Antonia Bandr\u00e9s (Anto\u00f1ita) e, junto com ela, o Dia da FASFI. Anto\u00f1ita n\u00e3o \u00e9 apenas um modelo de juventude, mas tamb\u00e9m uma refer\u00eancia de profunda solidariedade. Sua vida nos deixou uma li\u00e7\u00e3o que ressoa hoje mais forte do que nunca: \\\"Seguir Jesus e estar ao lado dos pobres s\u00e3o a mesma coisa\\\".\",\"breadcrumb\":{\"@id\":\"https:\\\/\\\/hijasdejesus.org\\\/pt-br\\\/antonita-e-fasfi-quero-atender-a-todos\\\/#breadcrumb\"},\"inLanguage\":\"pt-BR\",\"potentialAction\":[{\"@type\":\"ReadAction\",\"target\":[\"https:\\\/\\\/hijasdejesus.org\\\/pt-br\\\/antonita-e-fasfi-quero-atender-a-todos\\\/\"]}]},{\"@type\":\"ImageObject\",\"inLanguage\":\"pt-BR\",\"@id\":\"https:\\\/\\\/hijasdejesus.org\\\/pt-br\\\/antonita-e-fasfi-quero-atender-a-todos\\\/#primaryimage\",\"url\":\"https:\\\/\\\/hijasdejesus.org\\\/wp-content\\\/uploads\\\/2026\\\/04\\\/Portadas-web-7.png\",\"contentUrl\":\"https:\\\/\\\/hijasdejesus.org\\\/wp-content\\\/uploads\\\/2026\\\/04\\\/Portadas-web-7.png\",\"width\":1748,\"height\":1240},{\"@type\":\"BreadcrumbList\",\"@id\":\"https:\\\/\\\/hijasdejesus.org\\\/pt-br\\\/antonita-e-fasfi-quero-atender-a-todos\\\/#breadcrumb\",\"itemListElement\":[{\"@type\":\"ListItem\",\"position\":1,\"name\":\"Portada\",\"item\":\"https:\\\/\\\/hijasdejesus.org\\\/pt-br\\\/\"},{\"@type\":\"ListItem\",\"position\":2,\"name\":\"Anto\u00f1ita e FASFI: Quero atender a todos.\"}]},{\"@type\":\"WebSite\",\"@id\":\"https:\\\/\\\/hijasdejesus.org\\\/pt-br\\\/#website\",\"url\":\"https:\\\/\\\/hijasdejesus.org\\\/pt-br\\\/\",\"name\":\"Hijas de Jes\u00fas\",\"description\":\"Despertamos a Jes\u00fas en el coraz\u00f3n, sacando lo mejor de las personas. Somos una congregaci\u00f3n religiosa ignaciana fundada por la Madre Candida\",\"publisher\":{\"@id\":\"https:\\\/\\\/hijasdejesus.org\\\/pt-br\\\/#organization\"},\"potentialAction\":[{\"@type\":\"SearchAction\",\"target\":{\"@type\":\"EntryPoint\",\"urlTemplate\":\"https:\\\/\\\/hijasdejesus.org\\\/pt-br\\\/?s={search_term_string}\"},\"query-input\":{\"@type\":\"PropertyValueSpecification\",\"valueRequired\":true,\"valueName\":\"search_term_string\"}}],\"inLanguage\":\"pt-BR\"},{\"@type\":\"Organization\",\"@id\":\"https:\\\/\\\/hijasdejesus.org\\\/pt-br\\\/#organization\",\"name\":\"Hijas de Jes\u00fas\",\"url\":\"https:\\\/\\\/hijasdejesus.org\\\/pt-br\\\/\",\"logo\":{\"@type\":\"ImageObject\",\"inLanguage\":\"pt-BR\",\"@id\":\"https:\\\/\\\/hijasdejesus.org\\\/pt-br\\\/#\\\/schema\\\/logo\\\/image\\\/\",\"url\":\"https:\\\/\\\/hijasdejesus.org\\\/wp-content\\\/uploads\\\/2023\\\/01\\\/Hijas-de-Jesus_hor-A7C957.png\",\"contentUrl\":\"https:\\\/\\\/hijasdejesus.org\\\/wp-content\\\/uploads\\\/2023\\\/01\\\/Hijas-de-Jesus_hor-A7C957.png\",\"width\":700,\"height\":360,\"caption\":\"Hijas de Jes\u00fas\"},\"image\":{\"@id\":\"https:\\\/\\\/hijasdejesus.org\\\/pt-br\\\/#\\\/schema\\\/logo\\\/image\\\/\"},\"sameAs\":[\"https:\\\/\\\/www.facebook.com\\\/hijasdejesusenelmundo\\\/\",\"https:\\\/\\\/x.com\\\/hijasdjesus\"]},{\"@type\":\"Person\",\"@id\":\"https:\\\/\\\/hijasdejesus.org\\\/pt-br\\\/#\\\/schema\\\/person\\\/91b9e676dca8842a983b89793a34e5b8\",\"name\":\"Comunicaci\u00f3n Internacional\",\"image\":{\"@type\":\"ImageObject\",\"inLanguage\":\"pt-BR\",\"@id\":\"https:\\\/\\\/secure.gravatar.com\\\/avatar\\\/dcb9b61797c934872aa9209ebf48b92edfeb0819dcdcaa77cd84879d6def414d?s=96&d=mm&r=g\",\"url\":\"https:\\\/\\\/secure.gravatar.com\\\/avatar\\\/dcb9b61797c934872aa9209ebf48b92edfeb0819dcdcaa77cd84879d6def414d?s=96&d=mm&r=g\",\"contentUrl\":\"https:\\\/\\\/secure.gravatar.com\\\/avatar\\\/dcb9b61797c934872aa9209ebf48b92edfeb0819dcdcaa77cd84879d6def414d?s=96&d=mm&r=g\",\"caption\":\"Comunicaci\u00f3n Internacional\"},\"url\":\"https:\\\/\\\/hijasdejesus.org\\\/pt-br\\\/author\\\/comunicacion-internacional\\\/\"}]}<\/script>\n<!-- \/ Yoast SEO plugin. -->","yoast_head_json":{"title":"Anto\u00f1ita e FASFI: Quero atender a todos. - Hijas de Jes\u00fas","description":"Neste 27 de abril, celebramos a Beata Mar\u00eda Antonia Bandr\u00e9s (Anto\u00f1ita) e, junto com ela, o Dia da FASFI. Anto\u00f1ita n\u00e3o \u00e9 apenas um modelo de juventude, mas tamb\u00e9m uma refer\u00eancia de profunda solidariedade. Sua vida nos deixou uma li\u00e7\u00e3o que ressoa hoje mais forte do que nunca: \"Seguir Jesus e estar ao lado dos pobres s\u00e3o a mesma coisa\".","robots":{"index":"index","follow":"follow","max-snippet":"max-snippet:-1","max-image-preview":"max-image-preview:large","max-video-preview":"max-video-preview:-1"},"canonical":"https:\/\/hijasdejesus.org\/pt-br\/antonita-e-fasfi-quero-atender-a-todos\/","og_locale":"pt_BR","og_type":"article","og_title":"Anto\u00f1ita e FASFI: Quero atender a todos. - Hijas de Jes\u00fas","og_description":"Neste 27 de abril, celebramos a Beata Mar\u00eda Antonia Bandr\u00e9s (Anto\u00f1ita) e, junto com ela, o Dia da FASFI. Anto\u00f1ita n\u00e3o \u00e9 apenas um modelo de juventude, mas tamb\u00e9m uma refer\u00eancia de profunda solidariedade. Sua vida nos deixou uma li\u00e7\u00e3o que ressoa hoje mais forte do que nunca: \"Seguir Jesus e estar ao lado dos pobres s\u00e3o a mesma coisa\".","og_url":"https:\/\/hijasdejesus.org\/pt-br\/antonita-e-fasfi-quero-atender-a-todos\/","og_site_name":"Hijas de Jes\u00fas","article_publisher":"https:\/\/www.facebook.com\/hijasdejesusenelmundo\/","article_published_time":"2026-04-26T23:00:00+00:00","article_modified_time":"2026-04-26T23:00:39+00:00","og_image":[{"width":1748,"height":1240,"url":"https:\/\/hijasdejesus.org\/wp-content\/uploads\/2026\/04\/Portadas-web-7.png","type":"image\/png"}],"author":"Comunicaci\u00f3n Internacional","twitter_card":"summary_large_image","twitter_creator":"@hijasdjesus","twitter_site":"@hijasdjesus","twitter_misc":{"Escrito por":"Comunicaci\u00f3n Internacional","Est. tempo de leitura":"2 minutos"},"schema":{"@context":"https:\/\/schema.org","@graph":[{"@type":"Article","@id":"https:\/\/hijasdejesus.org\/pt-br\/antonita-e-fasfi-quero-atender-a-todos\/#article","isPartOf":{"@id":"https:\/\/hijasdejesus.org\/pt-br\/antonita-e-fasfi-quero-atender-a-todos\/"},"author":{"name":"Comunicaci\u00f3n Internacional","@id":"https:\/\/hijasdejesus.org\/pt-br\/#\/schema\/person\/91b9e676dca8842a983b89793a34e5b8"},"headline":"Anto\u00f1ita e FASFI: Quero atender a todos.","datePublished":"2026-04-26T23:00:00+00:00","dateModified":"2026-04-26T23:00:39+00:00","mainEntityOfPage":{"@id":"https:\/\/hijasdejesus.org\/pt-br\/antonita-e-fasfi-quero-atender-a-todos\/"},"wordCount":368,"publisher":{"@id":"https:\/\/hijasdejesus.org\/pt-br\/#organization"},"image":{"@id":"https:\/\/hijasdejesus.org\/pt-br\/antonita-e-fasfi-quero-atender-a-todos\/#primaryimage"},"thumbnailUrl":"https:\/\/hijasdejesus.org\/wp-content\/uploads\/2026\/04\/Portadas-web-7.png","keywords":["Anto\u00f1ita","M\u00aa Antonia Bandr\u00e9s"],"articleSection":["FASFI","Justi\u00e7a Social","Not\u00edcias"],"inLanguage":"pt-BR"},{"@type":"WebPage","@id":"https:\/\/hijasdejesus.org\/pt-br\/antonita-e-fasfi-quero-atender-a-todos\/","url":"https:\/\/hijasdejesus.org\/pt-br\/antonita-e-fasfi-quero-atender-a-todos\/","name":"Anto\u00f1ita e FASFI: Quero atender a todos. - Hijas de Jes\u00fas","isPartOf":{"@id":"https:\/\/hijasdejesus.org\/pt-br\/#website"},"primaryImageOfPage":{"@id":"https:\/\/hijasdejesus.org\/pt-br\/antonita-e-fasfi-quero-atender-a-todos\/#primaryimage"},"image":{"@id":"https:\/\/hijasdejesus.org\/pt-br\/antonita-e-fasfi-quero-atender-a-todos\/#primaryimage"},"thumbnailUrl":"https:\/\/hijasdejesus.org\/wp-content\/uploads\/2026\/04\/Portadas-web-7.png","datePublished":"2026-04-26T23:00:00+00:00","dateModified":"2026-04-26T23:00:39+00:00","description":"Neste 27 de abril, celebramos a Beata Mar\u00eda Antonia Bandr\u00e9s (Anto\u00f1ita) e, junto com ela, o Dia da FASFI. Anto\u00f1ita n\u00e3o \u00e9 apenas um modelo de juventude, mas tamb\u00e9m uma refer\u00eancia de profunda solidariedade. Sua vida nos deixou uma li\u00e7\u00e3o que ressoa hoje mais forte do que nunca: \"Seguir Jesus e estar ao lado dos pobres s\u00e3o a mesma coisa\".","breadcrumb":{"@id":"https:\/\/hijasdejesus.org\/pt-br\/antonita-e-fasfi-quero-atender-a-todos\/#breadcrumb"},"inLanguage":"pt-BR","potentialAction":[{"@type":"ReadAction","target":["https:\/\/hijasdejesus.org\/pt-br\/antonita-e-fasfi-quero-atender-a-todos\/"]}]},{"@type":"ImageObject","inLanguage":"pt-BR","@id":"https:\/\/hijasdejesus.org\/pt-br\/antonita-e-fasfi-quero-atender-a-todos\/#primaryimage","url":"https:\/\/hijasdejesus.org\/wp-content\/uploads\/2026\/04\/Portadas-web-7.png","contentUrl":"https:\/\/hijasdejesus.org\/wp-content\/uploads\/2026\/04\/Portadas-web-7.png","width":1748,"height":1240},{"@type":"BreadcrumbList","@id":"https:\/\/hijasdejesus.org\/pt-br\/antonita-e-fasfi-quero-atender-a-todos\/#breadcrumb","itemListElement":[{"@type":"ListItem","position":1,"name":"Portada","item":"https:\/\/hijasdejesus.org\/pt-br\/"},{"@type":"ListItem","position":2,"name":"Anto\u00f1ita e FASFI: Quero atender a todos."}]},{"@type":"WebSite","@id":"https:\/\/hijasdejesus.org\/pt-br\/#website","url":"https:\/\/hijasdejesus.org\/pt-br\/","name":"Hijas de Jes\u00fas","description":"Despertamos a Jes\u00fas en el coraz\u00f3n, sacando lo mejor de las personas. Somos una congregaci\u00f3n religiosa ignaciana fundada por la Madre Candida","publisher":{"@id":"https:\/\/hijasdejesus.org\/pt-br\/#organization"},"potentialAction":[{"@type":"SearchAction","target":{"@type":"EntryPoint","urlTemplate":"https:\/\/hijasdejesus.org\/pt-br\/?s={search_term_string}"},"query-input":{"@type":"PropertyValueSpecification","valueRequired":true,"valueName":"search_term_string"}}],"inLanguage":"pt-BR"},{"@type":"Organization","@id":"https:\/\/hijasdejesus.org\/pt-br\/#organization","name":"Hijas de Jes\u00fas","url":"https:\/\/hijasdejesus.org\/pt-br\/","logo":{"@type":"ImageObject","inLanguage":"pt-BR","@id":"https:\/\/hijasdejesus.org\/pt-br\/#\/schema\/logo\/image\/","url":"https:\/\/hijasdejesus.org\/wp-content\/uploads\/2023\/01\/Hijas-de-Jesus_hor-A7C957.png","contentUrl":"https:\/\/hijasdejesus.org\/wp-content\/uploads\/2023\/01\/Hijas-de-Jesus_hor-A7C957.png","width":700,"height":360,"caption":"Hijas de Jes\u00fas"},"image":{"@id":"https:\/\/hijasdejesus.org\/pt-br\/#\/schema\/logo\/image\/"},"sameAs":["https:\/\/www.facebook.com\/hijasdejesusenelmundo\/","https:\/\/x.com\/hijasdjesus"]},{"@type":"Person","@id":"https:\/\/hijasdejesus.org\/pt-br\/#\/schema\/person\/91b9e676dca8842a983b89793a34e5b8","name":"Comunicaci\u00f3n Internacional","image":{"@type":"ImageObject","inLanguage":"pt-BR","@id":"https:\/\/secure.gravatar.com\/avatar\/dcb9b61797c934872aa9209ebf48b92edfeb0819dcdcaa77cd84879d6def414d?s=96&d=mm&r=g","url":"https:\/\/secure.gravatar.com\/avatar\/dcb9b61797c934872aa9209ebf48b92edfeb0819dcdcaa77cd84879d6def414d?s=96&d=mm&r=g","contentUrl":"https:\/\/secure.gravatar.com\/avatar\/dcb9b61797c934872aa9209ebf48b92edfeb0819dcdcaa77cd84879d6def414d?s=96&d=mm&r=g","caption":"Comunicaci\u00f3n Internacional"},"url":"https:\/\/hijasdejesus.org\/pt-br\/author\/comunicacion-internacional\/"}]}},"_links":{"self":[{"href":"https:\/\/hijasdejesus.org\/pt-br\/wp-json\/wp\/v2\/posts\/53651","targetHints":{"allow":["GET"]}}],"collection":[{"href":"https:\/\/hijasdejesus.org\/pt-br\/wp-json\/wp\/v2\/posts"}],"about":[{"href":"https:\/\/hijasdejesus.org\/pt-br\/wp-json\/wp\/v2\/types\/post"}],"author":[{"embeddable":true,"href":"https:\/\/hijasdejesus.org\/pt-br\/wp-json\/wp\/v2\/users\/36"}],"replies":[{"embeddable":true,"href":"https:\/\/hijasdejesus.org\/pt-br\/wp-json\/wp\/v2\/comments?post=53651"}],"version-history":[{"count":3,"href":"https:\/\/hijasdejesus.org\/pt-br\/wp-json\/wp\/v2\/posts\/53651\/revisions"}],"predecessor-version":[{"id":53655,"href":"https:\/\/hijasdejesus.org\/pt-br\/wp-json\/wp\/v2\/posts\/53651\/revisions\/53655"}],"wp:featuredmedia":[{"embeddable":true,"href":"https:\/\/hijasdejesus.org\/pt-br\/wp-json\/wp\/v2\/media\/53607"}],"wp:attachment":[{"href":"https:\/\/hijasdejesus.org\/pt-br\/wp-json\/wp\/v2\/media?parent=53651"}],"wp:term":[{"taxonomy":"category","embeddable":true,"href":"https:\/\/hijasdejesus.org\/pt-br\/wp-json\/wp\/v2\/categories?post=53651"},{"taxonomy":"post_tag","embeddable":true,"href":"https:\/\/hijasdejesus.org\/pt-br\/wp-json\/wp\/v2\/tags?post=53651"}],"curies":[{"name":"wp","href":"https:\/\/api.w.org\/{rel}","templated":true}]}}