{"id":53719,"date":"2026-04-30T19:00:21","date_gmt":"2026-04-30T17:00:21","guid":{"rendered":"https:\/\/hijasdejesus.org\/trabalho-um-convite-para-sermos-cocriadores\/"},"modified":"2026-04-30T19:45:46","modified_gmt":"2026-04-30T17:45:46","slug":"trabalho-um-convite-para-sermos-cocriadores","status":"publish","type":"post","link":"https:\/\/hijasdejesus.org\/pt-br\/trabalho-um-convite-para-sermos-cocriadores\/","title":{"rendered":"Trabalho, um convite para sermos cocriadores"},"content":{"rendered":"\n<p>No Dia Internacional do Trabalho, n\u00f3s nos unimos como Fam\u00edlia Madre C\u00e2ndida para refletir sobre uma das dimens\u00f5es mais profundas do ser humano: nossa capacidade de transformar o mundo por meio do esfor\u00e7o di\u00e1rio. Mais do que uma necessidade de subsist\u00eancia, o trabalho \u00e9 uma voca\u00e7\u00e3o e um caminho para a realiza\u00e7\u00e3o.   <\/p>\n\n<h2 class=\"wp-block-heading\">Trabalhar em colabora\u00e7\u00e3o com o Criador<\/h2>\n\n<p>Do ponto de vista da f\u00e9, o trabalho n\u00e3o \u00e9 um fardo, mas uma distin\u00e7\u00e3o. Ao trabalhar, os seres humanos n\u00e3o apenas transformam a mat\u00e9ria ou prestam um servi\u00e7o, mas tamb\u00e9m <strong>participam ativamente da obra criativa de Deus.<\/strong> <\/p>\n\n<p>Ao colocarmos nossos talentos a servi\u00e7o dos outros, completamos a cria\u00e7\u00e3o, trazendo beleza, ordem e bem-estar ao mundo.<strong> <\/strong>O trabalho \u00e9 o est\u00e1gio em que forjamos nosso car\u00e1ter, cultivamos a paci\u00eancia, a criatividade e a responsabilidade. A dignidade do trabalho n\u00e3o est\u00e1 no tipo de tarefa executada, mas no fato de que \u00e9 uma pessoa &#8211; a imagem de Deus &#8211; que a executa. O trabalho est\u00e1 a servi\u00e7o do ser humano, e n\u00e3o o ser humano a servi\u00e7o do trabalho.  <\/p>\n\n<p><\/p>\n\n<h2 class=\"wp-block-heading\">Uma luz da Fratelli tutti<\/h2>\n\n<p>O Papa Francisco, <a href=\"https:\/\/www.vatican.va\/content\/francesco\/es\/encyclicals\/documents\/papa-francesco_20201003_enciclica-fratelli-tutti.html\">em sua enc\u00edclica sobre fraternidade e amizade social<\/a>, lembrou-nos de que o trabalho \u00e9 uma dimens\u00e3o indispens\u00e1vel da vida social. Ele n\u00e3o \u00e9 simplesmente um meio de consumo, mas uma forma de tecer comunidade e dignidade: <\/p>\n\n<p>&#8220;Pois n\u00e3o h\u00e1 pior pobreza do que aquela que priva as pessoas do trabalho e da dignidade do trabalho&#8221; (FT 162).<\/p>\n\n<p>Na mesma enc\u00edclica, somos convidados a garantir que a sociedade d\u00ea a todos a possibilidade de <strong>&#8220;fazer germinar as sementes que Deus colocou em cada um, as suas capacidades, a sua iniciativa, a sua for\u00e7a&#8221;<\/strong> (FT 162). O caminho para o desenvolvimento real n\u00e3o \u00e9 o bem-estar, mas a dignidade por meio do trabalho: <\/p>\n\n<p>&#8220;Em uma sociedade verdadeiramente desenvolvida, o trabalho \u00e9 uma dimens\u00e3o indispens\u00e1vel da vida social, pois n\u00e3o \u00e9 apenas um meio de ganhar a vida, mas tamb\u00e9m um canal para o crescimento pessoal, para o estabelecimento de relacionamentos saud\u00e1veis, para a autoexpress\u00e3o, para completar seus dons, para se sentir correspons\u00e1vel pela melhoria do mundo&#8221; (FT 162).<\/p>\n\n<p>No n\u00edvel de nossas institui\u00e7\u00f5es eclesiais e projetos compartilhados, esse esfor\u00e7o assume uma dimens\u00e3o maior. O Papa Francisco exalta o m\u00e9rito de exercer o que ele chama de <strong>&#8220;amor pol\u00edtico&#8221;:<\/strong>&#8220;Pois um indiv\u00edduo pode apoiar uma pessoa em necessidade, mas quando se une a outros para gerar processos sociais de fraternidade e justi\u00e7a para todos, entra no campo da caridade mais ampla, a caridade pol\u00edtica&#8221; (FT 180). <\/p>\n\n<p>Nessa enc\u00edclica, ele tamb\u00e9m faz um apelo urgente ao setor empresarial para que promova uma pol\u00edtica econ\u00f4mica ativa que favore\u00e7a a &#8220;diversidade produtiva e a criatividade empresarial&#8221;, de modo que os empregos possam ser aumentados em vez de reduzidos (FT 168). <\/p>\n\n<p>Esse trabalho conjunto n\u00e3o se refere apenas a resultados imediatos, mas \u00e0 transforma\u00e7\u00e3o de estruturas para tornar o trabalho decente uma realidade para todos.<\/p>\n\n<h2 class=\"wp-block-heading\">Ora\u00e7\u00e3o e compromisso<\/h2>\n\n<p>Neste dia, nossas ora\u00e7\u00f5es se elevam especialmente para aqueles que sofrem com a falta de emprego decente ou s\u00e3o v\u00edtimas de explora\u00e7\u00e3o.<\/p>\n\n<p><strong>Oremos<\/strong> para que as estruturas econ\u00f4micas sempre coloquem as pessoas no centro.<\/p>\n\n<ul class=\"wp-block-list\">\n<li><strong>Oremos<\/strong> por aqueles que est\u00e3o procurando emprego, para que n\u00e3o percam a esperan\u00e7a e encontrem portas abertas.<\/li>\n\n\n\n<li><strong>Sejamos gratos<\/strong> por nossa pr\u00f3pria capacidade de trabalhar e de sermos &#8220;cocriadores&#8221; neste mundo que Deus nos confiou.<\/li>\n<\/ul>\n\n<p>Essa ora\u00e7\u00e3o pode ajudar voc\u00ea em sua experi\u00eancia de trabalho, n\u00e3o apenas nesse dia, mas tamb\u00e9m ao longo do ano&#8230;  <\/p>\n\n<p class=\"has-text-align-center\">S\u00e3o Jos\u00e9, homem simples e fiel,<br\/>voc\u00ea que cuidou de Jesus e Maria com seu trabalho di\u00e1rio,<br\/>tamb\u00e9m acompanha minhas buscas, meus esfor\u00e7os e minhas incertezas.<\/p>\n\n<p class=\"has-text-align-center\">Ensine-me a reconhecer os dons que Deus colocou em mim,<br\/>a trabalh\u00e1-los com const\u00e2ncia e a coloc\u00e1-los a servi\u00e7o dos outros.<br\/>Abra caminhos para desenvolver um trabalho digno, justo e est\u00e1vel,<br\/>onde eu possa crescer, contribuir e viver com esperan\u00e7a.<\/p>\n\n<p class=\"has-text-align-center\">D\u00ea-me paci\u00eancia na espera, lucidez para fazer a escolha certa<br\/>e for\u00e7a para n\u00e3o desistir quando surgirem dificuldades.<\/p>\n\n<p class=\"has-text-align-center\">Que nunca falte o necess\u00e1rio em minha casa,<br\/>e que nunca falte confian\u00e7a, uni\u00e3o e gratid\u00e3o.<\/p>\n\n<p class=\"has-text-align-center\">Como voc\u00ea, quero aprender a ouvir Deus na vida cotidiana,<br\/>a servir sem buscar aplausos<br\/>e a caminhar com humildade e coragem.<\/p>\n\n<p class=\"has-text-align-center\">S\u00e3o Jos\u00e9, companheiro silencioso e pr\u00f3ximo, pe\u00e7o por minha fam\u00edlia, por meus colegas de trabalho e por mim. <strong>Am\u00e9m<\/strong>.<\/p>\n\n<p><\/p>\n\n<p class=\"has-text-align-left\">Que o exemplo de S\u00e3o Jos\u00e9 Oper\u00e1rio nos inspire a viver nosso trabalho di\u00e1rio como um ato de dedica\u00e7\u00e3o e constru\u00e7\u00e3o de um mundo mais fraterno.<\/p>\n\n<p><\/p>\n\n<figure class=\"wp-block-gallery has-nested-images columns-default is-cropped wp-block-gallery-1 is-layout-flex wp-block-gallery-is-layout-flex\">\n<figure class=\"wp-block-image size-large\"><img loading=\"lazy\" decoding=\"async\" width=\"1024\" height=\"1024\" data-id=\"53702\" src=\"https:\/\/hijasdejesus.org\/wp-content\/uploads\/2026\/04\/Carta-a-laicos-as-1-2-1024x1024.png\" alt=\"\" class=\"wp-image-53702\" srcset=\"https:\/\/hijasdejesus.org\/wp-content\/uploads\/2026\/04\/Carta-a-laicos-as-1-2-1024x1024.png 1024w, https:\/\/hijasdejesus.org\/wp-content\/uploads\/2026\/04\/Carta-a-laicos-as-1-2-980x980.png 980w, https:\/\/hijasdejesus.org\/wp-content\/uploads\/2026\/04\/Carta-a-laicos-as-1-2-480x480.png 480w\" sizes=\"(min-width: 0px) and (max-width: 480px) 480px, (min-width: 481px) and (max-width: 980px) 980px, (min-width: 981px) 1024px, 100vw\" \/><\/figure>\n\n\n\n<figure class=\"wp-block-image size-large\"><img loading=\"lazy\" decoding=\"async\" width=\"1024\" height=\"1024\" data-id=\"53707\" src=\"https:\/\/hijasdejesus.org\/wp-content\/uploads\/2026\/04\/Carta-a-laicos-as-2-1024x1024.png\" alt=\"\" class=\"wp-image-53707\" srcset=\"https:\/\/hijasdejesus.org\/wp-content\/uploads\/2026\/04\/Carta-a-laicos-as-2-1024x1024.png 1024w, https:\/\/hijasdejesus.org\/wp-content\/uploads\/2026\/04\/Carta-a-laicos-as-2-980x980.png 980w, https:\/\/hijasdejesus.org\/wp-content\/uploads\/2026\/04\/Carta-a-laicos-as-2-480x480.png 480w\" sizes=\"(min-width: 0px) and (max-width: 480px) 480px, (min-width: 481px) and (max-width: 980px) 980px, (min-width: 981px) 1024px, 100vw\" \/><\/figure>\n\n\n\n<figure class=\"wp-block-image size-large\"><img loading=\"lazy\" decoding=\"async\" width=\"1024\" height=\"1024\" data-id=\"53690\" src=\"https:\/\/hijasdejesus.org\/wp-content\/uploads\/2026\/04\/Carta-a-laicos-as-3-1024x1024.png\" alt=\"\" class=\"wp-image-53690\" srcset=\"https:\/\/hijasdejesus.org\/wp-content\/uploads\/2026\/04\/Carta-a-laicos-as-3-1024x1024.png 1024w, https:\/\/hijasdejesus.org\/wp-content\/uploads\/2026\/04\/Carta-a-laicos-as-3-980x980.png 980w, https:\/\/hijasdejesus.org\/wp-content\/uploads\/2026\/04\/Carta-a-laicos-as-3-480x480.png 480w\" sizes=\"(min-width: 0px) and (max-width: 480px) 480px, (min-width: 481px) and (max-width: 980px) 980px, (min-width: 981px) 1024px, 100vw\" \/><\/figure>\n<\/figure>\n","protected":false},"excerpt":{"rendered":"<p>No Dia Internacional do Trabalho, n\u00f3s nos unimos como Fam\u00edlia Madre C\u00e2ndida para refletir sobre uma das dimens\u00f5es mais profundas do ser humano: nossa capacidade de transformar o mundo por meio do esfor\u00e7o di\u00e1rio. Mais do que uma necessidade de subsist\u00eancia, o trabalho \u00e9 uma voca\u00e7\u00e3o e um caminho para a realiza\u00e7\u00e3o. Trabalhar em colabora\u00e7\u00e3o [&hellip;]<\/p>\n","protected":false},"author":36,"featured_media":53671,"comment_status":"closed","ping_status":"closed","sticky":false,"template":"","format":"standard","meta":{"_et_pb_use_builder":"","_et_pb_old_content":"","_et_gb_content_width":"","footnotes":"","_links_to":"","_links_to_target":""},"categories":[742,469,545],"tags":[933],"class_list":["post-53719","post","type-post","status-publish","format-standard","has-post-thumbnail","hentry","category-justica-social","category-noticias-pt-br","category-trabalhos-sociais","tag-papa-francisco-pt-br"],"yoast_head":"<!-- This site is optimized with the Yoast SEO plugin v27.5 - https:\/\/yoast.com\/product\/yoast-seo-wordpress\/ -->\n<title>Trabalho, um convite para sermos cocriadores - Hijas de Jes\u00fas<\/title>\n<meta name=\"description\" content=\"Neste Dia Internacional do Trabalho, n\u00f3s nos unimos como Fam\u00edlia Madre C\u00e2ndida para refletir sobre uma das dimens\u00f5es mais profundas do ser humano: nossa capacidade de transformar o mundo por meio do esfor\u00e7o di\u00e1rio. Mais do que uma necessidade de subsist\u00eancia, o trabalho \u00e9 uma voca\u00e7\u00e3o e um caminho para a realiza\u00e7\u00e3o.\" \/>\n<meta name=\"robots\" content=\"index, follow, max-snippet:-1, max-image-preview:large, max-video-preview:-1\" \/>\n<link rel=\"canonical\" href=\"https:\/\/hijasdejesus.org\/pt-br\/trabalho-um-convite-para-sermos-cocriadores\/\" \/>\n<meta property=\"og:locale\" content=\"pt_BR\" \/>\n<meta property=\"og:type\" content=\"article\" \/>\n<meta property=\"og:title\" content=\"Trabalho, um convite para sermos cocriadores - Hijas de Jes\u00fas\" \/>\n<meta property=\"og:description\" content=\"Neste Dia Internacional do Trabalho, n\u00f3s nos unimos como Fam\u00edlia Madre C\u00e2ndida para refletir sobre uma das dimens\u00f5es mais profundas do ser humano: nossa capacidade de transformar o mundo por meio do esfor\u00e7o di\u00e1rio. Mais do que uma necessidade de subsist\u00eancia, o trabalho \u00e9 uma voca\u00e7\u00e3o e um caminho para a realiza\u00e7\u00e3o.\" \/>\n<meta property=\"og:url\" content=\"https:\/\/hijasdejesus.org\/pt-br\/trabalho-um-convite-para-sermos-cocriadores\/\" \/>\n<meta property=\"og:site_name\" content=\"Hijas de Jes\u00fas\" \/>\n<meta property=\"article:publisher\" content=\"https:\/\/www.facebook.com\/hijasdejesusenelmundo\/\" \/>\n<meta property=\"article:published_time\" content=\"2026-04-30T17:00:21+00:00\" \/>\n<meta property=\"article:modified_time\" content=\"2026-04-30T17:45:46+00:00\" \/>\n<meta property=\"og:image\" content=\"https:\/\/hijasdejesus.org\/wp-content\/uploads\/2026\/04\/Portadas-web-10.png\" \/>\n\t<meta property=\"og:image:width\" content=\"1748\" \/>\n\t<meta property=\"og:image:height\" content=\"1240\" \/>\n\t<meta property=\"og:image:type\" content=\"image\/png\" \/>\n<meta name=\"author\" content=\"Comunicaci\u00f3n Internacional\" \/>\n<meta name=\"twitter:card\" content=\"summary_large_image\" \/>\n<meta name=\"twitter:creator\" content=\"@hijasdjesus\" \/>\n<meta name=\"twitter:site\" content=\"@hijasdjesus\" \/>\n<meta name=\"twitter:label1\" content=\"Escrito por\" \/>\n\t<meta name=\"twitter:data1\" content=\"Comunicaci\u00f3n Internacional\" \/>\n\t<meta name=\"twitter:label2\" content=\"Est. tempo de leitura\" \/>\n\t<meta name=\"twitter:data2\" content=\"4 minutos\" \/>\n<script type=\"application\/ld+json\" class=\"yoast-schema-graph\">{\"@context\":\"https:\\\/\\\/schema.org\",\"@graph\":[{\"@type\":\"Article\",\"@id\":\"https:\\\/\\\/hijasdejesus.org\\\/pt-br\\\/trabalho-um-convite-para-sermos-cocriadores\\\/#article\",\"isPartOf\":{\"@id\":\"https:\\\/\\\/hijasdejesus.org\\\/pt-br\\\/trabalho-um-convite-para-sermos-cocriadores\\\/\"},\"author\":{\"name\":\"Comunicaci\u00f3n Internacional\",\"@id\":\"https:\\\/\\\/hijasdejesus.org\\\/pt-br\\\/#\\\/schema\\\/person\\\/91b9e676dca8842a983b89793a34e5b8\"},\"headline\":\"Trabalho, um convite para sermos cocriadores\",\"datePublished\":\"2026-04-30T17:00:21+00:00\",\"dateModified\":\"2026-04-30T17:45:46+00:00\",\"mainEntityOfPage\":{\"@id\":\"https:\\\/\\\/hijasdejesus.org\\\/pt-br\\\/trabalho-um-convite-para-sermos-cocriadores\\\/\"},\"wordCount\":829,\"publisher\":{\"@id\":\"https:\\\/\\\/hijasdejesus.org\\\/pt-br\\\/#organization\"},\"image\":{\"@id\":\"https:\\\/\\\/hijasdejesus.org\\\/pt-br\\\/trabalho-um-convite-para-sermos-cocriadores\\\/#primaryimage\"},\"thumbnailUrl\":\"https:\\\/\\\/hijasdejesus.org\\\/wp-content\\\/uploads\\\/2026\\\/04\\\/Portadas-web-10.png\",\"keywords\":[\"Papa Francisco\"],\"articleSection\":[\"Justi\u00e7a Social\",\"Not\u00edcias\",\"Trabalhos Sociais\"],\"inLanguage\":\"pt-BR\"},{\"@type\":\"WebPage\",\"@id\":\"https:\\\/\\\/hijasdejesus.org\\\/pt-br\\\/trabalho-um-convite-para-sermos-cocriadores\\\/\",\"url\":\"https:\\\/\\\/hijasdejesus.org\\\/pt-br\\\/trabalho-um-convite-para-sermos-cocriadores\\\/\",\"name\":\"Trabalho, um convite para sermos cocriadores - Hijas de Jes\u00fas\",\"isPartOf\":{\"@id\":\"https:\\\/\\\/hijasdejesus.org\\\/pt-br\\\/#website\"},\"primaryImageOfPage\":{\"@id\":\"https:\\\/\\\/hijasdejesus.org\\\/pt-br\\\/trabalho-um-convite-para-sermos-cocriadores\\\/#primaryimage\"},\"image\":{\"@id\":\"https:\\\/\\\/hijasdejesus.org\\\/pt-br\\\/trabalho-um-convite-para-sermos-cocriadores\\\/#primaryimage\"},\"thumbnailUrl\":\"https:\\\/\\\/hijasdejesus.org\\\/wp-content\\\/uploads\\\/2026\\\/04\\\/Portadas-web-10.png\",\"datePublished\":\"2026-04-30T17:00:21+00:00\",\"dateModified\":\"2026-04-30T17:45:46+00:00\",\"description\":\"Neste Dia Internacional do Trabalho, n\u00f3s nos unimos como Fam\u00edlia Madre C\u00e2ndida para refletir sobre uma das dimens\u00f5es mais profundas do ser humano: nossa capacidade de transformar o mundo por meio do esfor\u00e7o di\u00e1rio. Mais do que uma necessidade de subsist\u00eancia, o trabalho \u00e9 uma voca\u00e7\u00e3o e um caminho para a realiza\u00e7\u00e3o.\",\"breadcrumb\":{\"@id\":\"https:\\\/\\\/hijasdejesus.org\\\/pt-br\\\/trabalho-um-convite-para-sermos-cocriadores\\\/#breadcrumb\"},\"inLanguage\":\"pt-BR\",\"potentialAction\":[{\"@type\":\"ReadAction\",\"target\":[\"https:\\\/\\\/hijasdejesus.org\\\/pt-br\\\/trabalho-um-convite-para-sermos-cocriadores\\\/\"]}]},{\"@type\":\"ImageObject\",\"inLanguage\":\"pt-BR\",\"@id\":\"https:\\\/\\\/hijasdejesus.org\\\/pt-br\\\/trabalho-um-convite-para-sermos-cocriadores\\\/#primaryimage\",\"url\":\"https:\\\/\\\/hijasdejesus.org\\\/wp-content\\\/uploads\\\/2026\\\/04\\\/Portadas-web-10.png\",\"contentUrl\":\"https:\\\/\\\/hijasdejesus.org\\\/wp-content\\\/uploads\\\/2026\\\/04\\\/Portadas-web-10.png\",\"width\":1748,\"height\":1240},{\"@type\":\"BreadcrumbList\",\"@id\":\"https:\\\/\\\/hijasdejesus.org\\\/pt-br\\\/trabalho-um-convite-para-sermos-cocriadores\\\/#breadcrumb\",\"itemListElement\":[{\"@type\":\"ListItem\",\"position\":1,\"name\":\"Portada\",\"item\":\"https:\\\/\\\/hijasdejesus.org\\\/pt-br\\\/\"},{\"@type\":\"ListItem\",\"position\":2,\"name\":\"Trabalho, um convite para sermos cocriadores\"}]},{\"@type\":\"WebSite\",\"@id\":\"https:\\\/\\\/hijasdejesus.org\\\/pt-br\\\/#website\",\"url\":\"https:\\\/\\\/hijasdejesus.org\\\/pt-br\\\/\",\"name\":\"Hijas de Jes\u00fas\",\"description\":\"Despertamos a Jes\u00fas en el coraz\u00f3n, sacando lo mejor de las personas. Somos una congregaci\u00f3n religiosa ignaciana fundada por la Madre Candida\",\"publisher\":{\"@id\":\"https:\\\/\\\/hijasdejesus.org\\\/pt-br\\\/#organization\"},\"potentialAction\":[{\"@type\":\"SearchAction\",\"target\":{\"@type\":\"EntryPoint\",\"urlTemplate\":\"https:\\\/\\\/hijasdejesus.org\\\/pt-br\\\/?s={search_term_string}\"},\"query-input\":{\"@type\":\"PropertyValueSpecification\",\"valueRequired\":true,\"valueName\":\"search_term_string\"}}],\"inLanguage\":\"pt-BR\"},{\"@type\":\"Organization\",\"@id\":\"https:\\\/\\\/hijasdejesus.org\\\/pt-br\\\/#organization\",\"name\":\"Hijas de Jes\u00fas\",\"url\":\"https:\\\/\\\/hijasdejesus.org\\\/pt-br\\\/\",\"logo\":{\"@type\":\"ImageObject\",\"inLanguage\":\"pt-BR\",\"@id\":\"https:\\\/\\\/hijasdejesus.org\\\/pt-br\\\/#\\\/schema\\\/logo\\\/image\\\/\",\"url\":\"https:\\\/\\\/hijasdejesus.org\\\/wp-content\\\/uploads\\\/2023\\\/01\\\/Hijas-de-Jesus_hor-A7C957.png\",\"contentUrl\":\"https:\\\/\\\/hijasdejesus.org\\\/wp-content\\\/uploads\\\/2023\\\/01\\\/Hijas-de-Jesus_hor-A7C957.png\",\"width\":700,\"height\":360,\"caption\":\"Hijas de Jes\u00fas\"},\"image\":{\"@id\":\"https:\\\/\\\/hijasdejesus.org\\\/pt-br\\\/#\\\/schema\\\/logo\\\/image\\\/\"},\"sameAs\":[\"https:\\\/\\\/www.facebook.com\\\/hijasdejesusenelmundo\\\/\",\"https:\\\/\\\/x.com\\\/hijasdjesus\"]},{\"@type\":\"Person\",\"@id\":\"https:\\\/\\\/hijasdejesus.org\\\/pt-br\\\/#\\\/schema\\\/person\\\/91b9e676dca8842a983b89793a34e5b8\",\"name\":\"Comunicaci\u00f3n Internacional\",\"image\":{\"@type\":\"ImageObject\",\"inLanguage\":\"pt-BR\",\"@id\":\"https:\\\/\\\/secure.gravatar.com\\\/avatar\\\/dcb9b61797c934872aa9209ebf48b92edfeb0819dcdcaa77cd84879d6def414d?s=96&d=mm&r=g\",\"url\":\"https:\\\/\\\/secure.gravatar.com\\\/avatar\\\/dcb9b61797c934872aa9209ebf48b92edfeb0819dcdcaa77cd84879d6def414d?s=96&d=mm&r=g\",\"contentUrl\":\"https:\\\/\\\/secure.gravatar.com\\\/avatar\\\/dcb9b61797c934872aa9209ebf48b92edfeb0819dcdcaa77cd84879d6def414d?s=96&d=mm&r=g\",\"caption\":\"Comunicaci\u00f3n Internacional\"},\"url\":\"https:\\\/\\\/hijasdejesus.org\\\/pt-br\\\/author\\\/comunicacion-internacional\\\/\"}]}<\/script>\n<!-- \/ Yoast SEO plugin. -->","yoast_head_json":{"title":"Trabalho, um convite para sermos cocriadores - Hijas de Jes\u00fas","description":"Neste Dia Internacional do Trabalho, n\u00f3s nos unimos como Fam\u00edlia Madre C\u00e2ndida para refletir sobre uma das dimens\u00f5es mais profundas do ser humano: nossa capacidade de transformar o mundo por meio do esfor\u00e7o di\u00e1rio. Mais do que uma necessidade de subsist\u00eancia, o trabalho \u00e9 uma voca\u00e7\u00e3o e um caminho para a realiza\u00e7\u00e3o.","robots":{"index":"index","follow":"follow","max-snippet":"max-snippet:-1","max-image-preview":"max-image-preview:large","max-video-preview":"max-video-preview:-1"},"canonical":"https:\/\/hijasdejesus.org\/pt-br\/trabalho-um-convite-para-sermos-cocriadores\/","og_locale":"pt_BR","og_type":"article","og_title":"Trabalho, um convite para sermos cocriadores - Hijas de Jes\u00fas","og_description":"Neste Dia Internacional do Trabalho, n\u00f3s nos unimos como Fam\u00edlia Madre C\u00e2ndida para refletir sobre uma das dimens\u00f5es mais profundas do ser humano: nossa capacidade de transformar o mundo por meio do esfor\u00e7o di\u00e1rio. Mais do que uma necessidade de subsist\u00eancia, o trabalho \u00e9 uma voca\u00e7\u00e3o e um caminho para a realiza\u00e7\u00e3o.","og_url":"https:\/\/hijasdejesus.org\/pt-br\/trabalho-um-convite-para-sermos-cocriadores\/","og_site_name":"Hijas de Jes\u00fas","article_publisher":"https:\/\/www.facebook.com\/hijasdejesusenelmundo\/","article_published_time":"2026-04-30T17:00:21+00:00","article_modified_time":"2026-04-30T17:45:46+00:00","og_image":[{"width":1748,"height":1240,"url":"https:\/\/hijasdejesus.org\/wp-content\/uploads\/2026\/04\/Portadas-web-10.png","type":"image\/png"}],"author":"Comunicaci\u00f3n Internacional","twitter_card":"summary_large_image","twitter_creator":"@hijasdjesus","twitter_site":"@hijasdjesus","twitter_misc":{"Escrito por":"Comunicaci\u00f3n Internacional","Est. tempo de leitura":"4 minutos"},"schema":{"@context":"https:\/\/schema.org","@graph":[{"@type":"Article","@id":"https:\/\/hijasdejesus.org\/pt-br\/trabalho-um-convite-para-sermos-cocriadores\/#article","isPartOf":{"@id":"https:\/\/hijasdejesus.org\/pt-br\/trabalho-um-convite-para-sermos-cocriadores\/"},"author":{"name":"Comunicaci\u00f3n Internacional","@id":"https:\/\/hijasdejesus.org\/pt-br\/#\/schema\/person\/91b9e676dca8842a983b89793a34e5b8"},"headline":"Trabalho, um convite para sermos cocriadores","datePublished":"2026-04-30T17:00:21+00:00","dateModified":"2026-04-30T17:45:46+00:00","mainEntityOfPage":{"@id":"https:\/\/hijasdejesus.org\/pt-br\/trabalho-um-convite-para-sermos-cocriadores\/"},"wordCount":829,"publisher":{"@id":"https:\/\/hijasdejesus.org\/pt-br\/#organization"},"image":{"@id":"https:\/\/hijasdejesus.org\/pt-br\/trabalho-um-convite-para-sermos-cocriadores\/#primaryimage"},"thumbnailUrl":"https:\/\/hijasdejesus.org\/wp-content\/uploads\/2026\/04\/Portadas-web-10.png","keywords":["Papa Francisco"],"articleSection":["Justi\u00e7a Social","Not\u00edcias","Trabalhos Sociais"],"inLanguage":"pt-BR"},{"@type":"WebPage","@id":"https:\/\/hijasdejesus.org\/pt-br\/trabalho-um-convite-para-sermos-cocriadores\/","url":"https:\/\/hijasdejesus.org\/pt-br\/trabalho-um-convite-para-sermos-cocriadores\/","name":"Trabalho, um convite para sermos cocriadores - Hijas de Jes\u00fas","isPartOf":{"@id":"https:\/\/hijasdejesus.org\/pt-br\/#website"},"primaryImageOfPage":{"@id":"https:\/\/hijasdejesus.org\/pt-br\/trabalho-um-convite-para-sermos-cocriadores\/#primaryimage"},"image":{"@id":"https:\/\/hijasdejesus.org\/pt-br\/trabalho-um-convite-para-sermos-cocriadores\/#primaryimage"},"thumbnailUrl":"https:\/\/hijasdejesus.org\/wp-content\/uploads\/2026\/04\/Portadas-web-10.png","datePublished":"2026-04-30T17:00:21+00:00","dateModified":"2026-04-30T17:45:46+00:00","description":"Neste Dia Internacional do Trabalho, n\u00f3s nos unimos como Fam\u00edlia Madre C\u00e2ndida para refletir sobre uma das dimens\u00f5es mais profundas do ser humano: nossa capacidade de transformar o mundo por meio do esfor\u00e7o di\u00e1rio. Mais do que uma necessidade de subsist\u00eancia, o trabalho \u00e9 uma voca\u00e7\u00e3o e um caminho para a realiza\u00e7\u00e3o.","breadcrumb":{"@id":"https:\/\/hijasdejesus.org\/pt-br\/trabalho-um-convite-para-sermos-cocriadores\/#breadcrumb"},"inLanguage":"pt-BR","potentialAction":[{"@type":"ReadAction","target":["https:\/\/hijasdejesus.org\/pt-br\/trabalho-um-convite-para-sermos-cocriadores\/"]}]},{"@type":"ImageObject","inLanguage":"pt-BR","@id":"https:\/\/hijasdejesus.org\/pt-br\/trabalho-um-convite-para-sermos-cocriadores\/#primaryimage","url":"https:\/\/hijasdejesus.org\/wp-content\/uploads\/2026\/04\/Portadas-web-10.png","contentUrl":"https:\/\/hijasdejesus.org\/wp-content\/uploads\/2026\/04\/Portadas-web-10.png","width":1748,"height":1240},{"@type":"BreadcrumbList","@id":"https:\/\/hijasdejesus.org\/pt-br\/trabalho-um-convite-para-sermos-cocriadores\/#breadcrumb","itemListElement":[{"@type":"ListItem","position":1,"name":"Portada","item":"https:\/\/hijasdejesus.org\/pt-br\/"},{"@type":"ListItem","position":2,"name":"Trabalho, um convite para sermos cocriadores"}]},{"@type":"WebSite","@id":"https:\/\/hijasdejesus.org\/pt-br\/#website","url":"https:\/\/hijasdejesus.org\/pt-br\/","name":"Hijas de Jes\u00fas","description":"Despertamos a Jes\u00fas en el coraz\u00f3n, sacando lo mejor de las personas. Somos una congregaci\u00f3n religiosa ignaciana fundada por la Madre Candida","publisher":{"@id":"https:\/\/hijasdejesus.org\/pt-br\/#organization"},"potentialAction":[{"@type":"SearchAction","target":{"@type":"EntryPoint","urlTemplate":"https:\/\/hijasdejesus.org\/pt-br\/?s={search_term_string}"},"query-input":{"@type":"PropertyValueSpecification","valueRequired":true,"valueName":"search_term_string"}}],"inLanguage":"pt-BR"},{"@type":"Organization","@id":"https:\/\/hijasdejesus.org\/pt-br\/#organization","name":"Hijas de Jes\u00fas","url":"https:\/\/hijasdejesus.org\/pt-br\/","logo":{"@type":"ImageObject","inLanguage":"pt-BR","@id":"https:\/\/hijasdejesus.org\/pt-br\/#\/schema\/logo\/image\/","url":"https:\/\/hijasdejesus.org\/wp-content\/uploads\/2023\/01\/Hijas-de-Jesus_hor-A7C957.png","contentUrl":"https:\/\/hijasdejesus.org\/wp-content\/uploads\/2023\/01\/Hijas-de-Jesus_hor-A7C957.png","width":700,"height":360,"caption":"Hijas de Jes\u00fas"},"image":{"@id":"https:\/\/hijasdejesus.org\/pt-br\/#\/schema\/logo\/image\/"},"sameAs":["https:\/\/www.facebook.com\/hijasdejesusenelmundo\/","https:\/\/x.com\/hijasdjesus"]},{"@type":"Person","@id":"https:\/\/hijasdejesus.org\/pt-br\/#\/schema\/person\/91b9e676dca8842a983b89793a34e5b8","name":"Comunicaci\u00f3n Internacional","image":{"@type":"ImageObject","inLanguage":"pt-BR","@id":"https:\/\/secure.gravatar.com\/avatar\/dcb9b61797c934872aa9209ebf48b92edfeb0819dcdcaa77cd84879d6def414d?s=96&d=mm&r=g","url":"https:\/\/secure.gravatar.com\/avatar\/dcb9b61797c934872aa9209ebf48b92edfeb0819dcdcaa77cd84879d6def414d?s=96&d=mm&r=g","contentUrl":"https:\/\/secure.gravatar.com\/avatar\/dcb9b61797c934872aa9209ebf48b92edfeb0819dcdcaa77cd84879d6def414d?s=96&d=mm&r=g","caption":"Comunicaci\u00f3n Internacional"},"url":"https:\/\/hijasdejesus.org\/pt-br\/author\/comunicacion-internacional\/"}]}},"_links":{"self":[{"href":"https:\/\/hijasdejesus.org\/pt-br\/wp-json\/wp\/v2\/posts\/53719","targetHints":{"allow":["GET"]}}],"collection":[{"href":"https:\/\/hijasdejesus.org\/pt-br\/wp-json\/wp\/v2\/posts"}],"about":[{"href":"https:\/\/hijasdejesus.org\/pt-br\/wp-json\/wp\/v2\/types\/post"}],"author":[{"embeddable":true,"href":"https:\/\/hijasdejesus.org\/pt-br\/wp-json\/wp\/v2\/users\/36"}],"replies":[{"embeddable":true,"href":"https:\/\/hijasdejesus.org\/pt-br\/wp-json\/wp\/v2\/comments?post=53719"}],"version-history":[{"count":1,"href":"https:\/\/hijasdejesus.org\/pt-br\/wp-json\/wp\/v2\/posts\/53719\/revisions"}],"predecessor-version":[{"id":53723,"href":"https:\/\/hijasdejesus.org\/pt-br\/wp-json\/wp\/v2\/posts\/53719\/revisions\/53723"}],"wp:featuredmedia":[{"embeddable":true,"href":"https:\/\/hijasdejesus.org\/pt-br\/wp-json\/wp\/v2\/media\/53671"}],"wp:attachment":[{"href":"https:\/\/hijasdejesus.org\/pt-br\/wp-json\/wp\/v2\/media?parent=53719"}],"wp:term":[{"taxonomy":"category","embeddable":true,"href":"https:\/\/hijasdejesus.org\/pt-br\/wp-json\/wp\/v2\/categories?post=53719"},{"taxonomy":"post_tag","embeddable":true,"href":"https:\/\/hijasdejesus.org\/pt-br\/wp-json\/wp\/v2\/tags?post=53719"}],"curies":[{"name":"wp","href":"https:\/\/api.w.org\/{rel}","templated":true}]}}