{"id":53740,"date":"2026-05-01T09:00:00","date_gmt":"2026-05-01T07:00:00","guid":{"rendered":"https:\/\/hijasdejesus.org\/um-ano-na-estrada-gratidao-ao-governo-geral\/"},"modified":"2026-05-01T09:00:51","modified_gmt":"2026-05-01T07:00:51","slug":"um-ano-na-estrada-gratidao-ao-governo-geral","status":"publish","type":"post","link":"https:\/\/hijasdejesus.org\/pt-br\/um-ano-na-estrada-gratidao-ao-governo-geral\/","title":{"rendered":"Um ano na estrada: gratid\u00e3o ao governo geral"},"content":{"rendered":"\n<p>No dia 1\u00ba de maio, celebramos com alegria o primeiro anivers\u00e1rio da <a type=\"link\" id=\"https:\/\/hijasdejesus.org\/graciela-francovig-fi-reelegida-superiora-general\/\" href=\"https:\/\/hijasdejesus.org\/pt-br\/graciela-francovig-fi-reeleita-superiora-geral\/\">elei\u00e7\u00e3o da Superiora Geral<\/a>, nossa irm\u00e3 Graciela Francovig. Dois dias depois, em 3 de maio, <a type=\"link\" id=\"https:\/\/hijasdejesus.org\/nuevas-consejeras-generales\/\" href=\"https:\/\/hijasdejesus.org\/pt-br\/novos-conselheiros-gerais\/\">suas conselheiras, Emelinda Falsis, Rosa M. Espinosa, Iris Altagracia Gonz\u00e1lez e Magda, que todos conhecemos, foram eleitas<\/a>, constituindo assim o <a type=\"link\" id=\"https:\/\/hijasdejesus.org\/accion-de-gracias-por-el-nuevo-gobierno-general-de-las-hijas-de-jesus\/\" href=\"https:\/\/hijasdejesus.org\/pt-br\/acao-de-gracas-pelo-novo-governo-geral-das-filhas-de-jesus\/\">Governo Geral das Filhas de Jesus<\/a> para o sex\u00eanio 2025-2031. <\/p>\n\n<p>Reunir-se neste primeiro anivers\u00e1rio do Governo Geral nos d\u00e1 um bom momento para fazer uma pausa, olhar para o caminho percorrido e, acima de tudo, agradecer a generosa disponibilidade e o &#8220;sim&#8221; dessas irm\u00e3s que assumiram a miss\u00e3o de guiar e animar nosso corpo congregacional.<\/p>\n\n<h3 class=\"wp-block-heading\"><strong>Um momento de semeadura e organiza\u00e7\u00e3o interna<\/strong><\/h3>\n\n<p>Para um Governo Geral, o primeiro ano costuma ser um per\u00edodo de &#8220;aterrissagem&#8221; e estrutura\u00e7\u00e3o. Embora o desejo de conhecer as diferentes realidades locais seja grande, esse per\u00edodo foi marcado por um intenso trabalho em Roma. Devido aos procedimentos de resid\u00eancia, os conselheiros vivenciaram esse per\u00edodo como uma oportunidade providencial para aprofundar as quest\u00f5es que marcar\u00e3o o planejamento dos pr\u00f3ximos anos.  <\/p>\n\n<p>Esse foi um per\u00edodo de <strong>atividades tranquilas e frut\u00edferas<\/strong>. Entre as tarefas que ocuparam seu dia a dia, destacam-se as seguintes: <\/p>\n\n<p><strong>Acompanhamento e discernimento:<\/strong> O <a href=\"https:\/\/hijasdejesus.org\/pt-br\/reuniao-do-governo-geral-e-dos-governos-provinciais\/\" type=\"link\" id=\"https:\/\/hijasdejesus.org\/encuentro-del-gobierno-general-y-los-gobiernos-provinciales\/\">tratamento ordin\u00e1rio dos assuntos das prov\u00edncias<\/a> e o acompanhamento de cada lugar na recep\u00e7\u00e3o espiritual do CG XIX Determina\u00e7\u00e3o.<\/p>\n\n<p><strong>Forma\u00e7\u00e3o e estudo aprofundado:<\/strong> Reflex\u00e3o sobre quest\u00f5es urgentes na vida da Igreja, especialmente com rela\u00e7\u00e3o \u00e0 <strong>cultura do cuidado<\/strong>. Esse estudo busca n\u00e3o apenas a teoria, mas a cria\u00e7\u00e3o de um C\u00f3digo de \u00c9tica que nos ajudar\u00e1 a viver nosso carisma de forma mais coerente. <\/p>\n\n<p><strong>Impulsionar equipes internacionais:<\/strong> Trabalhar em conjunto com as equipes de Forma\u00e7\u00e3o, Juventude e Pastoral Vocacional, e as comiss\u00f5es encarregadas de aprofundar o sentido de nossa afilia\u00e7\u00e3o e redes de cuidado e periferias.<\/p>\n\n<p>Cada reuni\u00e3o do conselho, cada estudo das Constitui\u00e7\u00f5es e cada decis\u00e3o administrativa \u00e9, no fundo, um ato de servi\u00e7o para que a miss\u00e3o da Madre C\u00e2ndida possa continuar viva e atualizada em cada canto onde estamos presentes.<\/p>\n\n<h3 class=\"wp-block-heading\"><strong>Uma miss\u00e3o compartilhada em uma rede<\/strong><\/h3>\n\n<p>A vida cotidiana do Governo Geral tamb\u00e9m \u00e9 uma vida de comunh\u00e3o com a Igreja universal. Sua <a href=\"https:\/\/hijasdejesus.org\/pt-br\/graciela-francovig-superiora-geral-das-filhas-de-jesus-reeleita-tambem-vice-presidente-da-uisg\/\" type=\"link\" id=\"https:\/\/hijasdejesus.org\/graciela-francovig-reelegida-vicepresidenta-de-la-uisg\/\">participa\u00e7\u00e3o na UISG<\/a> (Uni\u00e3o Internacional das Superioras Gerais), especialmente como vice-presidente sob a lideran\u00e7a de nossa Superiora Geral, Graciela Francovig, nos lembra que fazemos parte de uma grande rede que faz o bem em todo o mundo, muitas vezes &#8220;silenciosamente&#8221;, mas com<strong>total<\/strong> dedica\u00e7\u00e3o. <\/p>\n\n<h3 class=\"wp-block-heading\"><strong>Um convite para a Fam\u00edlia Madre C\u00e2ndida<\/strong><\/h3>\n\n<p>Ao celebrarmos esse primeiro ano, gostar\u00edamos de convidar toda a Fam\u00edlia Madre C\u00e2ndida a se unir em ora\u00e7\u00e3o por eles.<\/p>\n\n<p><strong>Sejamos gratos por <\/strong>sua vida e sua voca\u00e7\u00e3o de servi\u00e7o.<\/p>\n\n<p><strong>Ore por <\/strong>sabedoria e discri\u00e7\u00e3o para seus discernimentos e for\u00e7a para os desafios administrativos e espirituais que enfrentam.<\/p>\n\n<p><strong>Vamos caminhar <\/strong>juntos, sabendo que seu trabalho de anima\u00e7\u00e3o fortalece a todos n\u00f3s como um corpo.<\/p>\n\n<p>Que Maria continue a inspirar a dedica\u00e7\u00e3o de voc\u00eas e que a alegria de servir seja sua maior recompensa.<\/p>\n\n<p class=\"has-text-align-center\"><strong><kbd>Obrigado a voc\u00eas, irm\u00e3s, por este primeiro ano de Governo Geral, com esp\u00edrito de orienta\u00e7\u00e3o, servi\u00e7o e dedica\u00e7\u00e3o!<\/kbd><\/strong><\/p>\n","protected":false},"excerpt":{"rendered":"<p>No dia 1\u00ba de maio, celebramos com alegria o primeiro anivers\u00e1rio da elei\u00e7\u00e3o da Superiora Geral, nossa irm\u00e3 Graciela Francovig. Dois dias depois, em 3 de maio, suas conselheiras, Emelinda Falsis, Rosa M. Espinosa, Iris Altagracia Gonz\u00e1lez e Magda, que todos conhecemos, foram eleitas, constituindo assim o Governo Geral das Filhas de Jesus para o [&hellip;]<\/p>\n","protected":false},"author":36,"featured_media":53737,"comment_status":"closed","ping_status":"closed","sticky":false,"template":"","format":"standard","meta":{"_et_pb_use_builder":"","_et_pb_old_content":"","_et_gb_content_width":"","footnotes":"","_links_to":"","_links_to_target":""},"categories":[696,527],"tags":[729],"class_list":["post-53740","post","type-post","status-publish","format-standard","has-post-thumbnail","hentry","category-destaque","category-governo_geral","tag-superior-geral"],"yoast_head":"<!-- This site is optimized with the Yoast SEO plugin v27.5 - https:\/\/yoast.com\/product\/yoast-seo-wordpress\/ -->\n<title>Um ano na estrada: gratid\u00e3o ao governo geral - Hijas de Jes\u00fas<\/title>\n<meta name=\"description\" content=\"Celebramos com alegria o primeiro anivers\u00e1rio da elei\u00e7\u00e3o do Superior Geral para o mandato de seis anos 2025-2031.\" \/>\n<meta name=\"robots\" content=\"index, follow, max-snippet:-1, max-image-preview:large, max-video-preview:-1\" \/>\n<link rel=\"canonical\" href=\"https:\/\/hijasdejesus.org\/pt-br\/um-ano-na-estrada-gratidao-ao-governo-geral\/\" \/>\n<meta property=\"og:locale\" content=\"pt_BR\" \/>\n<meta property=\"og:type\" content=\"article\" \/>\n<meta property=\"og:title\" content=\"Um ano na estrada: gratid\u00e3o ao governo geral - Hijas de Jes\u00fas\" \/>\n<meta property=\"og:description\" content=\"Celebramos com alegria o primeiro anivers\u00e1rio da elei\u00e7\u00e3o do Superior Geral para o mandato de seis anos 2025-2031.\" \/>\n<meta property=\"og:url\" content=\"https:\/\/hijasdejesus.org\/pt-br\/um-ano-na-estrada-gratidao-ao-governo-geral\/\" \/>\n<meta property=\"og:site_name\" content=\"Hijas de Jes\u00fas\" \/>\n<meta property=\"article:publisher\" content=\"https:\/\/www.facebook.com\/hijasdejesusenelmundo\/\" \/>\n<meta property=\"article:published_time\" content=\"2026-05-01T07:00:00+00:00\" \/>\n<meta property=\"article:modified_time\" content=\"2026-05-01T07:00:51+00:00\" \/>\n<meta property=\"og:image\" content=\"https:\/\/hijasdejesus.org\/wp-content\/uploads\/2026\/05\/Portadas-web-16-1024x726.png\" \/>\n\t<meta property=\"og:image:width\" content=\"1024\" \/>\n\t<meta property=\"og:image:height\" content=\"726\" \/>\n\t<meta property=\"og:image:type\" content=\"image\/png\" \/>\n<meta name=\"author\" content=\"Comunicaci\u00f3n Internacional\" \/>\n<meta name=\"twitter:card\" content=\"summary_large_image\" \/>\n<meta name=\"twitter:creator\" content=\"@hijasdjesus\" \/>\n<meta name=\"twitter:site\" content=\"@hijasdjesus\" \/>\n<meta name=\"twitter:label1\" content=\"Escrito por\" \/>\n\t<meta name=\"twitter:data1\" content=\"Comunicaci\u00f3n Internacional\" \/>\n\t<meta name=\"twitter:label2\" content=\"Est. tempo de leitura\" \/>\n\t<meta name=\"twitter:data2\" content=\"3 minutos\" \/>\n<script type=\"application\/ld+json\" class=\"yoast-schema-graph\">{\"@context\":\"https:\\\/\\\/schema.org\",\"@graph\":[{\"@type\":\"Article\",\"@id\":\"https:\\\/\\\/hijasdejesus.org\\\/pt-br\\\/um-ano-na-estrada-gratidao-ao-governo-geral\\\/#article\",\"isPartOf\":{\"@id\":\"https:\\\/\\\/hijasdejesus.org\\\/pt-br\\\/um-ano-na-estrada-gratidao-ao-governo-geral\\\/\"},\"author\":{\"name\":\"Comunicaci\u00f3n Internacional\",\"@id\":\"https:\\\/\\\/hijasdejesus.org\\\/pt-br\\\/#\\\/schema\\\/person\\\/91b9e676dca8842a983b89793a34e5b8\"},\"headline\":\"Um ano na estrada: gratid\u00e3o ao governo geral\",\"datePublished\":\"2026-05-01T07:00:00+00:00\",\"dateModified\":\"2026-05-01T07:00:51+00:00\",\"mainEntityOfPage\":{\"@id\":\"https:\\\/\\\/hijasdejesus.org\\\/pt-br\\\/um-ano-na-estrada-gratidao-ao-governo-geral\\\/\"},\"wordCount\":571,\"publisher\":{\"@id\":\"https:\\\/\\\/hijasdejesus.org\\\/pt-br\\\/#organization\"},\"image\":{\"@id\":\"https:\\\/\\\/hijasdejesus.org\\\/pt-br\\\/um-ano-na-estrada-gratidao-ao-governo-geral\\\/#primaryimage\"},\"thumbnailUrl\":\"https:\\\/\\\/hijasdejesus.org\\\/wp-content\\\/uploads\\\/2026\\\/05\\\/Portadas-web-16.png\",\"keywords\":[\"Superior Geral\"],\"articleSection\":[\"Destaque\",\"Governo geral\"],\"inLanguage\":\"pt-BR\"},{\"@type\":\"WebPage\",\"@id\":\"https:\\\/\\\/hijasdejesus.org\\\/pt-br\\\/um-ano-na-estrada-gratidao-ao-governo-geral\\\/\",\"url\":\"https:\\\/\\\/hijasdejesus.org\\\/pt-br\\\/um-ano-na-estrada-gratidao-ao-governo-geral\\\/\",\"name\":\"Um ano na estrada: gratid\u00e3o ao governo geral - Hijas de Jes\u00fas\",\"isPartOf\":{\"@id\":\"https:\\\/\\\/hijasdejesus.org\\\/pt-br\\\/#website\"},\"primaryImageOfPage\":{\"@id\":\"https:\\\/\\\/hijasdejesus.org\\\/pt-br\\\/um-ano-na-estrada-gratidao-ao-governo-geral\\\/#primaryimage\"},\"image\":{\"@id\":\"https:\\\/\\\/hijasdejesus.org\\\/pt-br\\\/um-ano-na-estrada-gratidao-ao-governo-geral\\\/#primaryimage\"},\"thumbnailUrl\":\"https:\\\/\\\/hijasdejesus.org\\\/wp-content\\\/uploads\\\/2026\\\/05\\\/Portadas-web-16.png\",\"datePublished\":\"2026-05-01T07:00:00+00:00\",\"dateModified\":\"2026-05-01T07:00:51+00:00\",\"description\":\"Celebramos com alegria o primeiro anivers\u00e1rio da elei\u00e7\u00e3o do Superior Geral para o mandato de seis anos 2025-2031.\",\"breadcrumb\":{\"@id\":\"https:\\\/\\\/hijasdejesus.org\\\/pt-br\\\/um-ano-na-estrada-gratidao-ao-governo-geral\\\/#breadcrumb\"},\"inLanguage\":\"pt-BR\",\"potentialAction\":[{\"@type\":\"ReadAction\",\"target\":[\"https:\\\/\\\/hijasdejesus.org\\\/pt-br\\\/um-ano-na-estrada-gratidao-ao-governo-geral\\\/\"]}]},{\"@type\":\"ImageObject\",\"inLanguage\":\"pt-BR\",\"@id\":\"https:\\\/\\\/hijasdejesus.org\\\/pt-br\\\/um-ano-na-estrada-gratidao-ao-governo-geral\\\/#primaryimage\",\"url\":\"https:\\\/\\\/hijasdejesus.org\\\/wp-content\\\/uploads\\\/2026\\\/05\\\/Portadas-web-16.png\",\"contentUrl\":\"https:\\\/\\\/hijasdejesus.org\\\/wp-content\\\/uploads\\\/2026\\\/05\\\/Portadas-web-16.png\",\"width\":1748,\"height\":1240},{\"@type\":\"BreadcrumbList\",\"@id\":\"https:\\\/\\\/hijasdejesus.org\\\/pt-br\\\/um-ano-na-estrada-gratidao-ao-governo-geral\\\/#breadcrumb\",\"itemListElement\":[{\"@type\":\"ListItem\",\"position\":1,\"name\":\"Portada\",\"item\":\"https:\\\/\\\/hijasdejesus.org\\\/pt-br\\\/\"},{\"@type\":\"ListItem\",\"position\":2,\"name\":\"Um ano na estrada: gratid\u00e3o ao governo geral\"}]},{\"@type\":\"WebSite\",\"@id\":\"https:\\\/\\\/hijasdejesus.org\\\/pt-br\\\/#website\",\"url\":\"https:\\\/\\\/hijasdejesus.org\\\/pt-br\\\/\",\"name\":\"Hijas de Jes\u00fas\",\"description\":\"Despertamos a Jes\u00fas en el coraz\u00f3n, sacando lo mejor de las personas. Somos una congregaci\u00f3n religiosa ignaciana fundada por la Madre Candida\",\"publisher\":{\"@id\":\"https:\\\/\\\/hijasdejesus.org\\\/pt-br\\\/#organization\"},\"potentialAction\":[{\"@type\":\"SearchAction\",\"target\":{\"@type\":\"EntryPoint\",\"urlTemplate\":\"https:\\\/\\\/hijasdejesus.org\\\/pt-br\\\/?s={search_term_string}\"},\"query-input\":{\"@type\":\"PropertyValueSpecification\",\"valueRequired\":true,\"valueName\":\"search_term_string\"}}],\"inLanguage\":\"pt-BR\"},{\"@type\":\"Organization\",\"@id\":\"https:\\\/\\\/hijasdejesus.org\\\/pt-br\\\/#organization\",\"name\":\"Hijas de Jes\u00fas\",\"url\":\"https:\\\/\\\/hijasdejesus.org\\\/pt-br\\\/\",\"logo\":{\"@type\":\"ImageObject\",\"inLanguage\":\"pt-BR\",\"@id\":\"https:\\\/\\\/hijasdejesus.org\\\/pt-br\\\/#\\\/schema\\\/logo\\\/image\\\/\",\"url\":\"https:\\\/\\\/hijasdejesus.org\\\/wp-content\\\/uploads\\\/2023\\\/01\\\/Hijas-de-Jesus_hor-A7C957.png\",\"contentUrl\":\"https:\\\/\\\/hijasdejesus.org\\\/wp-content\\\/uploads\\\/2023\\\/01\\\/Hijas-de-Jesus_hor-A7C957.png\",\"width\":700,\"height\":360,\"caption\":\"Hijas de Jes\u00fas\"},\"image\":{\"@id\":\"https:\\\/\\\/hijasdejesus.org\\\/pt-br\\\/#\\\/schema\\\/logo\\\/image\\\/\"},\"sameAs\":[\"https:\\\/\\\/www.facebook.com\\\/hijasdejesusenelmundo\\\/\",\"https:\\\/\\\/x.com\\\/hijasdjesus\"]},{\"@type\":\"Person\",\"@id\":\"https:\\\/\\\/hijasdejesus.org\\\/pt-br\\\/#\\\/schema\\\/person\\\/91b9e676dca8842a983b89793a34e5b8\",\"name\":\"Comunicaci\u00f3n Internacional\",\"image\":{\"@type\":\"ImageObject\",\"inLanguage\":\"pt-BR\",\"@id\":\"https:\\\/\\\/secure.gravatar.com\\\/avatar\\\/dcb9b61797c934872aa9209ebf48b92edfeb0819dcdcaa77cd84879d6def414d?s=96&d=mm&r=g\",\"url\":\"https:\\\/\\\/secure.gravatar.com\\\/avatar\\\/dcb9b61797c934872aa9209ebf48b92edfeb0819dcdcaa77cd84879d6def414d?s=96&d=mm&r=g\",\"contentUrl\":\"https:\\\/\\\/secure.gravatar.com\\\/avatar\\\/dcb9b61797c934872aa9209ebf48b92edfeb0819dcdcaa77cd84879d6def414d?s=96&d=mm&r=g\",\"caption\":\"Comunicaci\u00f3n Internacional\"},\"url\":\"https:\\\/\\\/hijasdejesus.org\\\/pt-br\\\/author\\\/comunicacion-internacional\\\/\"}]}<\/script>\n<!-- \/ Yoast SEO plugin. -->","yoast_head_json":{"title":"Um ano na estrada: gratid\u00e3o ao governo geral - Hijas de Jes\u00fas","description":"Celebramos com alegria o primeiro anivers\u00e1rio da elei\u00e7\u00e3o do Superior Geral para o mandato de seis anos 2025-2031.","robots":{"index":"index","follow":"follow","max-snippet":"max-snippet:-1","max-image-preview":"max-image-preview:large","max-video-preview":"max-video-preview:-1"},"canonical":"https:\/\/hijasdejesus.org\/pt-br\/um-ano-na-estrada-gratidao-ao-governo-geral\/","og_locale":"pt_BR","og_type":"article","og_title":"Um ano na estrada: gratid\u00e3o ao governo geral - Hijas de Jes\u00fas","og_description":"Celebramos com alegria o primeiro anivers\u00e1rio da elei\u00e7\u00e3o do Superior Geral para o mandato de seis anos 2025-2031.","og_url":"https:\/\/hijasdejesus.org\/pt-br\/um-ano-na-estrada-gratidao-ao-governo-geral\/","og_site_name":"Hijas de Jes\u00fas","article_publisher":"https:\/\/www.facebook.com\/hijasdejesusenelmundo\/","article_published_time":"2026-05-01T07:00:00+00:00","article_modified_time":"2026-05-01T07:00:51+00:00","og_image":[{"width":1024,"height":726,"url":"https:\/\/hijasdejesus.org\/wp-content\/uploads\/2026\/05\/Portadas-web-16-1024x726.png","type":"image\/png"}],"author":"Comunicaci\u00f3n Internacional","twitter_card":"summary_large_image","twitter_creator":"@hijasdjesus","twitter_site":"@hijasdjesus","twitter_misc":{"Escrito por":"Comunicaci\u00f3n Internacional","Est. tempo de leitura":"3 minutos"},"schema":{"@context":"https:\/\/schema.org","@graph":[{"@type":"Article","@id":"https:\/\/hijasdejesus.org\/pt-br\/um-ano-na-estrada-gratidao-ao-governo-geral\/#article","isPartOf":{"@id":"https:\/\/hijasdejesus.org\/pt-br\/um-ano-na-estrada-gratidao-ao-governo-geral\/"},"author":{"name":"Comunicaci\u00f3n Internacional","@id":"https:\/\/hijasdejesus.org\/pt-br\/#\/schema\/person\/91b9e676dca8842a983b89793a34e5b8"},"headline":"Um ano na estrada: gratid\u00e3o ao governo geral","datePublished":"2026-05-01T07:00:00+00:00","dateModified":"2026-05-01T07:00:51+00:00","mainEntityOfPage":{"@id":"https:\/\/hijasdejesus.org\/pt-br\/um-ano-na-estrada-gratidao-ao-governo-geral\/"},"wordCount":571,"publisher":{"@id":"https:\/\/hijasdejesus.org\/pt-br\/#organization"},"image":{"@id":"https:\/\/hijasdejesus.org\/pt-br\/um-ano-na-estrada-gratidao-ao-governo-geral\/#primaryimage"},"thumbnailUrl":"https:\/\/hijasdejesus.org\/wp-content\/uploads\/2026\/05\/Portadas-web-16.png","keywords":["Superior Geral"],"articleSection":["Destaque","Governo geral"],"inLanguage":"pt-BR"},{"@type":"WebPage","@id":"https:\/\/hijasdejesus.org\/pt-br\/um-ano-na-estrada-gratidao-ao-governo-geral\/","url":"https:\/\/hijasdejesus.org\/pt-br\/um-ano-na-estrada-gratidao-ao-governo-geral\/","name":"Um ano na estrada: gratid\u00e3o ao governo geral - Hijas de Jes\u00fas","isPartOf":{"@id":"https:\/\/hijasdejesus.org\/pt-br\/#website"},"primaryImageOfPage":{"@id":"https:\/\/hijasdejesus.org\/pt-br\/um-ano-na-estrada-gratidao-ao-governo-geral\/#primaryimage"},"image":{"@id":"https:\/\/hijasdejesus.org\/pt-br\/um-ano-na-estrada-gratidao-ao-governo-geral\/#primaryimage"},"thumbnailUrl":"https:\/\/hijasdejesus.org\/wp-content\/uploads\/2026\/05\/Portadas-web-16.png","datePublished":"2026-05-01T07:00:00+00:00","dateModified":"2026-05-01T07:00:51+00:00","description":"Celebramos com alegria o primeiro anivers\u00e1rio da elei\u00e7\u00e3o do Superior Geral para o mandato de seis anos 2025-2031.","breadcrumb":{"@id":"https:\/\/hijasdejesus.org\/pt-br\/um-ano-na-estrada-gratidao-ao-governo-geral\/#breadcrumb"},"inLanguage":"pt-BR","potentialAction":[{"@type":"ReadAction","target":["https:\/\/hijasdejesus.org\/pt-br\/um-ano-na-estrada-gratidao-ao-governo-geral\/"]}]},{"@type":"ImageObject","inLanguage":"pt-BR","@id":"https:\/\/hijasdejesus.org\/pt-br\/um-ano-na-estrada-gratidao-ao-governo-geral\/#primaryimage","url":"https:\/\/hijasdejesus.org\/wp-content\/uploads\/2026\/05\/Portadas-web-16.png","contentUrl":"https:\/\/hijasdejesus.org\/wp-content\/uploads\/2026\/05\/Portadas-web-16.png","width":1748,"height":1240},{"@type":"BreadcrumbList","@id":"https:\/\/hijasdejesus.org\/pt-br\/um-ano-na-estrada-gratidao-ao-governo-geral\/#breadcrumb","itemListElement":[{"@type":"ListItem","position":1,"name":"Portada","item":"https:\/\/hijasdejesus.org\/pt-br\/"},{"@type":"ListItem","position":2,"name":"Um ano na estrada: gratid\u00e3o ao governo geral"}]},{"@type":"WebSite","@id":"https:\/\/hijasdejesus.org\/pt-br\/#website","url":"https:\/\/hijasdejesus.org\/pt-br\/","name":"Hijas de Jes\u00fas","description":"Despertamos a Jes\u00fas en el coraz\u00f3n, sacando lo mejor de las personas. Somos una congregaci\u00f3n religiosa ignaciana fundada por la Madre Candida","publisher":{"@id":"https:\/\/hijasdejesus.org\/pt-br\/#organization"},"potentialAction":[{"@type":"SearchAction","target":{"@type":"EntryPoint","urlTemplate":"https:\/\/hijasdejesus.org\/pt-br\/?s={search_term_string}"},"query-input":{"@type":"PropertyValueSpecification","valueRequired":true,"valueName":"search_term_string"}}],"inLanguage":"pt-BR"},{"@type":"Organization","@id":"https:\/\/hijasdejesus.org\/pt-br\/#organization","name":"Hijas de Jes\u00fas","url":"https:\/\/hijasdejesus.org\/pt-br\/","logo":{"@type":"ImageObject","inLanguage":"pt-BR","@id":"https:\/\/hijasdejesus.org\/pt-br\/#\/schema\/logo\/image\/","url":"https:\/\/hijasdejesus.org\/wp-content\/uploads\/2023\/01\/Hijas-de-Jesus_hor-A7C957.png","contentUrl":"https:\/\/hijasdejesus.org\/wp-content\/uploads\/2023\/01\/Hijas-de-Jesus_hor-A7C957.png","width":700,"height":360,"caption":"Hijas de Jes\u00fas"},"image":{"@id":"https:\/\/hijasdejesus.org\/pt-br\/#\/schema\/logo\/image\/"},"sameAs":["https:\/\/www.facebook.com\/hijasdejesusenelmundo\/","https:\/\/x.com\/hijasdjesus"]},{"@type":"Person","@id":"https:\/\/hijasdejesus.org\/pt-br\/#\/schema\/person\/91b9e676dca8842a983b89793a34e5b8","name":"Comunicaci\u00f3n Internacional","image":{"@type":"ImageObject","inLanguage":"pt-BR","@id":"https:\/\/secure.gravatar.com\/avatar\/dcb9b61797c934872aa9209ebf48b92edfeb0819dcdcaa77cd84879d6def414d?s=96&d=mm&r=g","url":"https:\/\/secure.gravatar.com\/avatar\/dcb9b61797c934872aa9209ebf48b92edfeb0819dcdcaa77cd84879d6def414d?s=96&d=mm&r=g","contentUrl":"https:\/\/secure.gravatar.com\/avatar\/dcb9b61797c934872aa9209ebf48b92edfeb0819dcdcaa77cd84879d6def414d?s=96&d=mm&r=g","caption":"Comunicaci\u00f3n Internacional"},"url":"https:\/\/hijasdejesus.org\/pt-br\/author\/comunicacion-internacional\/"}]}},"_links":{"self":[{"href":"https:\/\/hijasdejesus.org\/pt-br\/wp-json\/wp\/v2\/posts\/53740","targetHints":{"allow":["GET"]}}],"collection":[{"href":"https:\/\/hijasdejesus.org\/pt-br\/wp-json\/wp\/v2\/posts"}],"about":[{"href":"https:\/\/hijasdejesus.org\/pt-br\/wp-json\/wp\/v2\/types\/post"}],"author":[{"embeddable":true,"href":"https:\/\/hijasdejesus.org\/pt-br\/wp-json\/wp\/v2\/users\/36"}],"replies":[{"embeddable":true,"href":"https:\/\/hijasdejesus.org\/pt-br\/wp-json\/wp\/v2\/comments?post=53740"}],"version-history":[{"count":1,"href":"https:\/\/hijasdejesus.org\/pt-br\/wp-json\/wp\/v2\/posts\/53740\/revisions"}],"predecessor-version":[{"id":53743,"href":"https:\/\/hijasdejesus.org\/pt-br\/wp-json\/wp\/v2\/posts\/53740\/revisions\/53743"}],"wp:featuredmedia":[{"embeddable":true,"href":"https:\/\/hijasdejesus.org\/pt-br\/wp-json\/wp\/v2\/media\/53737"}],"wp:attachment":[{"href":"https:\/\/hijasdejesus.org\/pt-br\/wp-json\/wp\/v2\/media?parent=53740"}],"wp:term":[{"taxonomy":"category","embeddable":true,"href":"https:\/\/hijasdejesus.org\/pt-br\/wp-json\/wp\/v2\/categories?post=53740"},{"taxonomy":"post_tag","embeddable":true,"href":"https:\/\/hijasdejesus.org\/pt-br\/wp-json\/wp\/v2\/tags?post=53740"}],"curies":[{"name":"wp","href":"https:\/\/api.w.org\/{rel}","templated":true}]}}