{"id":56157,"date":"2026-09-01T22:01:41","date_gmt":"2026-09-01T20:01:41","guid":{"rendered":"https:\/\/hijasdejesus.org\/a-reta-final-antes-do-sim-definitivo-o-que-e-a-ultima-provacao\/"},"modified":"2026-09-01T22:02:29","modified_gmt":"2026-09-01T20:02:29","slug":"a-reta-final-antes-do-sim-definitivo-o-que-e-a-ultima-provacao","status":"publish","type":"post","link":"https:\/\/hijasdejesus.org\/pt-br\/a-reta-final-antes-do-sim-definitivo-o-que-e-a-ultima-provacao\/","title":{"rendered":"A reta final antes do \u201csim\u201d definitivo: o que \u00e9 a \u00daltima Prova\u00e7\u00e3o"},"content":{"rendered":"\n<p class=\"wp-block-paragraph\">Desde o momento em que uma Filha de Jesus passa a fazer parte da Congrega\u00e7\u00e3o at\u00e9 sua profiss\u00e3o perp\u00e9tua, ela percorre um caminho de forma\u00e7\u00e3o em etapas: postulado, noviciado e j\u00faniorato, um percurso pensado para que a voca\u00e7\u00e3o v\u00e1 amadurecendo e se confirmando passo a passo. A <strong>\u00daltima Prova\u00e7\u00e3o<\/strong> \u00e9, justamente, a etapa final desse percurso: o per\u00edodo que antecede a incorpora\u00e7\u00e3o definitiva \u00e0 Congrega\u00e7\u00e3o. <\/p>\n\n<h2 class=\"wp-block-heading\"><strong>O que dizem as Constitui\u00e7\u00f5es<\/strong><\/h2>\n\n<p class=\"wp-block-paragraph\">As pr\u00f3prias Constitui\u00e7\u00f5es da Congrega\u00e7\u00e3o deixam bem claro o sentido dessa etapa:<\/p>\n\n<blockquote class=\"wp-block-quote is-layout-flow wp-block-quote-is-layout-flow\">\n<p class=\"wp-block-paragraph\">&#8220;Antes de serem admitidas definitivamente na Congrega\u00e7\u00e3o, as irm\u00e3s passar\u00e3o por mais um per\u00edodo de prova. Isso vai ajudar aquelas que se dedicaram aos estudos e trabalhos pr\u00f3prios da Congrega\u00e7\u00e3o a se aprofundarem na escola do afeto, exercitando-se, com alegria e empenho, nas coisas espirituais e corporais que mais humildade e abnega\u00e7\u00e3o, e maior conhecimento e amor a Deus, possam lhes proporcionar.\u201d (CFI 124)<\/p>\n<\/blockquote>\n\n<p class=\"wp-block-paragraph\">Ou seja: depois de anos dedicados ao estudo e ao trabalho pr\u00f3prios da forma\u00e7\u00e3o, chega um momento diferente, que n\u00e3o se concentra mais em aprender coisas novas, mas em se deixar moldar por dentro, no carinho e na dedica\u00e7\u00e3o.<\/p>\n\n<p class=\"wp-block-paragraph\">As Constitui\u00e7\u00f5es tamb\u00e9m destacam os dois grandes temas desses meses:<\/p>\n\n<blockquote class=\"wp-block-quote is-layout-flow wp-block-quote-is-layout-flow\">\n<p class=\"wp-block-paragraph\">&#8220;Eles v\u00e3o se dedicar, de maneira especial, ao estudo e \u00e0 compreens\u00e3o das Constitui\u00e7\u00f5es e de tudo o que diz respeito ao Instituto, e v\u00e3o fazer os Exerc\u00edcios Espirituais por um m\u00eas.&#8221; (CFI 124)<\/p>\n<\/blockquote>\n\n<p class=\"wp-block-paragraph\">E ainda acrescentam o motivo final de tudo isso:  <\/p>\n\n<blockquote class=\"wp-block-quote is-layout-flow wp-block-quote-is-layout-flow\">\n<p class=\"wp-block-paragraph\">&#8220;E assim, tendo se aperfei\u00e7oado a si mesmas, poder\u00e3o ajudar melhor os outros, para a gl\u00f3ria de Deus, nosso Senhor&#8221; (CFI 124).<\/p>\n<\/blockquote>\n\n<h2 class=\"wp-block-heading\"><strong>Como funciona<\/strong><\/h2>\n\n<p class=\"wp-block-paragraph\">As Diretrizes e Normas Complementares detalham como essa etapa se desenrola na pr\u00e1tica. A admiss\u00e3o \u00e0 \u00daltima Prova\u00e7\u00e3o cabe \u00e0 Superiora Geral, ap\u00f3s ouvir o parecer do seu Conselho e a opini\u00e3o do governo provincial, e dura pelo menos quatro meses (DNC 69). <\/p>\n\n<p class=\"wp-block-paragraph\">Para que esse tempo cumpra seu prop\u00f3sito, as irm\u00e3s ficam livres de suas atividades habituais, embora n\u00e3o sejam exclu\u00eddos aqueles contatos apost\u00f3licos que, em algum momento, forem considerados oportunos. E, justamente por se tratar de irm\u00e3s com muitos anos de vida na congrega\u00e7\u00e3o, as Diretrizes insistem que, nessa fase, mais do que em qualquer outra, se incentive <strong>a participa\u00e7\u00e3o ativa e respons\u00e1vel<\/strong> delas (DNC 69). <\/p>\n\n<h2 class=\"wp-block-heading\"><strong>Uma experi\u00eancia comunit\u00e1ria, orientada e internacional<\/strong><\/h2>\n\n<p class=\"wp-block-paragraph\">As irm\u00e3s passam esse per\u00edodo reunidas na mesma casa, sob a orienta\u00e7\u00e3o de uma <strong>Instrutora<\/strong>, nomeada pela Superiora Geral ap\u00f3s consultar suas Conselheiras (DNC 70). Trata-se de uma irm\u00e3 que deve conhecer bem as Constitui\u00e7\u00f5es e a espiritualidade do Instituto, al\u00e9m de possuir as qualidades necess\u00e1rias para acompanhar tanto individualmente quanto em grupo. (DNC 71).  <\/p>\n\n<p class=\"wp-block-paragraph\">Muitas vezes, essa experi\u00eancia acontece no \u00e2mbito internacional, o que traz uma riqueza pr\u00f3pria: o encontro com irm\u00e3s de outras culturas, a experi\u00eancia viva da universalidade do Corpo congregacional e o exerc\u00edcio alegre da abertura a outras formas de viver e de acreditar.<\/p>\n\n<p class=\"wp-block-paragraph\">Na Carta Circular n\u00ba 52, a Superiora Geral, Graciela Francovig, fi, divulgou os nomes das junioras que foram admitidas para a \u00faltima prova de admiss\u00e3o de 2026-2027. S\u00e3o elas: <\/p>\n\n<ul class=\"wp-block-list\">\n<li>Bermejo Samis, Mar\u00eda Cristal. (Filipinas) <\/li>\n\n\n\n<li>Cao, Cecilia. (Vietn\u00e3) <\/li>\n\n\n\n<li>Garc\u00eda Casa\u00f1as, M\u00f3nica Celina. (Uruguai) <\/li>\n\n\n\n<li>Lin, Inma. (Continente) <\/li>\n\n\n\n<li>Nguyen, Ann. (Vietn\u00e3) <\/li>\n\n\n\n<li>Malaquias Rodr\u00edguez, Cintia. (Brasil) <\/li>\n\n\n\n<li>  Santorce Piosca, Mary Mae. (Filipinas) <\/li>\n<\/ul>\n\n<p class=\"wp-block-paragraph\">Ele tamb\u00e9m nomeou a conselheira geral Magda Zhang, fi., como instrutora desse grupo.<\/p>\n\n<h2 class=\"wp-block-heading\"><strong>O que importa nesses meses: Exerc\u00edcios, Constitui\u00e7\u00f5es e abnega\u00e7\u00e3o<\/strong><\/h2>\n\n<p class=\"wp-block-paragraph\">O m\u00eas dos <strong>Exerc\u00edcios Espirituais<\/strong> tem um papel central: \u00e9 o momento em que cada irm\u00e3 reflete sobre sua trajet\u00f3ria como Filha de Jesus e chega \u00e0 confirma\u00e7\u00e3o de sua voca\u00e7\u00e3o, consolidando a integra\u00e7\u00e3o afetiva que vai permitir que ela ofere\u00e7a sua vida na profiss\u00e3o perp\u00e9tua.<\/p>\n\n<p class=\"wp-block-paragraph\">A partir da\u00ed, a experi\u00eancia de <strong>abnega\u00e7\u00e3o<\/strong> tamb\u00e9m ganha sentido, n\u00e3o como um exerc\u00edcio isolado, mas como uma atitude constante voltada para a miss\u00e3o. E \u00e9, al\u00e9m disso, hora de voltar \u00e0s <strong>Constitui\u00e7\u00f5es<\/strong> e aos escritos da Madre C\u00e2ndida, como uma releitura sapiencial a partir da pr\u00f3pria experi\u00eancia vivida: redescobri-los como um caminho concreto do Evangelho. <\/p>\n\n<h2 class=\"wp-block-heading\"><strong>Um caminho que vamos continuar compartilhando<\/strong><\/h2>\n\n<p class=\"wp-block-paragraph\">Nos pr\u00f3ximos dias, vamos continuar essa s\u00e9rie conhecendo a instrutora que est\u00e1 acompanhando essa fase e, depois, cada uma das sete junioras que fazem parte desse grupo de \u00daltima Prova\u00e7\u00e3o.<\/p>\n\n<p class=\"wp-block-paragraph\">Ao longo dos quase seis meses que dura essa experi\u00eancia, tamb\u00e9m vamos compartilhar a jornada de quem est\u00e1 acompanhando essas pessoas: irm\u00e3s e outras pessoas que v\u00e3o conduzir oficinas, exerc\u00edcios e diversas experi\u00eancias que v\u00e3o ajudar a transformar os objetivos estabelecidos nos nossos documentos em um di\u00e1logo vivo com a realidade.<\/p>\n\n<p class=\"wp-block-paragraph\"><kbd>Convidamos toda a Fam\u00edlia Madre C\u00e2ndida a acompanh\u00e1-las com ora\u00e7\u00f5es e proximidade, e a ficar de olho em tudo o que vamos compartilhar sobre essa fase t\u00e3o significativa.<\/kbd><\/p>\n\n<p class=\"wp-block-paragraph\"><\/p>\n","protected":false},"excerpt":{"rendered":"<p>Desde o momento em que uma Filha de Jesus passa a fazer parte da Congrega\u00e7\u00e3o at\u00e9 sua profiss\u00e3o perp\u00e9tua, ela percorre um caminho de forma\u00e7\u00e3o em etapas: postulado, noviciado e j\u00faniorato, um percurso pensado para que a voca\u00e7\u00e3o v\u00e1 amadurecendo e se confirmando passo a passo. A \u00daltima Prova\u00e7\u00e3o \u00e9, justamente, a etapa final desse [&hellip;]<\/p>\n","protected":false},"author":36,"featured_media":56151,"comment_status":"closed","ping_status":"closed","sticky":false,"template":"","format":"standard","meta":{"_et_pb_use_builder":"","_et_pb_old_content":"","_et_gb_content_width":"","footnotes":"","_links_to":"","_links_to_target":""},"categories":[696,529,704],"tags":[705,892,729],"class_list":["post-56157","post","type-post","status-publish","format-standard","has-post-thumbnail","hentry","category-destaque","category-hijas-de-jesus-pt-br","category-vida-religiosa-pt-br","tag-formacion-inicial-pt-br","tag-juniorado-2-pt-br","tag-superior-geral"],"yoast_head":"<!-- This site is optimized with the Yoast SEO plugin v28.3 - https:\/\/yoast.com\/product\/yoast-seo-wordpress\/ -->\n<title>A reta final antes do \u201csim\u201d definitivo: o que \u00e9 a \u00daltima Prova\u00e7\u00e3o - Hijas de Jes\u00fas<\/title>\n<meta name=\"description\" content=\"Desde o momento em que uma Filha de Jesus passa a fazer parte da Congrega\u00e7\u00e3o at\u00e9 sua profiss\u00e3o perp\u00e9tua, ela percorre um caminho de forma\u00e7\u00e3o em etapas, um itiner\u00e1rio pensado para que a voca\u00e7\u00e3o v\u00e1 amadurecendo e se confirmando passo a passo. A \u00daltima Prova\u00e7\u00e3o \u00e9 a etapa final desse percurso: o per\u00edodo que antecede a incorpora\u00e7\u00e3o definitiva \u00e0 Congrega\u00e7\u00e3o.\" \/>\n<meta name=\"robots\" content=\"index, follow, max-snippet:-1, max-image-preview:large, max-video-preview:-1\" \/>\n<link rel=\"canonical\" href=\"https:\/\/hijasdejesus.org\/pt-br\/a-reta-final-antes-do-sim-definitivo-o-que-e-a-ultima-provacao\/\" \/>\n<meta property=\"og:locale\" content=\"pt_BR\" \/>\n<meta property=\"og:type\" content=\"article\" \/>\n<meta property=\"og:title\" content=\"A reta final antes do \u201csim\u201d definitivo: o que \u00e9 a \u00daltima Prova\u00e7\u00e3o - Hijas de Jes\u00fas\" \/>\n<meta property=\"og:description\" content=\"Desde o momento em que uma Filha de Jesus passa a fazer parte da Congrega\u00e7\u00e3o at\u00e9 sua profiss\u00e3o perp\u00e9tua, ela percorre um caminho de forma\u00e7\u00e3o em etapas, um itiner\u00e1rio pensado para que a voca\u00e7\u00e3o v\u00e1 amadurecendo e se confirmando passo a passo. A \u00daltima Prova\u00e7\u00e3o \u00e9 a etapa final desse percurso: o per\u00edodo que antecede a incorpora\u00e7\u00e3o definitiva \u00e0 Congrega\u00e7\u00e3o.\" \/>\n<meta property=\"og:url\" content=\"https:\/\/hijasdejesus.org\/pt-br\/a-reta-final-antes-do-sim-definitivo-o-que-e-a-ultima-provacao\/\" \/>\n<meta property=\"og:site_name\" content=\"Hijas de Jes\u00fas\" \/>\n<meta property=\"article:publisher\" content=\"https:\/\/www.facebook.com\/hijasdejesusenelmundo\/\" \/>\n<meta property=\"article:published_time\" content=\"2026-09-01T20:01:41+00:00\" \/>\n<meta property=\"article:modified_time\" content=\"2026-09-01T20:02:29+00:00\" \/>\n<meta property=\"og:image\" content=\"https:\/\/hijasdejesus.org\/wp-content\/uploads\/2026\/09\/Portadas-web-25-1024x726.png\" \/>\n\t<meta property=\"og:image:width\" content=\"1024\" \/>\n\t<meta property=\"og:image:height\" content=\"726\" \/>\n\t<meta property=\"og:image:type\" content=\"image\/png\" \/>\n<meta name=\"author\" content=\"Comunicaci\u00f3n Internacional\" \/>\n<meta name=\"twitter:card\" content=\"summary_large_image\" \/>\n<meta name=\"twitter:creator\" content=\"@hijasdjesus\" \/>\n<meta name=\"twitter:site\" content=\"@hijasdjesus\" \/>\n<meta name=\"twitter:label1\" content=\"Escrito por\" \/>\n\t<meta name=\"twitter:data1\" content=\"Comunicaci\u00f3n Internacional\" \/>\n\t<meta name=\"twitter:label2\" content=\"Est. tempo de leitura\" \/>\n\t<meta name=\"twitter:data2\" content=\"4 minutos\" \/>\n<script type=\"application\/ld+json\" class=\"yoast-schema-graph\">{\"@context\":\"https:\\\/\\\/schema.org\",\"@graph\":[{\"@type\":\"Article\",\"@id\":\"https:\\\/\\\/hijasdejesus.org\\\/pt-br\\\/a-reta-final-antes-do-sim-definitivo-o-que-e-a-ultima-provacao\\\/#article\",\"isPartOf\":{\"@id\":\"https:\\\/\\\/hijasdejesus.org\\\/pt-br\\\/a-reta-final-antes-do-sim-definitivo-o-que-e-a-ultima-provacao\\\/\"},\"author\":{\"name\":\"Comunicaci\u00f3n Internacional\",\"@id\":\"https:\\\/\\\/hijasdejesus.org\\\/pt-br\\\/#\\\/schema\\\/person\\\/91b9e676dca8842a983b89793a34e5b8\"},\"headline\":\"A reta final antes do \u201csim\u201d definitivo: o que \u00e9 a \u00daltima Prova\u00e7\u00e3o\",\"datePublished\":\"2026-09-01T20:01:41+00:00\",\"dateModified\":\"2026-09-01T20:02:29+00:00\",\"mainEntityOfPage\":{\"@id\":\"https:\\\/\\\/hijasdejesus.org\\\/pt-br\\\/a-reta-final-antes-do-sim-definitivo-o-que-e-a-ultima-provacao\\\/\"},\"wordCount\":878,\"publisher\":{\"@id\":\"https:\\\/\\\/hijasdejesus.org\\\/pt-br\\\/#organization\"},\"image\":{\"@id\":\"https:\\\/\\\/hijasdejesus.org\\\/pt-br\\\/a-reta-final-antes-do-sim-definitivo-o-que-e-a-ultima-provacao\\\/#primaryimage\"},\"thumbnailUrl\":\"https:\\\/\\\/hijasdejesus.org\\\/wp-content\\\/uploads\\\/2026\\\/09\\\/Portadas-web-25.png\",\"keywords\":[\"Formaci\u00f3n inicial\",\"Juniorado\",\"Superior Geral\"],\"articleSection\":[\"Destaque\",\"Hijas de Jes\u00fas\",\"Vida Religiosa\"],\"inLanguage\":\"pt-BR\"},{\"@type\":\"WebPage\",\"@id\":\"https:\\\/\\\/hijasdejesus.org\\\/pt-br\\\/a-reta-final-antes-do-sim-definitivo-o-que-e-a-ultima-provacao\\\/\",\"url\":\"https:\\\/\\\/hijasdejesus.org\\\/pt-br\\\/a-reta-final-antes-do-sim-definitivo-o-que-e-a-ultima-provacao\\\/\",\"name\":\"A reta final antes do \u201csim\u201d definitivo: o que \u00e9 a \u00daltima Prova\u00e7\u00e3o - Hijas de Jes\u00fas\",\"isPartOf\":{\"@id\":\"https:\\\/\\\/hijasdejesus.org\\\/pt-br\\\/#website\"},\"primaryImageOfPage\":{\"@id\":\"https:\\\/\\\/hijasdejesus.org\\\/pt-br\\\/a-reta-final-antes-do-sim-definitivo-o-que-e-a-ultima-provacao\\\/#primaryimage\"},\"image\":{\"@id\":\"https:\\\/\\\/hijasdejesus.org\\\/pt-br\\\/a-reta-final-antes-do-sim-definitivo-o-que-e-a-ultima-provacao\\\/#primaryimage\"},\"thumbnailUrl\":\"https:\\\/\\\/hijasdejesus.org\\\/wp-content\\\/uploads\\\/2026\\\/09\\\/Portadas-web-25.png\",\"datePublished\":\"2026-09-01T20:01:41+00:00\",\"dateModified\":\"2026-09-01T20:02:29+00:00\",\"description\":\"Desde o momento em que uma Filha de Jesus passa a fazer parte da Congrega\u00e7\u00e3o at\u00e9 sua profiss\u00e3o perp\u00e9tua, ela percorre um caminho de forma\u00e7\u00e3o em etapas, um itiner\u00e1rio pensado para que a voca\u00e7\u00e3o v\u00e1 amadurecendo e se confirmando passo a passo. A \u00daltima Prova\u00e7\u00e3o \u00e9 a etapa final desse percurso: o per\u00edodo que antecede a incorpora\u00e7\u00e3o definitiva \u00e0 Congrega\u00e7\u00e3o.\",\"breadcrumb\":{\"@id\":\"https:\\\/\\\/hijasdejesus.org\\\/pt-br\\\/a-reta-final-antes-do-sim-definitivo-o-que-e-a-ultima-provacao\\\/#breadcrumb\"},\"inLanguage\":\"pt-BR\",\"potentialAction\":[{\"@type\":\"ReadAction\",\"target\":[\"https:\\\/\\\/hijasdejesus.org\\\/pt-br\\\/a-reta-final-antes-do-sim-definitivo-o-que-e-a-ultima-provacao\\\/\"]}]},{\"@type\":\"ImageObject\",\"inLanguage\":\"pt-BR\",\"@id\":\"https:\\\/\\\/hijasdejesus.org\\\/pt-br\\\/a-reta-final-antes-do-sim-definitivo-o-que-e-a-ultima-provacao\\\/#primaryimage\",\"url\":\"https:\\\/\\\/hijasdejesus.org\\\/wp-content\\\/uploads\\\/2026\\\/09\\\/Portadas-web-25.png\",\"contentUrl\":\"https:\\\/\\\/hijasdejesus.org\\\/wp-content\\\/uploads\\\/2026\\\/09\\\/Portadas-web-25.png\",\"width\":1748,\"height\":1240,\"caption\":\"Constituciones de las Hijas de Jes\u00fas\"},{\"@type\":\"BreadcrumbList\",\"@id\":\"https:\\\/\\\/hijasdejesus.org\\\/pt-br\\\/a-reta-final-antes-do-sim-definitivo-o-que-e-a-ultima-provacao\\\/#breadcrumb\",\"itemListElement\":[{\"@type\":\"ListItem\",\"position\":1,\"name\":\"Portada\",\"item\":\"https:\\\/\\\/hijasdejesus.org\\\/pt-br\\\/\"},{\"@type\":\"ListItem\",\"position\":2,\"name\":\"A reta final antes do \u201csim\u201d definitivo: o que \u00e9 a \u00daltima Prova\u00e7\u00e3o\"}]},{\"@type\":\"WebSite\",\"@id\":\"https:\\\/\\\/hijasdejesus.org\\\/pt-br\\\/#website\",\"url\":\"https:\\\/\\\/hijasdejesus.org\\\/pt-br\\\/\",\"name\":\"Hijas de Jes\u00fas\",\"description\":\"Despertamos a Jes\u00fas en el coraz\u00f3n, sacando lo mejor de las personas. Somos una congregaci\u00f3n religiosa ignaciana fundada por la Madre Candida\",\"publisher\":{\"@id\":\"https:\\\/\\\/hijasdejesus.org\\\/pt-br\\\/#organization\"},\"potentialAction\":[{\"@type\":\"SearchAction\",\"target\":{\"@type\":\"EntryPoint\",\"urlTemplate\":\"https:\\\/\\\/hijasdejesus.org\\\/pt-br\\\/?s={search_term_string}\"},\"query-input\":{\"@type\":\"PropertyValueSpecification\",\"valueRequired\":true,\"valueName\":\"search_term_string\"}}],\"inLanguage\":\"pt-BR\"},{\"@type\":\"Organization\",\"@id\":\"https:\\\/\\\/hijasdejesus.org\\\/pt-br\\\/#organization\",\"name\":\"Hijas de Jes\u00fas\",\"url\":\"https:\\\/\\\/hijasdejesus.org\\\/pt-br\\\/\",\"logo\":{\"@type\":\"ImageObject\",\"inLanguage\":\"pt-BR\",\"@id\":\"https:\\\/\\\/hijasdejesus.org\\\/pt-br\\\/#\\\/schema\\\/logo\\\/image\\\/\",\"url\":\"https:\\\/\\\/hijasdejesus.org\\\/wp-content\\\/uploads\\\/2023\\\/01\\\/Hijas-de-Jesus_hor-A7C957.png\",\"contentUrl\":\"https:\\\/\\\/hijasdejesus.org\\\/wp-content\\\/uploads\\\/2023\\\/01\\\/Hijas-de-Jesus_hor-A7C957.png\",\"width\":700,\"height\":360,\"caption\":\"Hijas de Jes\u00fas\"},\"image\":{\"@id\":\"https:\\\/\\\/hijasdejesus.org\\\/pt-br\\\/#\\\/schema\\\/logo\\\/image\\\/\"},\"sameAs\":[\"https:\\\/\\\/www.facebook.com\\\/hijasdejesusenelmundo\\\/\",\"https:\\\/\\\/x.com\\\/hijasdjesus\"]},{\"@type\":\"Person\",\"@id\":\"https:\\\/\\\/hijasdejesus.org\\\/pt-br\\\/#\\\/schema\\\/person\\\/91b9e676dca8842a983b89793a34e5b8\",\"name\":\"Comunicaci\u00f3n Internacional\",\"image\":{\"@type\":\"ImageObject\",\"inLanguage\":\"pt-BR\",\"@id\":\"https:\\\/\\\/secure.gravatar.com\\\/avatar\\\/dcb9b61797c934872aa9209ebf48b92edfeb0819dcdcaa77cd84879d6def414d?s=96&d=mm&r=g\",\"url\":\"https:\\\/\\\/secure.gravatar.com\\\/avatar\\\/dcb9b61797c934872aa9209ebf48b92edfeb0819dcdcaa77cd84879d6def414d?s=96&d=mm&r=g\",\"contentUrl\":\"https:\\\/\\\/secure.gravatar.com\\\/avatar\\\/dcb9b61797c934872aa9209ebf48b92edfeb0819dcdcaa77cd84879d6def414d?s=96&d=mm&r=g\",\"caption\":\"Comunicaci\u00f3n Internacional\"},\"url\":\"https:\\\/\\\/hijasdejesus.org\\\/pt-br\\\/author\\\/comunicacion-internacional\\\/\"}]}<\/script>\n<!-- \/ Yoast SEO plugin. -->","yoast_head_json":{"title":"A reta final antes do \u201csim\u201d definitivo: o que \u00e9 a \u00daltima Prova\u00e7\u00e3o - Hijas de Jes\u00fas","description":"Desde o momento em que uma Filha de Jesus passa a fazer parte da Congrega\u00e7\u00e3o at\u00e9 sua profiss\u00e3o perp\u00e9tua, ela percorre um caminho de forma\u00e7\u00e3o em etapas, um itiner\u00e1rio pensado para que a voca\u00e7\u00e3o v\u00e1 amadurecendo e se confirmando passo a passo. A \u00daltima Prova\u00e7\u00e3o \u00e9 a etapa final desse percurso: o per\u00edodo que antecede a incorpora\u00e7\u00e3o definitiva \u00e0 Congrega\u00e7\u00e3o.","robots":{"index":"index","follow":"follow","max-snippet":"max-snippet:-1","max-image-preview":"max-image-preview:large","max-video-preview":"max-video-preview:-1"},"canonical":"https:\/\/hijasdejesus.org\/pt-br\/a-reta-final-antes-do-sim-definitivo-o-que-e-a-ultima-provacao\/","og_locale":"pt_BR","og_type":"article","og_title":"A reta final antes do \u201csim\u201d definitivo: o que \u00e9 a \u00daltima Prova\u00e7\u00e3o - Hijas de Jes\u00fas","og_description":"Desde o momento em que uma Filha de Jesus passa a fazer parte da Congrega\u00e7\u00e3o at\u00e9 sua profiss\u00e3o perp\u00e9tua, ela percorre um caminho de forma\u00e7\u00e3o em etapas, um itiner\u00e1rio pensado para que a voca\u00e7\u00e3o v\u00e1 amadurecendo e se confirmando passo a passo. A \u00daltima Prova\u00e7\u00e3o \u00e9 a etapa final desse percurso: o per\u00edodo que antecede a incorpora\u00e7\u00e3o definitiva \u00e0 Congrega\u00e7\u00e3o.","og_url":"https:\/\/hijasdejesus.org\/pt-br\/a-reta-final-antes-do-sim-definitivo-o-que-e-a-ultima-provacao\/","og_site_name":"Hijas de Jes\u00fas","article_publisher":"https:\/\/www.facebook.com\/hijasdejesusenelmundo\/","article_published_time":"2026-09-01T20:01:41+00:00","article_modified_time":"2026-09-01T20:02:29+00:00","og_image":[{"width":1024,"height":726,"url":"https:\/\/hijasdejesus.org\/wp-content\/uploads\/2026\/09\/Portadas-web-25-1024x726.png","type":"image\/png"}],"author":"Comunicaci\u00f3n Internacional","twitter_card":"summary_large_image","twitter_creator":"@hijasdjesus","twitter_site":"@hijasdjesus","twitter_misc":{"Escrito por":"Comunicaci\u00f3n Internacional","Est. tempo de leitura":"4 minutos"},"schema":{"@context":"https:\/\/schema.org","@graph":[{"@type":"Article","@id":"https:\/\/hijasdejesus.org\/pt-br\/a-reta-final-antes-do-sim-definitivo-o-que-e-a-ultima-provacao\/#article","isPartOf":{"@id":"https:\/\/hijasdejesus.org\/pt-br\/a-reta-final-antes-do-sim-definitivo-o-que-e-a-ultima-provacao\/"},"author":{"name":"Comunicaci\u00f3n Internacional","@id":"https:\/\/hijasdejesus.org\/pt-br\/#\/schema\/person\/91b9e676dca8842a983b89793a34e5b8"},"headline":"A reta final antes do \u201csim\u201d definitivo: o que \u00e9 a \u00daltima Prova\u00e7\u00e3o","datePublished":"2026-09-01T20:01:41+00:00","dateModified":"2026-09-01T20:02:29+00:00","mainEntityOfPage":{"@id":"https:\/\/hijasdejesus.org\/pt-br\/a-reta-final-antes-do-sim-definitivo-o-que-e-a-ultima-provacao\/"},"wordCount":878,"publisher":{"@id":"https:\/\/hijasdejesus.org\/pt-br\/#organization"},"image":{"@id":"https:\/\/hijasdejesus.org\/pt-br\/a-reta-final-antes-do-sim-definitivo-o-que-e-a-ultima-provacao\/#primaryimage"},"thumbnailUrl":"https:\/\/hijasdejesus.org\/wp-content\/uploads\/2026\/09\/Portadas-web-25.png","keywords":["Formaci\u00f3n inicial","Juniorado","Superior Geral"],"articleSection":["Destaque","Hijas de Jes\u00fas","Vida Religiosa"],"inLanguage":"pt-BR"},{"@type":"WebPage","@id":"https:\/\/hijasdejesus.org\/pt-br\/a-reta-final-antes-do-sim-definitivo-o-que-e-a-ultima-provacao\/","url":"https:\/\/hijasdejesus.org\/pt-br\/a-reta-final-antes-do-sim-definitivo-o-que-e-a-ultima-provacao\/","name":"A reta final antes do \u201csim\u201d definitivo: o que \u00e9 a \u00daltima Prova\u00e7\u00e3o - Hijas de Jes\u00fas","isPartOf":{"@id":"https:\/\/hijasdejesus.org\/pt-br\/#website"},"primaryImageOfPage":{"@id":"https:\/\/hijasdejesus.org\/pt-br\/a-reta-final-antes-do-sim-definitivo-o-que-e-a-ultima-provacao\/#primaryimage"},"image":{"@id":"https:\/\/hijasdejesus.org\/pt-br\/a-reta-final-antes-do-sim-definitivo-o-que-e-a-ultima-provacao\/#primaryimage"},"thumbnailUrl":"https:\/\/hijasdejesus.org\/wp-content\/uploads\/2026\/09\/Portadas-web-25.png","datePublished":"2026-09-01T20:01:41+00:00","dateModified":"2026-09-01T20:02:29+00:00","description":"Desde o momento em que uma Filha de Jesus passa a fazer parte da Congrega\u00e7\u00e3o at\u00e9 sua profiss\u00e3o perp\u00e9tua, ela percorre um caminho de forma\u00e7\u00e3o em etapas, um itiner\u00e1rio pensado para que a voca\u00e7\u00e3o v\u00e1 amadurecendo e se confirmando passo a passo. A \u00daltima Prova\u00e7\u00e3o \u00e9 a etapa final desse percurso: o per\u00edodo que antecede a incorpora\u00e7\u00e3o definitiva \u00e0 Congrega\u00e7\u00e3o.","breadcrumb":{"@id":"https:\/\/hijasdejesus.org\/pt-br\/a-reta-final-antes-do-sim-definitivo-o-que-e-a-ultima-provacao\/#breadcrumb"},"inLanguage":"pt-BR","potentialAction":[{"@type":"ReadAction","target":["https:\/\/hijasdejesus.org\/pt-br\/a-reta-final-antes-do-sim-definitivo-o-que-e-a-ultima-provacao\/"]}]},{"@type":"ImageObject","inLanguage":"pt-BR","@id":"https:\/\/hijasdejesus.org\/pt-br\/a-reta-final-antes-do-sim-definitivo-o-que-e-a-ultima-provacao\/#primaryimage","url":"https:\/\/hijasdejesus.org\/wp-content\/uploads\/2026\/09\/Portadas-web-25.png","contentUrl":"https:\/\/hijasdejesus.org\/wp-content\/uploads\/2026\/09\/Portadas-web-25.png","width":1748,"height":1240,"caption":"Constituciones de las Hijas de Jes\u00fas"},{"@type":"BreadcrumbList","@id":"https:\/\/hijasdejesus.org\/pt-br\/a-reta-final-antes-do-sim-definitivo-o-que-e-a-ultima-provacao\/#breadcrumb","itemListElement":[{"@type":"ListItem","position":1,"name":"Portada","item":"https:\/\/hijasdejesus.org\/pt-br\/"},{"@type":"ListItem","position":2,"name":"A reta final antes do \u201csim\u201d definitivo: o que \u00e9 a \u00daltima Prova\u00e7\u00e3o"}]},{"@type":"WebSite","@id":"https:\/\/hijasdejesus.org\/pt-br\/#website","url":"https:\/\/hijasdejesus.org\/pt-br\/","name":"Hijas de Jes\u00fas","description":"Despertamos a Jes\u00fas en el coraz\u00f3n, sacando lo mejor de las personas. Somos una congregaci\u00f3n religiosa ignaciana fundada por la Madre Candida","publisher":{"@id":"https:\/\/hijasdejesus.org\/pt-br\/#organization"},"potentialAction":[{"@type":"SearchAction","target":{"@type":"EntryPoint","urlTemplate":"https:\/\/hijasdejesus.org\/pt-br\/?s={search_term_string}"},"query-input":{"@type":"PropertyValueSpecification","valueRequired":true,"valueName":"search_term_string"}}],"inLanguage":"pt-BR"},{"@type":"Organization","@id":"https:\/\/hijasdejesus.org\/pt-br\/#organization","name":"Hijas de Jes\u00fas","url":"https:\/\/hijasdejesus.org\/pt-br\/","logo":{"@type":"ImageObject","inLanguage":"pt-BR","@id":"https:\/\/hijasdejesus.org\/pt-br\/#\/schema\/logo\/image\/","url":"https:\/\/hijasdejesus.org\/wp-content\/uploads\/2023\/01\/Hijas-de-Jesus_hor-A7C957.png","contentUrl":"https:\/\/hijasdejesus.org\/wp-content\/uploads\/2023\/01\/Hijas-de-Jesus_hor-A7C957.png","width":700,"height":360,"caption":"Hijas de Jes\u00fas"},"image":{"@id":"https:\/\/hijasdejesus.org\/pt-br\/#\/schema\/logo\/image\/"},"sameAs":["https:\/\/www.facebook.com\/hijasdejesusenelmundo\/","https:\/\/x.com\/hijasdjesus"]},{"@type":"Person","@id":"https:\/\/hijasdejesus.org\/pt-br\/#\/schema\/person\/91b9e676dca8842a983b89793a34e5b8","name":"Comunicaci\u00f3n Internacional","image":{"@type":"ImageObject","inLanguage":"pt-BR","@id":"https:\/\/secure.gravatar.com\/avatar\/dcb9b61797c934872aa9209ebf48b92edfeb0819dcdcaa77cd84879d6def414d?s=96&d=mm&r=g","url":"https:\/\/secure.gravatar.com\/avatar\/dcb9b61797c934872aa9209ebf48b92edfeb0819dcdcaa77cd84879d6def414d?s=96&d=mm&r=g","contentUrl":"https:\/\/secure.gravatar.com\/avatar\/dcb9b61797c934872aa9209ebf48b92edfeb0819dcdcaa77cd84879d6def414d?s=96&d=mm&r=g","caption":"Comunicaci\u00f3n Internacional"},"url":"https:\/\/hijasdejesus.org\/pt-br\/author\/comunicacion-internacional\/"}]}},"_links":{"self":[{"href":"https:\/\/hijasdejesus.org\/pt-br\/wp-json\/wp\/v2\/posts\/56157","targetHints":{"allow":["GET"]}}],"collection":[{"href":"https:\/\/hijasdejesus.org\/pt-br\/wp-json\/wp\/v2\/posts"}],"about":[{"href":"https:\/\/hijasdejesus.org\/pt-br\/wp-json\/wp\/v2\/types\/post"}],"author":[{"embeddable":true,"href":"https:\/\/hijasdejesus.org\/pt-br\/wp-json\/wp\/v2\/users\/36"}],"replies":[{"embeddable":true,"href":"https:\/\/hijasdejesus.org\/pt-br\/wp-json\/wp\/v2\/comments?post=56157"}],"version-history":[{"count":1,"href":"https:\/\/hijasdejesus.org\/pt-br\/wp-json\/wp\/v2\/posts\/56157\/revisions"}],"predecessor-version":[{"id":56158,"href":"https:\/\/hijasdejesus.org\/pt-br\/wp-json\/wp\/v2\/posts\/56157\/revisions\/56158"}],"wp:featuredmedia":[{"embeddable":true,"href":"https:\/\/hijasdejesus.org\/pt-br\/wp-json\/wp\/v2\/media\/56151"}],"wp:attachment":[{"href":"https:\/\/hijasdejesus.org\/pt-br\/wp-json\/wp\/v2\/media?parent=56157"}],"wp:term":[{"taxonomy":"category","embeddable":true,"href":"https:\/\/hijasdejesus.org\/pt-br\/wp-json\/wp\/v2\/categories?post=56157"},{"taxonomy":"post_tag","embeddable":true,"href":"https:\/\/hijasdejesus.org\/pt-br\/wp-json\/wp\/v2\/tags?post=56157"}],"curies":[{"name":"wp","href":"https:\/\/api.w.org\/{rel}","templated":true}]}}