{"id":56170,"date":"2026-09-02T16:06:13","date_gmt":"2026-09-02T14:06:13","guid":{"rendered":"https:\/\/hijasdejesus.org\/comeca-a-trajetoria-da-provincia-europa-africa\/"},"modified":"2026-09-02T16:25:18","modified_gmt":"2026-09-02T14:25:18","slug":"comeca-a-trajetoria-da-provincia-europa-africa","status":"publish","type":"post","link":"https:\/\/hijasdejesus.org\/pt-br\/comeca-a-trajetoria-da-provincia-europa-africa\/","title":{"rendered":"Come\u00e7a a trajet\u00f3ria da Prov\u00edncia Europa-\u00c1frica"},"content":{"rendered":"\n<p class=\"wp-block-paragraph\">Em 1\u00ba de setembro de 2026, a prov\u00edncia da Espanha-It\u00e1lia deu um passo que vinha sendo preparado h\u00e1 meses: <a href=\"https:\/\/hijasdejesus.es\/una-nueva-realidad-de-las-hijas-de-jesus-la-provincia-europa-africa\/\">tornou-se oficialmente<\/a> a <strong>prov\u00edncia Europa-\u00c1frica<\/strong>, formada pela Espanha, It\u00e1lia e Mo\u00e7ambique. Uma nova era que nasce do desejo de continuar respondendo, juntas, aos apelos mais urgentes da humanidade. <\/p>\n\n<h2 class=\"wp-block-heading\"><strong>Algo novo est\u00e1 surgindo<\/strong><\/h2>\n\n<p class=\"wp-block-paragraph\">Em maio, nossa superiora geral, Graciela Francovig, anunciou na carta circular n\u00ba 53 <a href=\"https:\/\/hijasdejesus.org\/pt-br\/espanha-italia-e-mocambique-uma-nova-etapa-que-amplia-a-vida\/\">a incorpora\u00e7\u00e3o da comunidade de Mo\u00e7ambique<\/a> \u2014 presente na diocese de Inhambane \u2014 \u00e0 ent\u00e3o prov\u00edncia da Espanha-It\u00e1lia.  <\/p>\n\n<p class=\"wp-block-paragraph\">De Andoain, bem no meio da visita can\u00f4nica, a superiora provincial, Mar\u00eda del Mar Dom\u00ednguez L\u00f3pez fi, escreveu na carta circular n\u00ba 8:<\/p>\n\n<p class=\"wp-block-paragraph\">\u201cAlgo novo est\u00e1 surgindo, voc\u00eas n\u00e3o percebem?\u201d (Is 43,19)&#8230; A gente se organiza de um jeito diferente pra \u201ccontinuar respondendo aos gritos mais urgentes da humanidade\u201d. Mas n\u00e3o se trata s\u00f3 de organiza\u00e7\u00e3o, queridas irm\u00e3s; trata-se, acima de tudo, de convers\u00e3o, de uma \u201crenova\u00e7\u00e3o espiritual e de uma abertura genu\u00edna \u00e0 novidade de reconhecer e acompanhar a a\u00e7\u00e3o de Deus no nosso presente\u201d (Det. XIX,39).  <\/p>\n\n<p class=\"wp-block-paragraph\">Come\u00e7ava ent\u00e3o uma fase de transi\u00e7\u00e3o, um momento para orarmos umas pelas outras e ampliarmos, com um cora\u00e7\u00e3o aberto a todos, o horizonte da prov\u00edncia.<\/p>\n\n<h2 class=\"wp-block-heading\"><strong>Um nome voltado para o futuro<\/strong><\/h2>\n\n<p class=\"wp-block-paragraph\">Nesses meses, pediram \u00e0s irm\u00e3s sugest\u00f5es para dar um nome a essa nova realidade. Depois de conversarem entre a dire\u00e7\u00e3o geral e a provincial, em agosto, a Superiora Geral, Graciela Francovig, anunciou na carta circular n\u00ba 55 a escolha definitiva: <\/p>\n\n<p class=\"wp-block-paragraph\">Escolhemos Europa-\u00c1frica. Achamos que a realidade geogr\u00e1fica era o crit\u00e9rio que melhor definia essa prov\u00edncia, assim como acontece com outras prov\u00edncias, e que oferece possibilidades para o futuro. <\/p>\n\n<h2 class=\"wp-block-heading\"><strong>Desde setembro, uma nova realidade<\/strong><\/h2>\n\n<p class=\"wp-block-paragraph\">Desde 1\u00ba de setembro de 2026, a Espanha, a It\u00e1lia e Mo\u00e7ambique seguem juntas sob um mesmo nome e um mesmo projeto provincial. Uma prov\u00edncia jovem na sua forma\u00e7\u00e3o, mas herdeira de uma longa hist\u00f3ria. <\/p>\n\n<p class=\"wp-block-paragraph\">Agradecemos a Deus pela disponibilidade de todas voc\u00eas para tornar poss\u00edvel essa nova vida, e acompanhamos com nossas ora\u00e7\u00f5es a prov\u00edncia Europa-\u00c1frica nesse in\u00edcio de jornada. Que o Esp\u00edrito, que sempre d\u00e1 vida, guie cada passo desse caminho que come\u00e7a hoje. <\/p>\n","protected":false},"excerpt":{"rendered":"<p>Em 1\u00ba de setembro de 2026, a prov\u00edncia da Espanha-It\u00e1lia deu um passo que vinha sendo preparado h\u00e1 meses: tornou-se oficialmente a prov\u00edncia Europa-\u00c1frica, formada pela Espanha, It\u00e1lia e Mo\u00e7ambique. Uma nova era que nasce do desejo de continuar respondendo, juntas, aos apelos mais urgentes da humanidade. Algo novo est\u00e1 surgindo Em maio, nossa superiora [&hellip;]<\/p>\n","protected":false},"author":36,"featured_media":56175,"comment_status":"closed","ping_status":"closed","sticky":false,"template":"","format":"standard","meta":{"_et_pb_use_builder":"","_et_pb_old_content":"","_et_gb_content_width":"","footnotes":"","_links_to":"","_links_to_target":""},"categories":[696,519,521,527,529,535,541],"tags":[455],"class_list":["post-56170","post","type-post","status-publish","format-standard","has-post-thumbnail","hentry","category-destaque","category-espanha","category-espanha-italia","category-governo_geral","category-hijas-de-jesus-pt-br","category-italia-pt-br","category-mocambique","tag-cartas-superiora-general"],"yoast_head":"<!-- This site is optimized with the Yoast SEO plugin v28.4 - https:\/\/yoast.com\/product\/yoast-seo-wordpress\/ -->\n<title>Come\u00e7a a trajet\u00f3ria da Prov\u00edncia Europa-\u00c1frica - Hijas de Jes\u00fas<\/title>\n<meta name=\"description\" content=\"Em 1\u00ba de setembro de 2026, a prov\u00edncia da Espanha-It\u00e1lia deu um passo que vinha sendo preparado h\u00e1 meses: tornou-se oficialmente a prov\u00edncia Europa-\u00c1frica, formada pela Espanha, It\u00e1lia e Mo\u00e7ambique. Uma nova era que nasce do desejo de continuar respondendo, juntas, aos apelos mais urgentes da humanidade.\" \/>\n<meta name=\"robots\" content=\"index, follow, max-snippet:-1, max-image-preview:large, max-video-preview:-1\" \/>\n<link rel=\"canonical\" href=\"https:\/\/hijasdejesus.org\/pt-br\/comeca-a-trajetoria-da-provincia-europa-africa\/\" \/>\n<meta property=\"og:locale\" content=\"pt_BR\" \/>\n<meta property=\"og:type\" content=\"article\" \/>\n<meta property=\"og:title\" content=\"Come\u00e7a a trajet\u00f3ria da Prov\u00edncia Europa-\u00c1frica - Hijas de Jes\u00fas\" \/>\n<meta property=\"og:description\" content=\"Em 1\u00ba de setembro de 2026, a prov\u00edncia da Espanha-It\u00e1lia deu um passo que vinha sendo preparado h\u00e1 meses: tornou-se oficialmente a prov\u00edncia Europa-\u00c1frica, formada pela Espanha, It\u00e1lia e Mo\u00e7ambique. Uma nova era que nasce do desejo de continuar respondendo, juntas, aos apelos mais urgentes da humanidade.\" \/>\n<meta property=\"og:url\" content=\"https:\/\/hijasdejesus.org\/pt-br\/comeca-a-trajetoria-da-provincia-europa-africa\/\" \/>\n<meta property=\"og:site_name\" content=\"Hijas de Jes\u00fas\" \/>\n<meta property=\"article:publisher\" content=\"https:\/\/www.facebook.com\/hijasdejesusenelmundo\/\" \/>\n<meta property=\"article:published_time\" content=\"2026-09-02T14:06:13+00:00\" \/>\n<meta property=\"article:modified_time\" content=\"2026-09-02T14:25:18+00:00\" \/>\n<meta property=\"og:image\" content=\"https:\/\/hijasdejesus.org\/wp-content\/uploads\/2026\/09\/Portadas-web-.jpg\" \/>\n\t<meta property=\"og:image:width\" content=\"1748\" \/>\n\t<meta property=\"og:image:height\" content=\"1240\" \/>\n\t<meta property=\"og:image:type\" content=\"image\/jpeg\" \/>\n<meta name=\"author\" content=\"Comunicaci\u00f3n Internacional\" \/>\n<meta name=\"twitter:card\" content=\"summary_large_image\" \/>\n<meta name=\"twitter:creator\" content=\"@hijasdjesus\" \/>\n<meta name=\"twitter:site\" content=\"@hijasdjesus\" \/>\n<meta name=\"twitter:label1\" content=\"Escrito por\" \/>\n\t<meta name=\"twitter:data1\" content=\"Comunicaci\u00f3n Internacional\" \/>\n\t<meta name=\"twitter:label2\" content=\"Est. tempo de leitura\" \/>\n\t<meta name=\"twitter:data2\" content=\"2 minutos\" \/>\n<script type=\"application\/ld+json\" class=\"yoast-schema-graph\">{\"@context\":\"https:\\\/\\\/schema.org\",\"@graph\":[{\"@type\":\"Article\",\"@id\":\"https:\\\/\\\/hijasdejesus.org\\\/pt-br\\\/comeca-a-trajetoria-da-provincia-europa-africa\\\/#article\",\"isPartOf\":{\"@id\":\"https:\\\/\\\/hijasdejesus.org\\\/pt-br\\\/comeca-a-trajetoria-da-provincia-europa-africa\\\/\"},\"author\":{\"name\":\"Comunicaci\u00f3n Internacional\",\"@id\":\"https:\\\/\\\/hijasdejesus.org\\\/pt-br\\\/#\\\/schema\\\/person\\\/91b9e676dca8842a983b89793a34e5b8\"},\"headline\":\"Come\u00e7a a trajet\u00f3ria da Prov\u00edncia Europa-\u00c1frica\",\"datePublished\":\"2026-09-02T14:06:13+00:00\",\"dateModified\":\"2026-09-02T14:25:18+00:00\",\"mainEntityOfPage\":{\"@id\":\"https:\\\/\\\/hijasdejesus.org\\\/pt-br\\\/comeca-a-trajetoria-da-provincia-europa-africa\\\/\"},\"wordCount\":398,\"publisher\":{\"@id\":\"https:\\\/\\\/hijasdejesus.org\\\/pt-br\\\/#organization\"},\"image\":{\"@id\":\"https:\\\/\\\/hijasdejesus.org\\\/pt-br\\\/comeca-a-trajetoria-da-provincia-europa-africa\\\/#primaryimage\"},\"thumbnailUrl\":\"https:\\\/\\\/hijasdejesus.org\\\/wp-content\\\/uploads\\\/2026\\\/09\\\/Portadas-web-.jpg\",\"keywords\":[\"Cartas Superiora General\"],\"articleSection\":[\"Destaque\",\"Espanha\",\"Espanha-It\u00e1lia\",\"Governo geral\",\"Hijas de Jes\u00fas\",\"It\u00e1lia\",\"Mo\u00e7ambique\"],\"inLanguage\":\"pt-BR\"},{\"@type\":\"WebPage\",\"@id\":\"https:\\\/\\\/hijasdejesus.org\\\/pt-br\\\/comeca-a-trajetoria-da-provincia-europa-africa\\\/\",\"url\":\"https:\\\/\\\/hijasdejesus.org\\\/pt-br\\\/comeca-a-trajetoria-da-provincia-europa-africa\\\/\",\"name\":\"Come\u00e7a a trajet\u00f3ria da Prov\u00edncia Europa-\u00c1frica - Hijas de Jes\u00fas\",\"isPartOf\":{\"@id\":\"https:\\\/\\\/hijasdejesus.org\\\/pt-br\\\/#website\"},\"primaryImageOfPage\":{\"@id\":\"https:\\\/\\\/hijasdejesus.org\\\/pt-br\\\/comeca-a-trajetoria-da-provincia-europa-africa\\\/#primaryimage\"},\"image\":{\"@id\":\"https:\\\/\\\/hijasdejesus.org\\\/pt-br\\\/comeca-a-trajetoria-da-provincia-europa-africa\\\/#primaryimage\"},\"thumbnailUrl\":\"https:\\\/\\\/hijasdejesus.org\\\/wp-content\\\/uploads\\\/2026\\\/09\\\/Portadas-web-.jpg\",\"datePublished\":\"2026-09-02T14:06:13+00:00\",\"dateModified\":\"2026-09-02T14:25:18+00:00\",\"description\":\"Em 1\u00ba de setembro de 2026, a prov\u00edncia da Espanha-It\u00e1lia deu um passo que vinha sendo preparado h\u00e1 meses: tornou-se oficialmente a prov\u00edncia Europa-\u00c1frica, formada pela Espanha, It\u00e1lia e Mo\u00e7ambique. Uma nova era que nasce do desejo de continuar respondendo, juntas, aos apelos mais urgentes da humanidade.\",\"breadcrumb\":{\"@id\":\"https:\\\/\\\/hijasdejesus.org\\\/pt-br\\\/comeca-a-trajetoria-da-provincia-europa-africa\\\/#breadcrumb\"},\"inLanguage\":\"pt-BR\",\"potentialAction\":[{\"@type\":\"ReadAction\",\"target\":[\"https:\\\/\\\/hijasdejesus.org\\\/pt-br\\\/comeca-a-trajetoria-da-provincia-europa-africa\\\/\"]}]},{\"@type\":\"ImageObject\",\"inLanguage\":\"pt-BR\",\"@id\":\"https:\\\/\\\/hijasdejesus.org\\\/pt-br\\\/comeca-a-trajetoria-da-provincia-europa-africa\\\/#primaryimage\",\"url\":\"https:\\\/\\\/hijasdejesus.org\\\/wp-content\\\/uploads\\\/2026\\\/09\\\/Portadas-web-.jpg\",\"contentUrl\":\"https:\\\/\\\/hijasdejesus.org\\\/wp-content\\\/uploads\\\/2026\\\/09\\\/Portadas-web-.jpg\",\"width\":1748,\"height\":1240,\"caption\":\"Banderas de Espa\u00f1a Italia Mozambique entorno al logo de Hijas de Jes\u00fas\"},{\"@type\":\"BreadcrumbList\",\"@id\":\"https:\\\/\\\/hijasdejesus.org\\\/pt-br\\\/comeca-a-trajetoria-da-provincia-europa-africa\\\/#breadcrumb\",\"itemListElement\":[{\"@type\":\"ListItem\",\"position\":1,\"name\":\"Portada\",\"item\":\"https:\\\/\\\/hijasdejesus.org\\\/pt-br\\\/\"},{\"@type\":\"ListItem\",\"position\":2,\"name\":\"Come\u00e7a a trajet\u00f3ria da Prov\u00edncia Europa-\u00c1frica\"}]},{\"@type\":\"WebSite\",\"@id\":\"https:\\\/\\\/hijasdejesus.org\\\/pt-br\\\/#website\",\"url\":\"https:\\\/\\\/hijasdejesus.org\\\/pt-br\\\/\",\"name\":\"Hijas de Jes\u00fas\",\"description\":\"Despertamos a Jes\u00fas en el coraz\u00f3n, sacando lo mejor de las personas. Somos una congregaci\u00f3n religiosa ignaciana fundada por la Madre Candida\",\"publisher\":{\"@id\":\"https:\\\/\\\/hijasdejesus.org\\\/pt-br\\\/#organization\"},\"potentialAction\":[{\"@type\":\"SearchAction\",\"target\":{\"@type\":\"EntryPoint\",\"urlTemplate\":\"https:\\\/\\\/hijasdejesus.org\\\/pt-br\\\/?s={search_term_string}\"},\"query-input\":{\"@type\":\"PropertyValueSpecification\",\"valueRequired\":true,\"valueName\":\"search_term_string\"}}],\"inLanguage\":\"pt-BR\"},{\"@type\":\"Organization\",\"@id\":\"https:\\\/\\\/hijasdejesus.org\\\/pt-br\\\/#organization\",\"name\":\"Hijas de Jes\u00fas\",\"url\":\"https:\\\/\\\/hijasdejesus.org\\\/pt-br\\\/\",\"logo\":{\"@type\":\"ImageObject\",\"inLanguage\":\"pt-BR\",\"@id\":\"https:\\\/\\\/hijasdejesus.org\\\/pt-br\\\/#\\\/schema\\\/logo\\\/image\\\/\",\"url\":\"https:\\\/\\\/hijasdejesus.org\\\/wp-content\\\/uploads\\\/2023\\\/01\\\/Hijas-de-Jesus_hor-A7C957.png\",\"contentUrl\":\"https:\\\/\\\/hijasdejesus.org\\\/wp-content\\\/uploads\\\/2023\\\/01\\\/Hijas-de-Jesus_hor-A7C957.png\",\"width\":700,\"height\":360,\"caption\":\"Hijas de Jes\u00fas\"},\"image\":{\"@id\":\"https:\\\/\\\/hijasdejesus.org\\\/pt-br\\\/#\\\/schema\\\/logo\\\/image\\\/\"},\"sameAs\":[\"https:\\\/\\\/www.facebook.com\\\/hijasdejesusenelmundo\\\/\",\"https:\\\/\\\/x.com\\\/hijasdjesus\"]},{\"@type\":\"Person\",\"@id\":\"https:\\\/\\\/hijasdejesus.org\\\/pt-br\\\/#\\\/schema\\\/person\\\/91b9e676dca8842a983b89793a34e5b8\",\"name\":\"Comunicaci\u00f3n Internacional\",\"image\":{\"@type\":\"ImageObject\",\"inLanguage\":\"pt-BR\",\"@id\":\"https:\\\/\\\/secure.gravatar.com\\\/avatar\\\/dcb9b61797c934872aa9209ebf48b92edfeb0819dcdcaa77cd84879d6def414d?s=96&d=mm&r=g\",\"url\":\"https:\\\/\\\/secure.gravatar.com\\\/avatar\\\/dcb9b61797c934872aa9209ebf48b92edfeb0819dcdcaa77cd84879d6def414d?s=96&d=mm&r=g\",\"contentUrl\":\"https:\\\/\\\/secure.gravatar.com\\\/avatar\\\/dcb9b61797c934872aa9209ebf48b92edfeb0819dcdcaa77cd84879d6def414d?s=96&d=mm&r=g\",\"caption\":\"Comunicaci\u00f3n Internacional\"},\"url\":\"https:\\\/\\\/hijasdejesus.org\\\/pt-br\\\/author\\\/comunicacion-internacional\\\/\"}]}<\/script>\n<!-- \/ Yoast SEO plugin. -->","yoast_head_json":{"title":"Come\u00e7a a trajet\u00f3ria da Prov\u00edncia Europa-\u00c1frica - Hijas de Jes\u00fas","description":"Em 1\u00ba de setembro de 2026, a prov\u00edncia da Espanha-It\u00e1lia deu um passo que vinha sendo preparado h\u00e1 meses: tornou-se oficialmente a prov\u00edncia Europa-\u00c1frica, formada pela Espanha, It\u00e1lia e Mo\u00e7ambique. Uma nova era que nasce do desejo de continuar respondendo, juntas, aos apelos mais urgentes da humanidade.","robots":{"index":"index","follow":"follow","max-snippet":"max-snippet:-1","max-image-preview":"max-image-preview:large","max-video-preview":"max-video-preview:-1"},"canonical":"https:\/\/hijasdejesus.org\/pt-br\/comeca-a-trajetoria-da-provincia-europa-africa\/","og_locale":"pt_BR","og_type":"article","og_title":"Come\u00e7a a trajet\u00f3ria da Prov\u00edncia Europa-\u00c1frica - Hijas de Jes\u00fas","og_description":"Em 1\u00ba de setembro de 2026, a prov\u00edncia da Espanha-It\u00e1lia deu um passo que vinha sendo preparado h\u00e1 meses: tornou-se oficialmente a prov\u00edncia Europa-\u00c1frica, formada pela Espanha, It\u00e1lia e Mo\u00e7ambique. Uma nova era que nasce do desejo de continuar respondendo, juntas, aos apelos mais urgentes da humanidade.","og_url":"https:\/\/hijasdejesus.org\/pt-br\/comeca-a-trajetoria-da-provincia-europa-africa\/","og_site_name":"Hijas de Jes\u00fas","article_publisher":"https:\/\/www.facebook.com\/hijasdejesusenelmundo\/","article_published_time":"2026-09-02T14:06:13+00:00","article_modified_time":"2026-09-02T14:25:18+00:00","og_image":[{"width":1748,"height":1240,"url":"https:\/\/hijasdejesus.org\/wp-content\/uploads\/2026\/09\/Portadas-web-.jpg","type":"image\/jpeg"}],"author":"Comunicaci\u00f3n Internacional","twitter_card":"summary_large_image","twitter_creator":"@hijasdjesus","twitter_site":"@hijasdjesus","twitter_misc":{"Escrito por":"Comunicaci\u00f3n Internacional","Est. tempo de leitura":"2 minutos"},"schema":{"@context":"https:\/\/schema.org","@graph":[{"@type":"Article","@id":"https:\/\/hijasdejesus.org\/pt-br\/comeca-a-trajetoria-da-provincia-europa-africa\/#article","isPartOf":{"@id":"https:\/\/hijasdejesus.org\/pt-br\/comeca-a-trajetoria-da-provincia-europa-africa\/"},"author":{"name":"Comunicaci\u00f3n Internacional","@id":"https:\/\/hijasdejesus.org\/pt-br\/#\/schema\/person\/91b9e676dca8842a983b89793a34e5b8"},"headline":"Come\u00e7a a trajet\u00f3ria da Prov\u00edncia Europa-\u00c1frica","datePublished":"2026-09-02T14:06:13+00:00","dateModified":"2026-09-02T14:25:18+00:00","mainEntityOfPage":{"@id":"https:\/\/hijasdejesus.org\/pt-br\/comeca-a-trajetoria-da-provincia-europa-africa\/"},"wordCount":398,"publisher":{"@id":"https:\/\/hijasdejesus.org\/pt-br\/#organization"},"image":{"@id":"https:\/\/hijasdejesus.org\/pt-br\/comeca-a-trajetoria-da-provincia-europa-africa\/#primaryimage"},"thumbnailUrl":"https:\/\/hijasdejesus.org\/wp-content\/uploads\/2026\/09\/Portadas-web-.jpg","keywords":["Cartas Superiora General"],"articleSection":["Destaque","Espanha","Espanha-It\u00e1lia","Governo geral","Hijas de Jes\u00fas","It\u00e1lia","Mo\u00e7ambique"],"inLanguage":"pt-BR"},{"@type":"WebPage","@id":"https:\/\/hijasdejesus.org\/pt-br\/comeca-a-trajetoria-da-provincia-europa-africa\/","url":"https:\/\/hijasdejesus.org\/pt-br\/comeca-a-trajetoria-da-provincia-europa-africa\/","name":"Come\u00e7a a trajet\u00f3ria da Prov\u00edncia Europa-\u00c1frica - Hijas de Jes\u00fas","isPartOf":{"@id":"https:\/\/hijasdejesus.org\/pt-br\/#website"},"primaryImageOfPage":{"@id":"https:\/\/hijasdejesus.org\/pt-br\/comeca-a-trajetoria-da-provincia-europa-africa\/#primaryimage"},"image":{"@id":"https:\/\/hijasdejesus.org\/pt-br\/comeca-a-trajetoria-da-provincia-europa-africa\/#primaryimage"},"thumbnailUrl":"https:\/\/hijasdejesus.org\/wp-content\/uploads\/2026\/09\/Portadas-web-.jpg","datePublished":"2026-09-02T14:06:13+00:00","dateModified":"2026-09-02T14:25:18+00:00","description":"Em 1\u00ba de setembro de 2026, a prov\u00edncia da Espanha-It\u00e1lia deu um passo que vinha sendo preparado h\u00e1 meses: tornou-se oficialmente a prov\u00edncia Europa-\u00c1frica, formada pela Espanha, It\u00e1lia e Mo\u00e7ambique. Uma nova era que nasce do desejo de continuar respondendo, juntas, aos apelos mais urgentes da humanidade.","breadcrumb":{"@id":"https:\/\/hijasdejesus.org\/pt-br\/comeca-a-trajetoria-da-provincia-europa-africa\/#breadcrumb"},"inLanguage":"pt-BR","potentialAction":[{"@type":"ReadAction","target":["https:\/\/hijasdejesus.org\/pt-br\/comeca-a-trajetoria-da-provincia-europa-africa\/"]}]},{"@type":"ImageObject","inLanguage":"pt-BR","@id":"https:\/\/hijasdejesus.org\/pt-br\/comeca-a-trajetoria-da-provincia-europa-africa\/#primaryimage","url":"https:\/\/hijasdejesus.org\/wp-content\/uploads\/2026\/09\/Portadas-web-.jpg","contentUrl":"https:\/\/hijasdejesus.org\/wp-content\/uploads\/2026\/09\/Portadas-web-.jpg","width":1748,"height":1240,"caption":"Banderas de Espa\u00f1a Italia Mozambique entorno al logo de Hijas de Jes\u00fas"},{"@type":"BreadcrumbList","@id":"https:\/\/hijasdejesus.org\/pt-br\/comeca-a-trajetoria-da-provincia-europa-africa\/#breadcrumb","itemListElement":[{"@type":"ListItem","position":1,"name":"Portada","item":"https:\/\/hijasdejesus.org\/pt-br\/"},{"@type":"ListItem","position":2,"name":"Come\u00e7a a trajet\u00f3ria da Prov\u00edncia Europa-\u00c1frica"}]},{"@type":"WebSite","@id":"https:\/\/hijasdejesus.org\/pt-br\/#website","url":"https:\/\/hijasdejesus.org\/pt-br\/","name":"Hijas de Jes\u00fas","description":"Despertamos a Jes\u00fas en el coraz\u00f3n, sacando lo mejor de las personas. Somos una congregaci\u00f3n religiosa ignaciana fundada por la Madre Candida","publisher":{"@id":"https:\/\/hijasdejesus.org\/pt-br\/#organization"},"potentialAction":[{"@type":"SearchAction","target":{"@type":"EntryPoint","urlTemplate":"https:\/\/hijasdejesus.org\/pt-br\/?s={search_term_string}"},"query-input":{"@type":"PropertyValueSpecification","valueRequired":true,"valueName":"search_term_string"}}],"inLanguage":"pt-BR"},{"@type":"Organization","@id":"https:\/\/hijasdejesus.org\/pt-br\/#organization","name":"Hijas de Jes\u00fas","url":"https:\/\/hijasdejesus.org\/pt-br\/","logo":{"@type":"ImageObject","inLanguage":"pt-BR","@id":"https:\/\/hijasdejesus.org\/pt-br\/#\/schema\/logo\/image\/","url":"https:\/\/hijasdejesus.org\/wp-content\/uploads\/2023\/01\/Hijas-de-Jesus_hor-A7C957.png","contentUrl":"https:\/\/hijasdejesus.org\/wp-content\/uploads\/2023\/01\/Hijas-de-Jesus_hor-A7C957.png","width":700,"height":360,"caption":"Hijas de Jes\u00fas"},"image":{"@id":"https:\/\/hijasdejesus.org\/pt-br\/#\/schema\/logo\/image\/"},"sameAs":["https:\/\/www.facebook.com\/hijasdejesusenelmundo\/","https:\/\/x.com\/hijasdjesus"]},{"@type":"Person","@id":"https:\/\/hijasdejesus.org\/pt-br\/#\/schema\/person\/91b9e676dca8842a983b89793a34e5b8","name":"Comunicaci\u00f3n Internacional","image":{"@type":"ImageObject","inLanguage":"pt-BR","@id":"https:\/\/secure.gravatar.com\/avatar\/dcb9b61797c934872aa9209ebf48b92edfeb0819dcdcaa77cd84879d6def414d?s=96&d=mm&r=g","url":"https:\/\/secure.gravatar.com\/avatar\/dcb9b61797c934872aa9209ebf48b92edfeb0819dcdcaa77cd84879d6def414d?s=96&d=mm&r=g","contentUrl":"https:\/\/secure.gravatar.com\/avatar\/dcb9b61797c934872aa9209ebf48b92edfeb0819dcdcaa77cd84879d6def414d?s=96&d=mm&r=g","caption":"Comunicaci\u00f3n Internacional"},"url":"https:\/\/hijasdejesus.org\/pt-br\/author\/comunicacion-internacional\/"}]}},"_links":{"self":[{"href":"https:\/\/hijasdejesus.org\/pt-br\/wp-json\/wp\/v2\/posts\/56170","targetHints":{"allow":["GET"]}}],"collection":[{"href":"https:\/\/hijasdejesus.org\/pt-br\/wp-json\/wp\/v2\/posts"}],"about":[{"href":"https:\/\/hijasdejesus.org\/pt-br\/wp-json\/wp\/v2\/types\/post"}],"author":[{"embeddable":true,"href":"https:\/\/hijasdejesus.org\/pt-br\/wp-json\/wp\/v2\/users\/36"}],"replies":[{"embeddable":true,"href":"https:\/\/hijasdejesus.org\/pt-br\/wp-json\/wp\/v2\/comments?post=56170"}],"version-history":[{"count":1,"href":"https:\/\/hijasdejesus.org\/pt-br\/wp-json\/wp\/v2\/posts\/56170\/revisions"}],"predecessor-version":[{"id":56171,"href":"https:\/\/hijasdejesus.org\/pt-br\/wp-json\/wp\/v2\/posts\/56170\/revisions\/56171"}],"wp:featuredmedia":[{"embeddable":true,"href":"https:\/\/hijasdejesus.org\/pt-br\/wp-json\/wp\/v2\/media\/56175"}],"wp:attachment":[{"href":"https:\/\/hijasdejesus.org\/pt-br\/wp-json\/wp\/v2\/media?parent=56170"}],"wp:term":[{"taxonomy":"category","embeddable":true,"href":"https:\/\/hijasdejesus.org\/pt-br\/wp-json\/wp\/v2\/categories?post=56170"},{"taxonomy":"post_tag","embeddable":true,"href":"https:\/\/hijasdejesus.org\/pt-br\/wp-json\/wp\/v2\/tags?post=56170"}],"curies":[{"name":"wp","href":"https:\/\/api.w.org\/{rel}","templated":true}]}}