{"id":56187,"date":"2026-09-03T19:59:45","date_gmt":"2026-09-03T17:59:45","guid":{"rendered":"https:\/\/hijasdejesus.org\/conhecendo-a-instrutora-que-esta-em-periodo-de-experiencia\/"},"modified":"2026-09-03T20:03:01","modified_gmt":"2026-09-03T18:03:01","slug":"conhecendo-a-instrutora-que-esta-em-periodo-de-experiencia","status":"publish","type":"post","link":"https:\/\/hijasdejesus.org\/pt-br\/conhecendo-a-instrutora-que-esta-em-periodo-de-experiencia\/","title":{"rendered":"Conhecendo a instrutora que est\u00e1 em per\u00edodo de experi\u00eancia"},"content":{"rendered":"\n<p class=\"wp-block-paragraph\">Continuamos descobrindo mais sobre a \u00daltima Prova\u00e7\u00e3o: essa \u00faltima etapa do caminho formativo, o per\u00edodo que antecede o \u201csim\u201d definitivo de uma Filha de Jesus. <a href=\"https:\/\/hijasdejesus.org\/pt-br\/a-reta-final-antes-do-sim-definitivo-o-que-e-a-ultima-provacao\/\">J\u00e1 falamos sobre o que \u00e9 e como se vive<\/a> essa fase. Tamb\u00e9m dissemos que esses meses s\u00e3o vividos em comunidade, sob a orienta\u00e7\u00e3o de uma Instrutora que acompanha tanto individualmente quanto em grupo.<\/p>\n\n<p class=\"wp-block-paragraph\">Hoje queremos dar um rosto e uma voz a essa presen\u00e7a fundamental:<strong> Magda Zhang<\/strong>, a instrutora que acompanha as sete junioras nessa experi\u00eancia da <strong>\u00daltima Prova\u00e7\u00e3o 2026-2027<\/strong>. Conversamos com ela sobre como funciona esse acompanhamento, o que est\u00e1 em jogo nesses meses e o que ela espera dessa jornada compartilhada. Aqui v\u00e3o as palavras dela&#8230;  <\/p>\n\n<h2 class=\"wp-block-heading\">O que significou para voc\u00ea receber esse convite para ser Instrutora da \u00daltima Prova\u00e7\u00e3o?<\/h2>\n\n<p class=\"wp-block-paragraph\">Pra mim, \u00e9 uma miss\u00e3o. J\u00e1 em 2023, quando a Superiora Geral me nomeou tradutora pro grupo anterior da \u00daltima Prova\u00e7\u00e3o (UP), ela j\u00e1 pensava nessa possibilidade. Eu n\u00e3o sabia se esse momento chegaria, nem se seria eu. Por isso, quando no ano passado ela voltou a falar comigo sobre isso, n\u00e3o fiquei surpresa. Diante de uma necessidade da Congrega\u00e7\u00e3o, quis responder com toda a minha disponibilidade. Por isso, aceitei essa miss\u00e3o com gratid\u00e3o e alegria.     <\/p>\n\n<h2 class=\"wp-block-heading\">Como foi essa experi\u00eancia para voc\u00ea no discernimento pessoal: d\u00favidas, alegrias, resist\u00eancias?<\/h2>\n\n<p class=\"wp-block-paragraph\">N\u00e3o senti resist\u00eancia, mas sim uma certa inquieta\u00e7\u00e3o diante dos desafios pr\u00f3prios dessa nova miss\u00e3o, especialmente por causa da barreira do idioma e do desejo de poder atender adequadamente \u00e0s necessidades das j\u00faniores. Essa preocupa\u00e7\u00e3o me levou a encarar o <strong>processo com confian\u00e7a, procurando me preparar da melhor maneira poss\u00edvel e aceitando ajuda com humildade. <\/strong>Nessa jornada, contei especialmente com o acompanhamento pr\u00f3ximo do Governo Geral, que est\u00e1 me apoiando de v\u00e1rias maneiras. <\/p>\n\n<p class=\"wp-block-paragraph\">Al\u00e9m disso, os exerc\u00edcios espirituais de agosto foram uma gra\u00e7a especial pra mim: senti uma paz enorme e percebi como Deus tem me preparado passo a passo. A experi\u00eancia da Madre C\u00e2ndida me tocou profundamente: <em>\u201cN\u00e3o fique sempre pensando na sua pobreza; Eu sei quem escolhi, conhe\u00e7o seus limites; quem te deu o desejo, tamb\u00e9m te dar\u00e1 a gra\u00e7a e a for\u00e7a para realiz\u00e1-lo<\/em> <strong> \u201d. Isso me fez deixar de lado minhas pr\u00f3prias for\u00e7as e confiar na gra\u00e7a Dele.<\/strong> <\/p>\n\n<h2 class=\"wp-block-heading\">O que esse servi\u00e7o significa na sua vida e na sua miss\u00e3o atual?<\/h2>\n\n<p class=\"wp-block-paragraph\">Esse servi\u00e7o significa viver com mais intensidade a disponibilidade e a capacidade de ouvir o Esp\u00edrito nos outros. \u00c9 um servi\u00e7o que tamb\u00e9m me pede<strong> para viver com mais profundidade a confian\u00e7a e a entrega a Deus<\/strong>, colocando n\u2019Ele minha seguran\u00e7a, em vez de nas minhas pr\u00f3prias capacidades. <\/p>\n\n<h2 class=\"wp-block-heading\">Como voc\u00ea se preparou para acompanhar esse momento t\u00e3o espec\u00edfico?<\/h2>\n\n<p class=\"wp-block-paragraph\">O estudo dos documentos pr\u00f3prios da Congrega\u00e7\u00e3o, o aprofundamento das Constitui\u00e7\u00f5es com a dire\u00e7\u00e3o geral e, acima de tudo, os 8 dias de Exerc\u00edcios Espirituais que vivemos em agosto foram fundamentais para a prepara\u00e7\u00e3o interior.<\/p>\n\n<h2 class=\"wp-block-heading\">Para voc\u00ea, qual \u00e9 a ess\u00eancia da \u00daltima Prova\u00e7\u00e3o?  <\/h2>\n\n<p class=\"wp-block-paragraph\">Pra mim, o ponto alto dessa etapa \u00e9 o m\u00eas dos Exerc\u00edcios Espirituais. \u00c9 aquele momento especial pra<strong> viver a escola do afeto<\/strong>: integrar a rela\u00e7\u00e3o afetiva com o Senhor e refletir sobre a pr\u00f3pria experi\u00eancia de seguir Jesus como Filha de Jesus ao longo de todo o caminho j\u00e1 percorrido. Isso leva a pessoa a uma integra\u00e7\u00e3o profunda com o pr\u00f3prio passado, por meio da qual ela se reconcilia consigo mesma, com os outros, com a congrega\u00e7\u00e3o e, de forma mais radical, com Deus.  <\/p>\n\n<h2 class=\"wp-block-heading\">O que voc\u00ea espera desse per\u00edodo, tanto para as juniores quanto para voc\u00ea mesma?<\/h2>\n\n<p class=\"wp-block-paragraph\">Para as junioras, espero que possam viver esse momento com alegria, aproveitar a riqueza intercultural, a universalidade eclesial e congregacional. Espero tamb\u00e9m que seja um tempo de sil\u00eancio, de aprofundamento e de encontro pessoal com Cristo. Que possam aproveitar esse momento decisivo de prepara\u00e7\u00e3o para a incorpora\u00e7\u00e3o definitiva \u00e0 Congrega\u00e7\u00e3o. Como instrutora, quero <strong>ser uma ajuda, ser um canal de Deus, acompanhando cada uma no seu processo.<\/strong>   <\/p>\n\n<h2 class=\"wp-block-heading\">O que voc\u00ea pediria \u00e0 Fam\u00edlia Madre C\u00e2ndida neste momento da \u00daltima Prova\u00e7\u00e3o?<\/h2>\n\n<p class=\"wp-block-paragraph\">Pe\u00e7o que a Fam\u00edlia da Madre C\u00e2ndida nos acompanhe com suas ora\u00e7\u00f5es nessa etapa de forma\u00e7\u00e3o. Da nossa parte, vamos continuar compartilhando os diferentes momentos desse processo. <\/p>\n\n<p class=\"wp-block-paragraph\"><kbd>Obrigado, Magda, por compartilhar conosco essa vis\u00e3o t\u00e3o \u00edntima sobre o que significa acompanhar a \u00daltima Prova\u00e7\u00e3o.<\/kbd><\/p>\n\n<p class=\"wp-block-paragraph\"><kbd>Nos pr\u00f3ximos dias, vamos continuar essa s\u00e9rie conhecendo, uma a uma, as sete jovens que est\u00e3o vivendo esse momento t\u00e3o significativo. Convidamos voc\u00eas a ficarem ligados e a acompanh\u00e1-las, sempre com a ora\u00e7\u00e3o. <\/kbd><\/p>\n\n<p class=\"wp-block-paragraph\"><\/p>\n","protected":false},"excerpt":{"rendered":"<p>Continuamos descobrindo mais sobre a \u00daltima Prova\u00e7\u00e3o: essa \u00faltima etapa do caminho formativo, o per\u00edodo que antecede o \u201csim\u201d definitivo de uma Filha de Jesus. J\u00e1 falamos sobre o que \u00e9 e como se vive essa fase. Tamb\u00e9m dissemos que esses meses s\u00e3o vividos em comunidade, sob a orienta\u00e7\u00e3o de uma Instrutora que acompanha tanto [&hellip;]<\/p>\n","protected":false},"author":36,"featured_media":56180,"comment_status":"closed","ping_status":"closed","sticky":false,"template":"","format":"standard","meta":{"_et_pb_use_builder":"","_et_pb_old_content":"","_et_gb_content_width":"","footnotes":"","_links_to":"","_links_to_target":""},"categories":[696,38,527,529,704],"tags":[749,892,708],"class_list":["post-56187","post","type-post","status-publish","format-standard","has-post-thumbnail","hentry","category-destaque","category-fi-pt-br","category-governo_geral","category-hijas-de-jesus-pt-br","category-vida-religiosa-pt-br","tag-formacao","tag-juniorado-2-pt-br","tag-ultima-probacion-pt-br"],"yoast_head":"<!-- This site is optimized with the Yoast SEO plugin v28.4 - https:\/\/yoast.com\/product\/yoast-seo-wordpress\/ -->\n<title>Conhecendo a instrutora que est\u00e1 em per\u00edodo de experi\u00eancia - Hijas de Jes\u00fas<\/title>\n<meta name=\"description\" content=\"Continuamos descobrindo mais sobre a \u00daltima Prova\u00e7\u00e3o: esses meses s\u00e3o vividos em comunidade, sob a orienta\u00e7\u00e3o de uma instrutora que acompanha tanto individualmente quanto em grupo. Hoje queremos dar um rosto e uma voz a essa presen\u00e7a fundamental: Magda Zhang.\" \/>\n<meta name=\"robots\" content=\"index, follow, max-snippet:-1, max-image-preview:large, max-video-preview:-1\" \/>\n<link rel=\"canonical\" href=\"https:\/\/hijasdejesus.org\/pt-br\/conhecendo-a-instrutora-que-esta-em-periodo-de-experiencia\/\" \/>\n<meta property=\"og:locale\" content=\"pt_BR\" \/>\n<meta property=\"og:type\" content=\"article\" \/>\n<meta property=\"og:title\" content=\"Conhecendo a instrutora que est\u00e1 em per\u00edodo de experi\u00eancia - Hijas de Jes\u00fas\" \/>\n<meta property=\"og:description\" content=\"Continuamos descobrindo mais sobre a \u00daltima Prova\u00e7\u00e3o: esses meses s\u00e3o vividos em comunidade, sob a orienta\u00e7\u00e3o de uma instrutora que acompanha tanto individualmente quanto em grupo. Hoje queremos dar um rosto e uma voz a essa presen\u00e7a fundamental: Magda Zhang.\" \/>\n<meta property=\"og:url\" content=\"https:\/\/hijasdejesus.org\/pt-br\/conhecendo-a-instrutora-que-esta-em-periodo-de-experiencia\/\" \/>\n<meta property=\"og:site_name\" content=\"Hijas de Jes\u00fas\" \/>\n<meta property=\"article:publisher\" content=\"https:\/\/www.facebook.com\/hijasdejesusenelmundo\/\" \/>\n<meta property=\"article:published_time\" content=\"2026-09-03T17:59:45+00:00\" \/>\n<meta property=\"article:modified_time\" content=\"2026-09-03T18:03:01+00:00\" \/>\n<meta property=\"og:image\" content=\"https:\/\/hijasdejesus.org\/wp-content\/uploads\/2026\/09\/Portadas-web-1.jpg\" \/>\n\t<meta property=\"og:image:width\" content=\"1748\" \/>\n\t<meta property=\"og:image:height\" content=\"1240\" \/>\n\t<meta property=\"og:image:type\" content=\"image\/jpeg\" \/>\n<meta name=\"author\" content=\"Comunicaci\u00f3n Internacional\" \/>\n<meta name=\"twitter:card\" content=\"summary_large_image\" \/>\n<meta name=\"twitter:creator\" content=\"@hijasdjesus\" \/>\n<meta name=\"twitter:site\" content=\"@hijasdjesus\" \/>\n<meta name=\"twitter:label1\" content=\"Escrito por\" \/>\n\t<meta name=\"twitter:data1\" content=\"Comunicaci\u00f3n Internacional\" \/>\n\t<meta name=\"twitter:label2\" content=\"Est. tempo de leitura\" \/>\n\t<meta name=\"twitter:data2\" content=\"4 minutos\" \/>\n<script type=\"application\/ld+json\" class=\"yoast-schema-graph\">{\"@context\":\"https:\\\/\\\/schema.org\",\"@graph\":[{\"@type\":\"Article\",\"@id\":\"https:\\\/\\\/hijasdejesus.org\\\/pt-br\\\/conhecendo-a-instrutora-que-esta-em-periodo-de-experiencia\\\/#article\",\"isPartOf\":{\"@id\":\"https:\\\/\\\/hijasdejesus.org\\\/pt-br\\\/conhecendo-a-instrutora-que-esta-em-periodo-de-experiencia\\\/\"},\"author\":{\"name\":\"Comunicaci\u00f3n Internacional\",\"@id\":\"https:\\\/\\\/hijasdejesus.org\\\/pt-br\\\/#\\\/schema\\\/person\\\/91b9e676dca8842a983b89793a34e5b8\"},\"headline\":\"Conhecendo a instrutora que est\u00e1 em per\u00edodo de experi\u00eancia\",\"datePublished\":\"2026-09-03T17:59:45+00:00\",\"dateModified\":\"2026-09-03T18:03:01+00:00\",\"mainEntityOfPage\":{\"@id\":\"https:\\\/\\\/hijasdejesus.org\\\/pt-br\\\/conhecendo-a-instrutora-que-esta-em-periodo-de-experiencia\\\/\"},\"wordCount\":836,\"publisher\":{\"@id\":\"https:\\\/\\\/hijasdejesus.org\\\/pt-br\\\/#organization\"},\"image\":{\"@id\":\"https:\\\/\\\/hijasdejesus.org\\\/pt-br\\\/conhecendo-a-instrutora-que-esta-em-periodo-de-experiencia\\\/#primaryimage\"},\"thumbnailUrl\":\"https:\\\/\\\/hijasdejesus.org\\\/wp-content\\\/uploads\\\/2026\\\/09\\\/Portadas-web-1.jpg\",\"keywords\":[\"Forma\u00e7\u00e3o\",\"Juniorado\",\"\u00daltima probaci\u00f3n\"],\"articleSection\":[\"Destaque\",\"fi\",\"Governo geral\",\"Hijas de Jes\u00fas\",\"Vida Religiosa\"],\"inLanguage\":\"pt-BR\"},{\"@type\":\"WebPage\",\"@id\":\"https:\\\/\\\/hijasdejesus.org\\\/pt-br\\\/conhecendo-a-instrutora-que-esta-em-periodo-de-experiencia\\\/\",\"url\":\"https:\\\/\\\/hijasdejesus.org\\\/pt-br\\\/conhecendo-a-instrutora-que-esta-em-periodo-de-experiencia\\\/\",\"name\":\"Conhecendo a instrutora que est\u00e1 em per\u00edodo de experi\u00eancia - Hijas de Jes\u00fas\",\"isPartOf\":{\"@id\":\"https:\\\/\\\/hijasdejesus.org\\\/pt-br\\\/#website\"},\"primaryImageOfPage\":{\"@id\":\"https:\\\/\\\/hijasdejesus.org\\\/pt-br\\\/conhecendo-a-instrutora-que-esta-em-periodo-de-experiencia\\\/#primaryimage\"},\"image\":{\"@id\":\"https:\\\/\\\/hijasdejesus.org\\\/pt-br\\\/conhecendo-a-instrutora-que-esta-em-periodo-de-experiencia\\\/#primaryimage\"},\"thumbnailUrl\":\"https:\\\/\\\/hijasdejesus.org\\\/wp-content\\\/uploads\\\/2026\\\/09\\\/Portadas-web-1.jpg\",\"datePublished\":\"2026-09-03T17:59:45+00:00\",\"dateModified\":\"2026-09-03T18:03:01+00:00\",\"description\":\"Continuamos descobrindo mais sobre a \u00daltima Prova\u00e7\u00e3o: esses meses s\u00e3o vividos em comunidade, sob a orienta\u00e7\u00e3o de uma instrutora que acompanha tanto individualmente quanto em grupo. Hoje queremos dar um rosto e uma voz a essa presen\u00e7a fundamental: Magda Zhang.\",\"breadcrumb\":{\"@id\":\"https:\\\/\\\/hijasdejesus.org\\\/pt-br\\\/conhecendo-a-instrutora-que-esta-em-periodo-de-experiencia\\\/#breadcrumb\"},\"inLanguage\":\"pt-BR\",\"potentialAction\":[{\"@type\":\"ReadAction\",\"target\":[\"https:\\\/\\\/hijasdejesus.org\\\/pt-br\\\/conhecendo-a-instrutora-que-esta-em-periodo-de-experiencia\\\/\"]}]},{\"@type\":\"ImageObject\",\"inLanguage\":\"pt-BR\",\"@id\":\"https:\\\/\\\/hijasdejesus.org\\\/pt-br\\\/conhecendo-a-instrutora-que-esta-em-periodo-de-experiencia\\\/#primaryimage\",\"url\":\"https:\\\/\\\/hijasdejesus.org\\\/wp-content\\\/uploads\\\/2026\\\/09\\\/Portadas-web-1.jpg\",\"contentUrl\":\"https:\\\/\\\/hijasdejesus.org\\\/wp-content\\\/uploads\\\/2026\\\/09\\\/Portadas-web-1.jpg\",\"width\":1748,\"height\":1240,\"caption\":\"Hija de Jes\u00fas trabajando en la PC\"},{\"@type\":\"BreadcrumbList\",\"@id\":\"https:\\\/\\\/hijasdejesus.org\\\/pt-br\\\/conhecendo-a-instrutora-que-esta-em-periodo-de-experiencia\\\/#breadcrumb\",\"itemListElement\":[{\"@type\":\"ListItem\",\"position\":1,\"name\":\"Portada\",\"item\":\"https:\\\/\\\/hijasdejesus.org\\\/pt-br\\\/\"},{\"@type\":\"ListItem\",\"position\":2,\"name\":\"Conhecendo a instrutora que est\u00e1 em per\u00edodo de experi\u00eancia\"}]},{\"@type\":\"WebSite\",\"@id\":\"https:\\\/\\\/hijasdejesus.org\\\/pt-br\\\/#website\",\"url\":\"https:\\\/\\\/hijasdejesus.org\\\/pt-br\\\/\",\"name\":\"Hijas de Jes\u00fas\",\"description\":\"Despertamos a Jes\u00fas en el coraz\u00f3n, sacando lo mejor de las personas. Somos una congregaci\u00f3n religiosa ignaciana fundada por la Madre Candida\",\"publisher\":{\"@id\":\"https:\\\/\\\/hijasdejesus.org\\\/pt-br\\\/#organization\"},\"potentialAction\":[{\"@type\":\"SearchAction\",\"target\":{\"@type\":\"EntryPoint\",\"urlTemplate\":\"https:\\\/\\\/hijasdejesus.org\\\/pt-br\\\/?s={search_term_string}\"},\"query-input\":{\"@type\":\"PropertyValueSpecification\",\"valueRequired\":true,\"valueName\":\"search_term_string\"}}],\"inLanguage\":\"pt-BR\"},{\"@type\":\"Organization\",\"@id\":\"https:\\\/\\\/hijasdejesus.org\\\/pt-br\\\/#organization\",\"name\":\"Hijas de Jes\u00fas\",\"url\":\"https:\\\/\\\/hijasdejesus.org\\\/pt-br\\\/\",\"logo\":{\"@type\":\"ImageObject\",\"inLanguage\":\"pt-BR\",\"@id\":\"https:\\\/\\\/hijasdejesus.org\\\/pt-br\\\/#\\\/schema\\\/logo\\\/image\\\/\",\"url\":\"https:\\\/\\\/hijasdejesus.org\\\/wp-content\\\/uploads\\\/2023\\\/01\\\/Hijas-de-Jesus_hor-A7C957.png\",\"contentUrl\":\"https:\\\/\\\/hijasdejesus.org\\\/wp-content\\\/uploads\\\/2023\\\/01\\\/Hijas-de-Jesus_hor-A7C957.png\",\"width\":700,\"height\":360,\"caption\":\"Hijas de Jes\u00fas\"},\"image\":{\"@id\":\"https:\\\/\\\/hijasdejesus.org\\\/pt-br\\\/#\\\/schema\\\/logo\\\/image\\\/\"},\"sameAs\":[\"https:\\\/\\\/www.facebook.com\\\/hijasdejesusenelmundo\\\/\",\"https:\\\/\\\/x.com\\\/hijasdjesus\"]},{\"@type\":\"Person\",\"@id\":\"https:\\\/\\\/hijasdejesus.org\\\/pt-br\\\/#\\\/schema\\\/person\\\/91b9e676dca8842a983b89793a34e5b8\",\"name\":\"Comunicaci\u00f3n Internacional\",\"image\":{\"@type\":\"ImageObject\",\"inLanguage\":\"pt-BR\",\"@id\":\"https:\\\/\\\/secure.gravatar.com\\\/avatar\\\/dcb9b61797c934872aa9209ebf48b92edfeb0819dcdcaa77cd84879d6def414d?s=96&d=mm&r=g\",\"url\":\"https:\\\/\\\/secure.gravatar.com\\\/avatar\\\/dcb9b61797c934872aa9209ebf48b92edfeb0819dcdcaa77cd84879d6def414d?s=96&d=mm&r=g\",\"contentUrl\":\"https:\\\/\\\/secure.gravatar.com\\\/avatar\\\/dcb9b61797c934872aa9209ebf48b92edfeb0819dcdcaa77cd84879d6def414d?s=96&d=mm&r=g\",\"caption\":\"Comunicaci\u00f3n Internacional\"},\"url\":\"https:\\\/\\\/hijasdejesus.org\\\/pt-br\\\/author\\\/comunicacion-internacional\\\/\"}]}<\/script>\n<!-- \/ Yoast SEO plugin. -->","yoast_head_json":{"title":"Conhecendo a instrutora que est\u00e1 em per\u00edodo de experi\u00eancia - Hijas de Jes\u00fas","description":"Continuamos descobrindo mais sobre a \u00daltima Prova\u00e7\u00e3o: esses meses s\u00e3o vividos em comunidade, sob a orienta\u00e7\u00e3o de uma instrutora que acompanha tanto individualmente quanto em grupo. Hoje queremos dar um rosto e uma voz a essa presen\u00e7a fundamental: Magda Zhang.","robots":{"index":"index","follow":"follow","max-snippet":"max-snippet:-1","max-image-preview":"max-image-preview:large","max-video-preview":"max-video-preview:-1"},"canonical":"https:\/\/hijasdejesus.org\/pt-br\/conhecendo-a-instrutora-que-esta-em-periodo-de-experiencia\/","og_locale":"pt_BR","og_type":"article","og_title":"Conhecendo a instrutora que est\u00e1 em per\u00edodo de experi\u00eancia - Hijas de Jes\u00fas","og_description":"Continuamos descobrindo mais sobre a \u00daltima Prova\u00e7\u00e3o: esses meses s\u00e3o vividos em comunidade, sob a orienta\u00e7\u00e3o de uma instrutora que acompanha tanto individualmente quanto em grupo. Hoje queremos dar um rosto e uma voz a essa presen\u00e7a fundamental: Magda Zhang.","og_url":"https:\/\/hijasdejesus.org\/pt-br\/conhecendo-a-instrutora-que-esta-em-periodo-de-experiencia\/","og_site_name":"Hijas de Jes\u00fas","article_publisher":"https:\/\/www.facebook.com\/hijasdejesusenelmundo\/","article_published_time":"2026-09-03T17:59:45+00:00","article_modified_time":"2026-09-03T18:03:01+00:00","og_image":[{"width":1748,"height":1240,"url":"https:\/\/hijasdejesus.org\/wp-content\/uploads\/2026\/09\/Portadas-web-1.jpg","type":"image\/jpeg"}],"author":"Comunicaci\u00f3n Internacional","twitter_card":"summary_large_image","twitter_creator":"@hijasdjesus","twitter_site":"@hijasdjesus","twitter_misc":{"Escrito por":"Comunicaci\u00f3n Internacional","Est. tempo de leitura":"4 minutos"},"schema":{"@context":"https:\/\/schema.org","@graph":[{"@type":"Article","@id":"https:\/\/hijasdejesus.org\/pt-br\/conhecendo-a-instrutora-que-esta-em-periodo-de-experiencia\/#article","isPartOf":{"@id":"https:\/\/hijasdejesus.org\/pt-br\/conhecendo-a-instrutora-que-esta-em-periodo-de-experiencia\/"},"author":{"name":"Comunicaci\u00f3n Internacional","@id":"https:\/\/hijasdejesus.org\/pt-br\/#\/schema\/person\/91b9e676dca8842a983b89793a34e5b8"},"headline":"Conhecendo a instrutora que est\u00e1 em per\u00edodo de experi\u00eancia","datePublished":"2026-09-03T17:59:45+00:00","dateModified":"2026-09-03T18:03:01+00:00","mainEntityOfPage":{"@id":"https:\/\/hijasdejesus.org\/pt-br\/conhecendo-a-instrutora-que-esta-em-periodo-de-experiencia\/"},"wordCount":836,"publisher":{"@id":"https:\/\/hijasdejesus.org\/pt-br\/#organization"},"image":{"@id":"https:\/\/hijasdejesus.org\/pt-br\/conhecendo-a-instrutora-que-esta-em-periodo-de-experiencia\/#primaryimage"},"thumbnailUrl":"https:\/\/hijasdejesus.org\/wp-content\/uploads\/2026\/09\/Portadas-web-1.jpg","keywords":["Forma\u00e7\u00e3o","Juniorado","\u00daltima probaci\u00f3n"],"articleSection":["Destaque","fi","Governo geral","Hijas de Jes\u00fas","Vida Religiosa"],"inLanguage":"pt-BR"},{"@type":"WebPage","@id":"https:\/\/hijasdejesus.org\/pt-br\/conhecendo-a-instrutora-que-esta-em-periodo-de-experiencia\/","url":"https:\/\/hijasdejesus.org\/pt-br\/conhecendo-a-instrutora-que-esta-em-periodo-de-experiencia\/","name":"Conhecendo a instrutora que est\u00e1 em per\u00edodo de experi\u00eancia - Hijas de Jes\u00fas","isPartOf":{"@id":"https:\/\/hijasdejesus.org\/pt-br\/#website"},"primaryImageOfPage":{"@id":"https:\/\/hijasdejesus.org\/pt-br\/conhecendo-a-instrutora-que-esta-em-periodo-de-experiencia\/#primaryimage"},"image":{"@id":"https:\/\/hijasdejesus.org\/pt-br\/conhecendo-a-instrutora-que-esta-em-periodo-de-experiencia\/#primaryimage"},"thumbnailUrl":"https:\/\/hijasdejesus.org\/wp-content\/uploads\/2026\/09\/Portadas-web-1.jpg","datePublished":"2026-09-03T17:59:45+00:00","dateModified":"2026-09-03T18:03:01+00:00","description":"Continuamos descobrindo mais sobre a \u00daltima Prova\u00e7\u00e3o: esses meses s\u00e3o vividos em comunidade, sob a orienta\u00e7\u00e3o de uma instrutora que acompanha tanto individualmente quanto em grupo. Hoje queremos dar um rosto e uma voz a essa presen\u00e7a fundamental: Magda Zhang.","breadcrumb":{"@id":"https:\/\/hijasdejesus.org\/pt-br\/conhecendo-a-instrutora-que-esta-em-periodo-de-experiencia\/#breadcrumb"},"inLanguage":"pt-BR","potentialAction":[{"@type":"ReadAction","target":["https:\/\/hijasdejesus.org\/pt-br\/conhecendo-a-instrutora-que-esta-em-periodo-de-experiencia\/"]}]},{"@type":"ImageObject","inLanguage":"pt-BR","@id":"https:\/\/hijasdejesus.org\/pt-br\/conhecendo-a-instrutora-que-esta-em-periodo-de-experiencia\/#primaryimage","url":"https:\/\/hijasdejesus.org\/wp-content\/uploads\/2026\/09\/Portadas-web-1.jpg","contentUrl":"https:\/\/hijasdejesus.org\/wp-content\/uploads\/2026\/09\/Portadas-web-1.jpg","width":1748,"height":1240,"caption":"Hija de Jes\u00fas trabajando en la PC"},{"@type":"BreadcrumbList","@id":"https:\/\/hijasdejesus.org\/pt-br\/conhecendo-a-instrutora-que-esta-em-periodo-de-experiencia\/#breadcrumb","itemListElement":[{"@type":"ListItem","position":1,"name":"Portada","item":"https:\/\/hijasdejesus.org\/pt-br\/"},{"@type":"ListItem","position":2,"name":"Conhecendo a instrutora que est\u00e1 em per\u00edodo de experi\u00eancia"}]},{"@type":"WebSite","@id":"https:\/\/hijasdejesus.org\/pt-br\/#website","url":"https:\/\/hijasdejesus.org\/pt-br\/","name":"Hijas de Jes\u00fas","description":"Despertamos a Jes\u00fas en el coraz\u00f3n, sacando lo mejor de las personas. Somos una congregaci\u00f3n religiosa ignaciana fundada por la Madre Candida","publisher":{"@id":"https:\/\/hijasdejesus.org\/pt-br\/#organization"},"potentialAction":[{"@type":"SearchAction","target":{"@type":"EntryPoint","urlTemplate":"https:\/\/hijasdejesus.org\/pt-br\/?s={search_term_string}"},"query-input":{"@type":"PropertyValueSpecification","valueRequired":true,"valueName":"search_term_string"}}],"inLanguage":"pt-BR"},{"@type":"Organization","@id":"https:\/\/hijasdejesus.org\/pt-br\/#organization","name":"Hijas de Jes\u00fas","url":"https:\/\/hijasdejesus.org\/pt-br\/","logo":{"@type":"ImageObject","inLanguage":"pt-BR","@id":"https:\/\/hijasdejesus.org\/pt-br\/#\/schema\/logo\/image\/","url":"https:\/\/hijasdejesus.org\/wp-content\/uploads\/2023\/01\/Hijas-de-Jesus_hor-A7C957.png","contentUrl":"https:\/\/hijasdejesus.org\/wp-content\/uploads\/2023\/01\/Hijas-de-Jesus_hor-A7C957.png","width":700,"height":360,"caption":"Hijas de Jes\u00fas"},"image":{"@id":"https:\/\/hijasdejesus.org\/pt-br\/#\/schema\/logo\/image\/"},"sameAs":["https:\/\/www.facebook.com\/hijasdejesusenelmundo\/","https:\/\/x.com\/hijasdjesus"]},{"@type":"Person","@id":"https:\/\/hijasdejesus.org\/pt-br\/#\/schema\/person\/91b9e676dca8842a983b89793a34e5b8","name":"Comunicaci\u00f3n Internacional","image":{"@type":"ImageObject","inLanguage":"pt-BR","@id":"https:\/\/secure.gravatar.com\/avatar\/dcb9b61797c934872aa9209ebf48b92edfeb0819dcdcaa77cd84879d6def414d?s=96&d=mm&r=g","url":"https:\/\/secure.gravatar.com\/avatar\/dcb9b61797c934872aa9209ebf48b92edfeb0819dcdcaa77cd84879d6def414d?s=96&d=mm&r=g","contentUrl":"https:\/\/secure.gravatar.com\/avatar\/dcb9b61797c934872aa9209ebf48b92edfeb0819dcdcaa77cd84879d6def414d?s=96&d=mm&r=g","caption":"Comunicaci\u00f3n Internacional"},"url":"https:\/\/hijasdejesus.org\/pt-br\/author\/comunicacion-internacional\/"}]}},"_links":{"self":[{"href":"https:\/\/hijasdejesus.org\/pt-br\/wp-json\/wp\/v2\/posts\/56187","targetHints":{"allow":["GET"]}}],"collection":[{"href":"https:\/\/hijasdejesus.org\/pt-br\/wp-json\/wp\/v2\/posts"}],"about":[{"href":"https:\/\/hijasdejesus.org\/pt-br\/wp-json\/wp\/v2\/types\/post"}],"author":[{"embeddable":true,"href":"https:\/\/hijasdejesus.org\/pt-br\/wp-json\/wp\/v2\/users\/36"}],"replies":[{"embeddable":true,"href":"https:\/\/hijasdejesus.org\/pt-br\/wp-json\/wp\/v2\/comments?post=56187"}],"version-history":[{"count":2,"href":"https:\/\/hijasdejesus.org\/pt-br\/wp-json\/wp\/v2\/posts\/56187\/revisions"}],"predecessor-version":[{"id":56193,"href":"https:\/\/hijasdejesus.org\/pt-br\/wp-json\/wp\/v2\/posts\/56187\/revisions\/56193"}],"wp:featuredmedia":[{"embeddable":true,"href":"https:\/\/hijasdejesus.org\/pt-br\/wp-json\/wp\/v2\/media\/56180"}],"wp:attachment":[{"href":"https:\/\/hijasdejesus.org\/pt-br\/wp-json\/wp\/v2\/media?parent=56187"}],"wp:term":[{"taxonomy":"category","embeddable":true,"href":"https:\/\/hijasdejesus.org\/pt-br\/wp-json\/wp\/v2\/categories?post=56187"},{"taxonomy":"post_tag","embeddable":true,"href":"https:\/\/hijasdejesus.org\/pt-br\/wp-json\/wp\/v2\/tags?post=56187"}],"curies":[{"name":"wp","href":"https:\/\/api.w.org\/{rel}","templated":true}]}}