{"id":56211,"date":"2026-09-04T02:38:01","date_gmt":"2026-09-04T00:38:01","guid":{"rendered":"https:\/\/hijasdejesus.org\/conhecendo-as-novatas-da-ultima-provacao-i\/"},"modified":"2026-09-04T02:40:22","modified_gmt":"2026-09-04T00:40:22","slug":"conhecendo-as-novatas-da-ultima-provacao-i","status":"publish","type":"post","link":"https:\/\/hijasdejesus.org\/pt-br\/conhecendo-as-novatas-da-ultima-provacao-i\/","title":{"rendered":"Conhecendo as novatas da \u00daltima Prova\u00e7\u00e3o (I)"},"content":{"rendered":"\n<p class=\"wp-block-paragraph\">Continuamos com nossa s\u00e9rie sobre a \u00daltima Prova\u00e7\u00e3o. J\u00e1 vimos <a href=\"https:\/\/hijasdejesus.org\/pt-br\/a-reta-final-antes-do-sim-definitivo-o-que-e-a-ultima-provacao\/\">o que \u00e9 essa etapa<\/a> e conhecemos a <a href=\"https:\/\/hijasdejesus.org\/pt-br\/conhecendo-a-instrutora-que-esta-em-periodo-de-experiencia\/\">Magda Zhang, a instrutora que acompanha esse caminho<\/a>. Hoje \u00e9 a vez de conhecer quem vai viver essa experi\u00eancia: as sete junioras que, vindas de diferentes pa\u00edses, se preparam juntas para a profiss\u00e3o perp\u00e9tua. Durante esses quase seis meses, elas v\u00e3o compartilhar a vida em comunidade, os Exerc\u00edcios Espirituais e o mesmo desejo de responder, com toda a vida, ao amor de Deus.     <\/p>\n\n<p class=\"wp-block-paragraph\">Vamos come\u00e7ar conhecendo melhor: Inmaculada Lin, Ma. Crystal Bermejo Samis e M\u00f3nica Celina Garc\u00eda Casa\u00f1as. <\/p>\n\n<h1 class=\"wp-block-heading\">Inmaculada Lin<\/h1>\n\n<p class=\"wp-block-paragraph\"><strong>Prov\u00edncia de origem:<\/strong> \u00c1sia Oriental<\/p>\n\n<p class=\"wp-block-paragraph\"><strong>O que voc\u00ea leva na sua mala \u2014 da sua pessoa, da sua comunidade, da sua miss\u00e3o atual \u2014 para esse momento da UP? \/ Tem alguma pessoa, lugar ou experi\u00eancia que \u201cviaja\u201d com voc\u00ea para a \u00daltima Prova\u00e7\u00e3o? <\/strong>  Trago coisas pessoais, minha experi\u00eancia pessoal, as b\u00ean\u00e7\u00e3os da comunidade e alguns presentes.  <strong> <\/strong><\/p>\n\n<p class=\"wp-block-paragraph\"><strong>O que voc\u00ea quer que aconte\u00e7a com voc\u00ea nesses pr\u00f3ximos meses?<\/strong>  Quero conhecer melhor Jesus, Santa C\u00e2ndida e a congrega\u00e7\u00e3o.<\/p>\n\n<p class=\"wp-block-paragraph\"><strong>O que voc\u00ea pediria \u00e0 Fam\u00edlia Madre C\u00e2ndida?<\/strong>  Quero viver uma experi\u00eancia profunda como Filha de Jesus; pe\u00e7o ora\u00e7\u00f5es \u00e0 fam\u00edlia da m\u00e3e C\u00e2ndida.<\/p>\n\n<p class=\"wp-block-paragraph\"><strong><strong>Uma frase curta: O que eu desejo para esse momento \u00e9\u2026<\/strong><\/strong> Desejo que o Senhor me ajude a ser uma verdadeira Filha de Jesus.<strong> <\/strong><\/p>\n\n<h1 class=\"wp-block-heading\">Ma. Crystal Bermejo Samis <\/h1>\n\n<p class=\"wp-block-paragraph\"><strong>Pa\u00eds:<\/strong> Filipinas  <\/p>\n\n<p class=\"wp-block-paragraph\"><strong>Prov\u00edncia de origem:<\/strong> \u00cdndico-Pac\u00edfico<\/p>\n\n<p class=\"wp-block-paragraph\"><strong>O que voc\u00ea traz na sua mala \u2014 da sua pessoa, da sua comunidade, da sua miss\u00e3o atual \u2014 para este<\/strong> <strong>Hora do UP? \/ Tem alguma pessoa, lugar ou experi\u00eancia que viaja com voc\u00ea para <\/strong> <strong>A \u00daltima Prova?<\/strong>  Na minha mala, tenho a certeza do carinho e do apoio das minhas irm\u00e3s, mas, acima de tudo, o amor e a seguran\u00e7a do nosso Pai Amoroso. Tamb\u00e9m levo comigo um cora\u00e7\u00e3o agradecido pelas experi\u00eancias vividas no meu encontro com Deus, assim como pelas pessoas que me ajudaram a crescer como religiosa, tanto na vida comunit\u00e1ria quanto no apostolado. Junto com tudo isso, levo as ora\u00e7\u00f5es das pessoas que me amam e que me acompanham com seu carinho e proximidade.  <\/p>\n\n<p class=\"wp-block-paragraph\"><strong>O que voc\u00ea quer que aconte\u00e7a com voc\u00ea nesses pr\u00f3ximos meses?<\/strong>  Nessa experi\u00eancia, quero renovar meu compromisso profundo com o Senhor, que me garante que estar\u00e1 sempre comigo na vida que escolhi oferecer a Ele, junto com a Madre C\u00e2ndida. Espero que essa experi\u00eancia me ajude a voltar \u00e0s ra\u00edzes da nossa Congrega\u00e7\u00e3o, para conhec\u00ea-la mais profundamente, am\u00e1-la ainda mais e fortalecer meu desejo de me entregar a ela antes de me consagrar definitivamente por meio dos meus votos perp\u00e9tuos. Tenho confian\u00e7a de que, por meio das diferentes experi\u00eancias e das pessoas que encontrar nessa jornada, Ele continuar\u00e1 me mostrando Sua presen\u00e7a, Seu amor e Sua fidelidade.  <\/p>\n\n<p class=\"wp-block-paragraph\"><strong><strong>Uma frase curta: O que eu desejo para esse tempo \u00e9\u2026<\/strong><\/strong> \u201cO que eu desejo para esse tempo \u00e9 ser aberta e receptiva para aprofundar a compreens\u00e3o da minha voca\u00e7\u00e3o como Filha de Jesus, abra\u00e7\u00e1-la plenamente, com um cora\u00e7\u00e3o renovado e uma entrega cada vez mais generosa ao Senhor.\u201d<\/p>\n\n<h1 class=\"wp-block-heading\">M\u00f3nica Celina Garc\u00eda Casa\u00f1as<\/h1>\n\n<p class=\"wp-block-paragraph\"><strong>Prov\u00edncia de origem:<\/strong> Am\u00e9rica Andina \u2013 enviada para a comunidade de Monterrico, em Jujuy \u2013 Col\u00e9gio Nossa Senhora das Mercedes, professora de Educa\u00e7\u00e3o Religiosa Escolar na 3\u00aa s\u00e9rie e de Filosofia na 5\u00aa s\u00e9rie. Acompanho a coordena\u00e7\u00e3o do grupo de jovens da par\u00f3quia junto com a irm\u00e3 Ely e a Patricia, uma leiga. Participo da catequese na Capela Nossa Senhora das Mercedes.  <\/p>\n\n<p class=\"wp-block-paragraph\"><strong>Nacionalidade:<\/strong> uruguaia<\/p>\n\n<p class=\"wp-block-paragraph\"><strong>O que voc\u00ea leva na sua mala \u2014 da sua pessoa, da sua comunidade, da sua miss\u00e3o atual \u2014 para esse momento da UP? \/ Tem alguma pessoa, lugar ou experi\u00eancia que \u201cviaja\u201d com voc\u00ea para a \u00daltima Prova\u00e7\u00e3o? <\/strong>  Levo na minha mala\u2026 rostos e experi\u00eancias compartilhadas nesses 10 anos na congrega\u00e7\u00e3o, em Villa Ocampo, C\u00f3rdoba, Brasil e Jujuy\u2026 levo minha fam\u00edlia de sangue e de cora\u00e7\u00e3o, minhas ra\u00edzes, sem as quais esse momento n\u00e3o teria sido poss\u00edvel; minhas amigas, que t\u00eam sido testemunhas fi\u00e9is dessa jornada\u2026 Da minha comunidade, levo o carinho, a companhia e as ora\u00e7\u00f5es de voc\u00eas, o presente que s\u00e3o as vidas de voc\u00eas nesses poucos meses desde que cheguei a Jujuy Da minha miss\u00e3o atual, levo a certeza de que entregar a vida a Deus por meio da educa\u00e7\u00e3o, acompanhando os adolescentes no seu crescimento humano e acad\u00eamico, \u00e9 lindo; levo o carinho de voc\u00eas, a vontade de voc\u00eas, e o v\u00ednculo que a sala de aula nos permitiu construir nesses meses\u2026 quanto de Deus se fez presente nas hist\u00f3rias de voc\u00eas\u2026assim como toda a comunidade educacional de Las Mercedes, que me ajudou, me acolheu e me acompanhou nos meus primeiros meses como professora; voc\u00eas me fizeram sentir parte da fam\u00edlia e em casa. Num lugar muito especial do meu cora\u00e7\u00e3o, o grupo de jovens da par\u00f3quia de S\u00e3o Isidro Labrador, que, junto com a Irm\u00e3 Ely, a Patr\u00edcia e a Livia, acompanhamos; quero mant\u00ea-los bem presentes em cada lugar sagrado onde tiver a oportunidade de rezar, entregando a Deus suas vidas e o caminho na f\u00e9 que, aos poucos, voc\u00eas v\u00e3o descobrindo. Outro grupo que tamb\u00e9m ocupa um lugar especial s\u00e3o as catequistas da Capela Nossa Senhora das Merc\u00eas, cujo servi\u00e7o, s\u00e1bado ap\u00f3s s\u00e1bado, eu testemunhei em prol do crescimento humano e da f\u00e9 das crian\u00e7as e dos adolescentes. <\/p>\n\n<p class=\"wp-block-paragraph\"><strong>O que voc\u00ea quer que aconte\u00e7a com voc\u00ea nesses pr\u00f3ximos meses?<\/strong>  Espero que essa experi\u00eancia desperte ainda mais em mim o desejo de entrega, de viver com paix\u00e3o a voca\u00e7\u00e3o que Deus me d\u00e1, de aprofundar meu relacionamento com Jesus, que me una mais a Ele, que me ajude a conhecer e amar mais esse carisma de Santa C\u00e2ndida e a querer dedicar minha vida aqui. Que me ajude a despertar e a viver esses desejos mais aut\u00eanticos com os quais sonho desde o in\u00edcio da minha voca\u00e7\u00e3o religiosa. Que me permita sentir-me unida a todo o Corpo de irm\u00e3s, leigos e jovens que fazem parte desta Fam\u00edlia.  <\/p>\n\n<p class=\"wp-block-paragraph\"><strong>O que voc\u00ea pediria \u00e0 Fam\u00edlia Madre C\u00e2ndida?<\/strong>  \u00c9 dif\u00edcil pra mim pedir algo \u00e0 Fam\u00edlia Madre C\u00e2ndida, porque me d\u00e1 vontade de agradecer por voc\u00eas fazerem parte dessa experi\u00eancia; quero pedir que a gente n\u00e3o pare de caminhar juntos, a gente precisa uns dos outros.<\/p>\n\n<p class=\"wp-block-paragraph\"><strong><strong>Uma frase curta: O que eu quero pra esse momento \u00e9\u2026<\/strong><\/strong> O que eu desejo para esse per\u00edodo \u00e9 crescer no amor a Jesus e na miss\u00e3o que Ele quiser me confiar. Poder sentir e saborear por dentro tudo o que vivi nesses anos e que isso me ajude a aprofundar na minha pr\u00f3pria voca\u00e7\u00e3o. <\/p>\n\n<p class=\"wp-block-paragraph\"><kbd>Obrigada, Inma, Crystal e Celina, por compartilharem conosco um pouco da trajet\u00f3ria de voc\u00eas.<\/kbd><\/p>\n\n<p class=\"wp-block-paragraph\"><em>Nos pr\u00f3ximos dias, vamos continuar conhecendo o resto das junioras que v\u00e3o passar por essa \u00daltima Prova\u00e7\u00e3o 2026-2027. Convidamos voc\u00eas a ficarem de olho e a acompanh\u00e1-las com suas ora\u00e7\u00f5es. <\/em><\/p>\n\n<p class=\"wp-block-paragraph\"><\/p>\n","protected":false},"excerpt":{"rendered":"<p>Continuamos com nossa s\u00e9rie sobre a \u00daltima Prova\u00e7\u00e3o. J\u00e1 vimos o que \u00e9 essa etapa e conhecemos a Magda Zhang, a instrutora que acompanha esse caminho. Hoje \u00e9 a vez de conhecer quem vai viver essa experi\u00eancia: as sete junioras que, vindas de diferentes pa\u00edses, se preparam juntas para a profiss\u00e3o perp\u00e9tua. Durante esses quase [&hellip;]<\/p>\n","protected":false},"author":36,"featured_media":56202,"comment_status":"closed","ping_status":"closed","sticky":false,"template":"","format":"standard","meta":{"_et_pb_use_builder":"","_et_pb_old_content":"","_et_gb_content_width":"","footnotes":"","_links_to":"","_links_to_target":""},"categories":[38],"tags":[],"class_list":["post-56211","post","type-post","status-publish","format-standard","has-post-thumbnail","hentry","category-fi-pt-br"],"yoast_head":"<!-- This site is optimized with the Yoast SEO plugin v28.4 - https:\/\/yoast.com\/product\/yoast-seo-wordpress\/ -->\n<title>Conhecendo as novatas da \u00daltima Prova\u00e7\u00e3o (I) - Hijas de Jes\u00fas<\/title>\n<meta name=\"description\" content=\"Continuamos com nossa s\u00e9rie sobre a \u00daltima Prova\u00e7\u00e3o. Hoje vamos conhecer as junioras que v\u00e3o passar por essa experi\u00eancia.\" \/>\n<meta name=\"robots\" content=\"index, follow, max-snippet:-1, max-image-preview:large, max-video-preview:-1\" \/>\n<link rel=\"canonical\" href=\"https:\/\/hijasdejesus.org\/pt-br\/conhecendo-as-novatas-da-ultima-provacao-i\/\" \/>\n<meta property=\"og:locale\" content=\"pt_BR\" \/>\n<meta property=\"og:type\" content=\"article\" \/>\n<meta property=\"og:title\" content=\"Conhecendo as novatas da \u00daltima Prova\u00e7\u00e3o (I) - Hijas de Jes\u00fas\" \/>\n<meta property=\"og:description\" content=\"Continuamos com nossa s\u00e9rie sobre a \u00daltima Prova\u00e7\u00e3o. Hoje vamos conhecer as junioras que v\u00e3o passar por essa experi\u00eancia.\" \/>\n<meta property=\"og:url\" content=\"https:\/\/hijasdejesus.org\/pt-br\/conhecendo-as-novatas-da-ultima-provacao-i\/\" \/>\n<meta property=\"og:site_name\" content=\"Hijas de Jes\u00fas\" \/>\n<meta property=\"article:publisher\" content=\"https:\/\/www.facebook.com\/hijasdejesusenelmundo\/\" \/>\n<meta property=\"article:published_time\" content=\"2026-09-04T00:38:01+00:00\" \/>\n<meta property=\"article:modified_time\" content=\"2026-09-04T00:40:22+00:00\" \/>\n<meta property=\"og:image\" content=\"https:\/\/hijasdejesus.org\/wp-content\/uploads\/2026\/09\/Portadas-web-4.jpg\" \/>\n\t<meta property=\"og:image:width\" content=\"1748\" \/>\n\t<meta property=\"og:image:height\" content=\"1240\" \/>\n\t<meta property=\"og:image:type\" content=\"image\/jpeg\" \/>\n<meta name=\"author\" content=\"Comunicaci\u00f3n Internacional\" \/>\n<meta name=\"twitter:card\" content=\"summary_large_image\" \/>\n<meta name=\"twitter:creator\" content=\"@hijasdjesus\" \/>\n<meta name=\"twitter:site\" content=\"@hijasdjesus\" \/>\n<meta name=\"twitter:label1\" content=\"Escrito por\" \/>\n\t<meta name=\"twitter:data1\" content=\"Comunicaci\u00f3n Internacional\" \/>\n\t<meta name=\"twitter:label2\" content=\"Est. tempo de leitura\" \/>\n\t<meta name=\"twitter:data2\" content=\"6 minutos\" \/>\n<script type=\"application\/ld+json\" class=\"yoast-schema-graph\">{\"@context\":\"https:\\\/\\\/schema.org\",\"@graph\":[{\"@type\":\"Article\",\"@id\":\"https:\\\/\\\/hijasdejesus.org\\\/pt-br\\\/conhecendo-as-novatas-da-ultima-provacao-i\\\/#article\",\"isPartOf\":{\"@id\":\"https:\\\/\\\/hijasdejesus.org\\\/pt-br\\\/conhecendo-as-novatas-da-ultima-provacao-i\\\/\"},\"author\":{\"name\":\"Comunicaci\u00f3n Internacional\",\"@id\":\"https:\\\/\\\/hijasdejesus.org\\\/pt-br\\\/#\\\/schema\\\/person\\\/91b9e676dca8842a983b89793a34e5b8\"},\"headline\":\"Conhecendo as novatas da \u00daltima Prova\u00e7\u00e3o (I)\",\"datePublished\":\"2026-09-04T00:38:01+00:00\",\"dateModified\":\"2026-09-04T00:40:22+00:00\",\"mainEntityOfPage\":{\"@id\":\"https:\\\/\\\/hijasdejesus.org\\\/pt-br\\\/conhecendo-as-novatas-da-ultima-provacao-i\\\/\"},\"wordCount\":1260,\"publisher\":{\"@id\":\"https:\\\/\\\/hijasdejesus.org\\\/pt-br\\\/#organization\"},\"image\":{\"@id\":\"https:\\\/\\\/hijasdejesus.org\\\/pt-br\\\/conhecendo-as-novatas-da-ultima-provacao-i\\\/#primaryimage\"},\"thumbnailUrl\":\"https:\\\/\\\/hijasdejesus.org\\\/wp-content\\\/uploads\\\/2026\\\/09\\\/Portadas-web-4.jpg\",\"articleSection\":[\"fi\"],\"inLanguage\":\"pt-BR\"},{\"@type\":\"WebPage\",\"@id\":\"https:\\\/\\\/hijasdejesus.org\\\/pt-br\\\/conhecendo-as-novatas-da-ultima-provacao-i\\\/\",\"url\":\"https:\\\/\\\/hijasdejesus.org\\\/pt-br\\\/conhecendo-as-novatas-da-ultima-provacao-i\\\/\",\"name\":\"Conhecendo as novatas da \u00daltima Prova\u00e7\u00e3o (I) - Hijas de Jes\u00fas\",\"isPartOf\":{\"@id\":\"https:\\\/\\\/hijasdejesus.org\\\/pt-br\\\/#website\"},\"primaryImageOfPage\":{\"@id\":\"https:\\\/\\\/hijasdejesus.org\\\/pt-br\\\/conhecendo-as-novatas-da-ultima-provacao-i\\\/#primaryimage\"},\"image\":{\"@id\":\"https:\\\/\\\/hijasdejesus.org\\\/pt-br\\\/conhecendo-as-novatas-da-ultima-provacao-i\\\/#primaryimage\"},\"thumbnailUrl\":\"https:\\\/\\\/hijasdejesus.org\\\/wp-content\\\/uploads\\\/2026\\\/09\\\/Portadas-web-4.jpg\",\"datePublished\":\"2026-09-04T00:38:01+00:00\",\"dateModified\":\"2026-09-04T00:40:22+00:00\",\"description\":\"Continuamos com nossa s\u00e9rie sobre a \u00daltima Prova\u00e7\u00e3o. Hoje vamos conhecer as junioras que v\u00e3o passar por essa experi\u00eancia.\",\"breadcrumb\":{\"@id\":\"https:\\\/\\\/hijasdejesus.org\\\/pt-br\\\/conhecendo-as-novatas-da-ultima-provacao-i\\\/#breadcrumb\"},\"inLanguage\":\"pt-BR\",\"potentialAction\":[{\"@type\":\"ReadAction\",\"target\":[\"https:\\\/\\\/hijasdejesus.org\\\/pt-br\\\/conhecendo-as-novatas-da-ultima-provacao-i\\\/\"]}]},{\"@type\":\"ImageObject\",\"inLanguage\":\"pt-BR\",\"@id\":\"https:\\\/\\\/hijasdejesus.org\\\/pt-br\\\/conhecendo-as-novatas-da-ultima-provacao-i\\\/#primaryimage\",\"url\":\"https:\\\/\\\/hijasdejesus.org\\\/wp-content\\\/uploads\\\/2026\\\/09\\\/Portadas-web-4.jpg\",\"contentUrl\":\"https:\\\/\\\/hijasdejesus.org\\\/wp-content\\\/uploads\\\/2026\\\/09\\\/Portadas-web-4.jpg\",\"width\":1748,\"height\":1240,\"caption\":\"Tres religiosas j\u00f3venes de las Hijas de Jes\u00fas\"},{\"@type\":\"BreadcrumbList\",\"@id\":\"https:\\\/\\\/hijasdejesus.org\\\/pt-br\\\/conhecendo-as-novatas-da-ultima-provacao-i\\\/#breadcrumb\",\"itemListElement\":[{\"@type\":\"ListItem\",\"position\":1,\"name\":\"Portada\",\"item\":\"https:\\\/\\\/hijasdejesus.org\\\/pt-br\\\/\"},{\"@type\":\"ListItem\",\"position\":2,\"name\":\"Conhecendo as novatas da \u00daltima Prova\u00e7\u00e3o (I)\"}]},{\"@type\":\"WebSite\",\"@id\":\"https:\\\/\\\/hijasdejesus.org\\\/pt-br\\\/#website\",\"url\":\"https:\\\/\\\/hijasdejesus.org\\\/pt-br\\\/\",\"name\":\"Hijas de Jes\u00fas\",\"description\":\"Despertamos a Jes\u00fas en el coraz\u00f3n, sacando lo mejor de las personas. Somos una congregaci\u00f3n religiosa ignaciana fundada por la Madre Candida\",\"publisher\":{\"@id\":\"https:\\\/\\\/hijasdejesus.org\\\/pt-br\\\/#organization\"},\"potentialAction\":[{\"@type\":\"SearchAction\",\"target\":{\"@type\":\"EntryPoint\",\"urlTemplate\":\"https:\\\/\\\/hijasdejesus.org\\\/pt-br\\\/?s={search_term_string}\"},\"query-input\":{\"@type\":\"PropertyValueSpecification\",\"valueRequired\":true,\"valueName\":\"search_term_string\"}}],\"inLanguage\":\"pt-BR\"},{\"@type\":\"Organization\",\"@id\":\"https:\\\/\\\/hijasdejesus.org\\\/pt-br\\\/#organization\",\"name\":\"Hijas de Jes\u00fas\",\"url\":\"https:\\\/\\\/hijasdejesus.org\\\/pt-br\\\/\",\"logo\":{\"@type\":\"ImageObject\",\"inLanguage\":\"pt-BR\",\"@id\":\"https:\\\/\\\/hijasdejesus.org\\\/pt-br\\\/#\\\/schema\\\/logo\\\/image\\\/\",\"url\":\"https:\\\/\\\/hijasdejesus.org\\\/wp-content\\\/uploads\\\/2023\\\/01\\\/Hijas-de-Jesus_hor-A7C957.png\",\"contentUrl\":\"https:\\\/\\\/hijasdejesus.org\\\/wp-content\\\/uploads\\\/2023\\\/01\\\/Hijas-de-Jesus_hor-A7C957.png\",\"width\":700,\"height\":360,\"caption\":\"Hijas de Jes\u00fas\"},\"image\":{\"@id\":\"https:\\\/\\\/hijasdejesus.org\\\/pt-br\\\/#\\\/schema\\\/logo\\\/image\\\/\"},\"sameAs\":[\"https:\\\/\\\/www.facebook.com\\\/hijasdejesusenelmundo\\\/\",\"https:\\\/\\\/x.com\\\/hijasdjesus\"]},{\"@type\":\"Person\",\"@id\":\"https:\\\/\\\/hijasdejesus.org\\\/pt-br\\\/#\\\/schema\\\/person\\\/91b9e676dca8842a983b89793a34e5b8\",\"name\":\"Comunicaci\u00f3n Internacional\",\"image\":{\"@type\":\"ImageObject\",\"inLanguage\":\"pt-BR\",\"@id\":\"https:\\\/\\\/secure.gravatar.com\\\/avatar\\\/dcb9b61797c934872aa9209ebf48b92edfeb0819dcdcaa77cd84879d6def414d?s=96&d=mm&r=g\",\"url\":\"https:\\\/\\\/secure.gravatar.com\\\/avatar\\\/dcb9b61797c934872aa9209ebf48b92edfeb0819dcdcaa77cd84879d6def414d?s=96&d=mm&r=g\",\"contentUrl\":\"https:\\\/\\\/secure.gravatar.com\\\/avatar\\\/dcb9b61797c934872aa9209ebf48b92edfeb0819dcdcaa77cd84879d6def414d?s=96&d=mm&r=g\",\"caption\":\"Comunicaci\u00f3n Internacional\"},\"url\":\"https:\\\/\\\/hijasdejesus.org\\\/pt-br\\\/author\\\/comunicacion-internacional\\\/\"}]}<\/script>\n<!-- \/ Yoast SEO plugin. -->","yoast_head_json":{"title":"Conhecendo as novatas da \u00daltima Prova\u00e7\u00e3o (I) - Hijas de Jes\u00fas","description":"Continuamos com nossa s\u00e9rie sobre a \u00daltima Prova\u00e7\u00e3o. Hoje vamos conhecer as junioras que v\u00e3o passar por essa experi\u00eancia.","robots":{"index":"index","follow":"follow","max-snippet":"max-snippet:-1","max-image-preview":"max-image-preview:large","max-video-preview":"max-video-preview:-1"},"canonical":"https:\/\/hijasdejesus.org\/pt-br\/conhecendo-as-novatas-da-ultima-provacao-i\/","og_locale":"pt_BR","og_type":"article","og_title":"Conhecendo as novatas da \u00daltima Prova\u00e7\u00e3o (I) - Hijas de Jes\u00fas","og_description":"Continuamos com nossa s\u00e9rie sobre a \u00daltima Prova\u00e7\u00e3o. Hoje vamos conhecer as junioras que v\u00e3o passar por essa experi\u00eancia.","og_url":"https:\/\/hijasdejesus.org\/pt-br\/conhecendo-as-novatas-da-ultima-provacao-i\/","og_site_name":"Hijas de Jes\u00fas","article_publisher":"https:\/\/www.facebook.com\/hijasdejesusenelmundo\/","article_published_time":"2026-09-04T00:38:01+00:00","article_modified_time":"2026-09-04T00:40:22+00:00","og_image":[{"width":1748,"height":1240,"url":"https:\/\/hijasdejesus.org\/wp-content\/uploads\/2026\/09\/Portadas-web-4.jpg","type":"image\/jpeg"}],"author":"Comunicaci\u00f3n Internacional","twitter_card":"summary_large_image","twitter_creator":"@hijasdjesus","twitter_site":"@hijasdjesus","twitter_misc":{"Escrito por":"Comunicaci\u00f3n Internacional","Est. tempo de leitura":"6 minutos"},"schema":{"@context":"https:\/\/schema.org","@graph":[{"@type":"Article","@id":"https:\/\/hijasdejesus.org\/pt-br\/conhecendo-as-novatas-da-ultima-provacao-i\/#article","isPartOf":{"@id":"https:\/\/hijasdejesus.org\/pt-br\/conhecendo-as-novatas-da-ultima-provacao-i\/"},"author":{"name":"Comunicaci\u00f3n Internacional","@id":"https:\/\/hijasdejesus.org\/pt-br\/#\/schema\/person\/91b9e676dca8842a983b89793a34e5b8"},"headline":"Conhecendo as novatas da \u00daltima Prova\u00e7\u00e3o (I)","datePublished":"2026-09-04T00:38:01+00:00","dateModified":"2026-09-04T00:40:22+00:00","mainEntityOfPage":{"@id":"https:\/\/hijasdejesus.org\/pt-br\/conhecendo-as-novatas-da-ultima-provacao-i\/"},"wordCount":1260,"publisher":{"@id":"https:\/\/hijasdejesus.org\/pt-br\/#organization"},"image":{"@id":"https:\/\/hijasdejesus.org\/pt-br\/conhecendo-as-novatas-da-ultima-provacao-i\/#primaryimage"},"thumbnailUrl":"https:\/\/hijasdejesus.org\/wp-content\/uploads\/2026\/09\/Portadas-web-4.jpg","articleSection":["fi"],"inLanguage":"pt-BR"},{"@type":"WebPage","@id":"https:\/\/hijasdejesus.org\/pt-br\/conhecendo-as-novatas-da-ultima-provacao-i\/","url":"https:\/\/hijasdejesus.org\/pt-br\/conhecendo-as-novatas-da-ultima-provacao-i\/","name":"Conhecendo as novatas da \u00daltima Prova\u00e7\u00e3o (I) - Hijas de Jes\u00fas","isPartOf":{"@id":"https:\/\/hijasdejesus.org\/pt-br\/#website"},"primaryImageOfPage":{"@id":"https:\/\/hijasdejesus.org\/pt-br\/conhecendo-as-novatas-da-ultima-provacao-i\/#primaryimage"},"image":{"@id":"https:\/\/hijasdejesus.org\/pt-br\/conhecendo-as-novatas-da-ultima-provacao-i\/#primaryimage"},"thumbnailUrl":"https:\/\/hijasdejesus.org\/wp-content\/uploads\/2026\/09\/Portadas-web-4.jpg","datePublished":"2026-09-04T00:38:01+00:00","dateModified":"2026-09-04T00:40:22+00:00","description":"Continuamos com nossa s\u00e9rie sobre a \u00daltima Prova\u00e7\u00e3o. Hoje vamos conhecer as junioras que v\u00e3o passar por essa experi\u00eancia.","breadcrumb":{"@id":"https:\/\/hijasdejesus.org\/pt-br\/conhecendo-as-novatas-da-ultima-provacao-i\/#breadcrumb"},"inLanguage":"pt-BR","potentialAction":[{"@type":"ReadAction","target":["https:\/\/hijasdejesus.org\/pt-br\/conhecendo-as-novatas-da-ultima-provacao-i\/"]}]},{"@type":"ImageObject","inLanguage":"pt-BR","@id":"https:\/\/hijasdejesus.org\/pt-br\/conhecendo-as-novatas-da-ultima-provacao-i\/#primaryimage","url":"https:\/\/hijasdejesus.org\/wp-content\/uploads\/2026\/09\/Portadas-web-4.jpg","contentUrl":"https:\/\/hijasdejesus.org\/wp-content\/uploads\/2026\/09\/Portadas-web-4.jpg","width":1748,"height":1240,"caption":"Tres religiosas j\u00f3venes de las Hijas de Jes\u00fas"},{"@type":"BreadcrumbList","@id":"https:\/\/hijasdejesus.org\/pt-br\/conhecendo-as-novatas-da-ultima-provacao-i\/#breadcrumb","itemListElement":[{"@type":"ListItem","position":1,"name":"Portada","item":"https:\/\/hijasdejesus.org\/pt-br\/"},{"@type":"ListItem","position":2,"name":"Conhecendo as novatas da \u00daltima Prova\u00e7\u00e3o (I)"}]},{"@type":"WebSite","@id":"https:\/\/hijasdejesus.org\/pt-br\/#website","url":"https:\/\/hijasdejesus.org\/pt-br\/","name":"Hijas de Jes\u00fas","description":"Despertamos a Jes\u00fas en el coraz\u00f3n, sacando lo mejor de las personas. Somos una congregaci\u00f3n religiosa ignaciana fundada por la Madre Candida","publisher":{"@id":"https:\/\/hijasdejesus.org\/pt-br\/#organization"},"potentialAction":[{"@type":"SearchAction","target":{"@type":"EntryPoint","urlTemplate":"https:\/\/hijasdejesus.org\/pt-br\/?s={search_term_string}"},"query-input":{"@type":"PropertyValueSpecification","valueRequired":true,"valueName":"search_term_string"}}],"inLanguage":"pt-BR"},{"@type":"Organization","@id":"https:\/\/hijasdejesus.org\/pt-br\/#organization","name":"Hijas de Jes\u00fas","url":"https:\/\/hijasdejesus.org\/pt-br\/","logo":{"@type":"ImageObject","inLanguage":"pt-BR","@id":"https:\/\/hijasdejesus.org\/pt-br\/#\/schema\/logo\/image\/","url":"https:\/\/hijasdejesus.org\/wp-content\/uploads\/2023\/01\/Hijas-de-Jesus_hor-A7C957.png","contentUrl":"https:\/\/hijasdejesus.org\/wp-content\/uploads\/2023\/01\/Hijas-de-Jesus_hor-A7C957.png","width":700,"height":360,"caption":"Hijas de Jes\u00fas"},"image":{"@id":"https:\/\/hijasdejesus.org\/pt-br\/#\/schema\/logo\/image\/"},"sameAs":["https:\/\/www.facebook.com\/hijasdejesusenelmundo\/","https:\/\/x.com\/hijasdjesus"]},{"@type":"Person","@id":"https:\/\/hijasdejesus.org\/pt-br\/#\/schema\/person\/91b9e676dca8842a983b89793a34e5b8","name":"Comunicaci\u00f3n Internacional","image":{"@type":"ImageObject","inLanguage":"pt-BR","@id":"https:\/\/secure.gravatar.com\/avatar\/dcb9b61797c934872aa9209ebf48b92edfeb0819dcdcaa77cd84879d6def414d?s=96&d=mm&r=g","url":"https:\/\/secure.gravatar.com\/avatar\/dcb9b61797c934872aa9209ebf48b92edfeb0819dcdcaa77cd84879d6def414d?s=96&d=mm&r=g","contentUrl":"https:\/\/secure.gravatar.com\/avatar\/dcb9b61797c934872aa9209ebf48b92edfeb0819dcdcaa77cd84879d6def414d?s=96&d=mm&r=g","caption":"Comunicaci\u00f3n Internacional"},"url":"https:\/\/hijasdejesus.org\/pt-br\/author\/comunicacion-internacional\/"}]}},"_links":{"self":[{"href":"https:\/\/hijasdejesus.org\/pt-br\/wp-json\/wp\/v2\/posts\/56211","targetHints":{"allow":["GET"]}}],"collection":[{"href":"https:\/\/hijasdejesus.org\/pt-br\/wp-json\/wp\/v2\/posts"}],"about":[{"href":"https:\/\/hijasdejesus.org\/pt-br\/wp-json\/wp\/v2\/types\/post"}],"author":[{"embeddable":true,"href":"https:\/\/hijasdejesus.org\/pt-br\/wp-json\/wp\/v2\/users\/36"}],"replies":[{"embeddable":true,"href":"https:\/\/hijasdejesus.org\/pt-br\/wp-json\/wp\/v2\/comments?post=56211"}],"version-history":[{"count":2,"href":"https:\/\/hijasdejesus.org\/pt-br\/wp-json\/wp\/v2\/posts\/56211\/revisions"}],"predecessor-version":[{"id":56217,"href":"https:\/\/hijasdejesus.org\/pt-br\/wp-json\/wp\/v2\/posts\/56211\/revisions\/56217"}],"wp:featuredmedia":[{"embeddable":true,"href":"https:\/\/hijasdejesus.org\/pt-br\/wp-json\/wp\/v2\/media\/56202"}],"wp:attachment":[{"href":"https:\/\/hijasdejesus.org\/pt-br\/wp-json\/wp\/v2\/media?parent=56211"}],"wp:term":[{"taxonomy":"category","embeddable":true,"href":"https:\/\/hijasdejesus.org\/pt-br\/wp-json\/wp\/v2\/categories?post=56211"},{"taxonomy":"post_tag","embeddable":true,"href":"https:\/\/hijasdejesus.org\/pt-br\/wp-json\/wp\/v2\/tags?post=56211"}],"curies":[{"name":"wp","href":"https:\/\/api.w.org\/{rel}","templated":true}]}}