{"id":42379,"date":"2018-04-12T16:59:35","date_gmt":"2018-04-12T14:59:35","guid":{"rendered":"https:\/\/hijasdejesus.org\/%e6%89%80%e6%9c%89gc-xviii%e6%96%b0%e8%81%9e\/"},"modified":"2018-04-12T16:59:35","modified_gmt":"2018-04-12T14:59:35","slug":"%e6%89%80%e6%9c%89gc-xviii%e6%96%b0%e8%81%9e","status":"publish","type":"post","link":"https:\/\/hijasdejesus.org\/zh-hant\/%e6%89%80%e6%9c%89gc-xviii%e6%96%b0%e8%81%9e\/","title":{"rendered":"\u6240\u6709GC XVIII\u65b0\u805e"},"content":{"rendered":"<p>\u5728\u6b64\u9801\u9762\u4e0a\uff0c\u60a8\u5c07\u80fd\u5920\u770b\u5230\u6709\u95dcCGXVIII\u7684\u6240\u6709\u65b0\u805e\u3002<\/p>\n<p>\u96a8\u8457\u4f7f\u6211\u5011\u66f4\u63a5\u8fd1\u7e3d\u6703\u7684\u4e0d\u540c\u6b65\u9a5f\u7684\u767c\u751f\uff0c\u6211\u5011\u5c07\u5f15\u5165\u4e00\u4e9b\u93c8\u63a5\uff0c\u9019\u4e9b\u93c8\u63a5\u5c07\u7d2f\u7a4d\u8d77\u4f86\uff0c\u4ee5\u4fbf\u60a8\u53ef\u4ee5\u4eab\u53d7\u5b83\u5011\u4e26\u6839\u64da\u9700\u8981\u591a\u6b21\u67e5\u95b1\u5b83\u5011\u3002<\/p>\n<p>\u4e00\u500b\u5927\u5927\u7684\u64c1\u62b1\uff01<\/p>\n<p style=\"text-align: center;\"><strong><a href=\"https:\/\/hijasdejesus.org\/la-congregacion-general-xviii-en-un-minuto\/\" target=\"_blank\" rel=\"noopener noreferrer\"><a href=\"https:\/\/hijasdejesus.org\/la-congregacion-general-xviii-en-un-minuto\/\">\u4e00\u5206\u9418\u7684\u7e3d\u6703\u6703\u773e<\/a><\/a><\/strong><\/p>\n<p style=\"text-align: center;\"><strong><a href=\"https:\/\/hijasdejesus.org\/clausura-de-la-cg-xviii-y-envio\/\" target=\"_blank\" rel=\"noopener noreferrer\"><a href=\"https:\/\/hijasdejesus.org\/clausura-de-la-cg-xviii-y-envio\/\">CGXVIII\u7684\u95dc\u9589\u548c\u8abf\u5ea6<\/a><\/a><\/strong><\/p>\n<p style=\"text-align: center;\"><strong><a href=\"https:\/\/hijasdejesus.org\/determinacion-de-la-congregacion-general-xviii\/\" target=\"_blank\" rel=\"noopener noreferrer\"><a href=\"https:\/\/hijasdejesus.org\/determinacion-de-la-congregacion-general-xviii\/\">GC XVIII\u7684\u6e2c\u5b9a<\/a><\/a><\/strong><\/p>\n<p style=\"text-align: center;\"><strong><a href=\"https:\/\/hijasdejesus.org\/como-estas-viviendo-esta-cg-m-carmen-martin\/\" target=\"_blank\" rel=\"noopener noreferrer\"><a href=\"https:\/\/hijasdejesus.org\/como-estas-viviendo-esta-cg-m-carmen-martin\/\">\u4f60\u662f\u600e\u9ebc\u751f\u6d3b\u7684\u9019\u500bGC\u7684\uff1f<\/a> &#8211; M\u00aa \u5361\u9580\u00b7\u99ac\u4e01<\/a><\/strong><\/p>\n<p style=\"text-align: center;\"><strong><a href=\"https:\/\/hijasdejesus.org\/como-estas-viviendo-esta-cg-patricia-aragon\/\" target=\"_blank\" rel=\"noopener noreferrer\"><a href=\"https:\/\/hijasdejesus.org\/como-estas-viviendo-esta-cg-patricia-aragon\/\">\u4f60\u662f\u600e\u9ebc\u751f\u6d3b\u7684\u9019\u500bGC\u7684\uff1f<\/a> &#8211; \u6d3e\u7fe0\u590f\u00b7\u963f\u62c9\u8ca2<\/a><\/strong><\/p>\n<p style=\"text-align: center;\"><strong><a href=\"https:\/\/hijasdejesus.org\/continuamos-el-camino\/\" target=\"_blank\" rel=\"noopener noreferrer\"><a href=\"https:\/\/hijasdejesus.org\/continuamos-el-camino\/\">\u6211\u5011\u7e7c\u7e8c\u524d\u884c<\/a><\/a><\/strong><\/p>\n<p style=\"text-align: center;\"><strong><a href=\"https:\/\/hijasdejesus.org\/como-estas-viviendo-esta-cg-matilde-polanco\/\" target=\"_blank\" rel=\"noopener noreferrer\"><a href=\"https:\/\/hijasdejesus.org\/como-estas-viviendo-esta-cg-matilde-polanco\/\">\u4f60\u662f\u600e\u9ebc\u751f\u6d3b\u7684\u9019\u500bGC\u7684\uff1f<\/a> &#8211; \u746a\u8482\u723e\u5fb7\u00b7\u6ce2\u862d\u79d1<\/a><\/strong><\/p>\n<p style=\"text-align: center;\"><strong><a href=\"https:\/\/hijasdejesus.org\/como-estas-viviendo-esta-cg-marian-cantalejo\/\" target=\"_blank\" rel=\"noopener noreferrer\"><a href=\"https:\/\/hijasdejesus.org\/como-estas-viviendo-esta-cg-marian-cantalejo\/\">\u4f60\u662f\u600e\u9ebc\u751f\u6d3b\u7684\u9019\u500bGC\u7684\uff1f<\/a> &#8211; \u746a\u9e97\u5b89\u00b7\u574e\u5854\u840a\u970d<\/a><\/strong><\/p>\n<p style=\"text-align: center;\"><strong><a href=\"https:\/\/hijasdejesus.org\/eucaristia-con-arturo-sosa\/\" target=\"_blank\" rel=\"noopener noreferrer\"><a href=\"https:\/\/hijasdejesus.org\/eucaristia-con-arturo-sosa\/\">\u963f\u5716\u7f85\u00b7\u7d22\u85a9\uff08Arturo Sosa\uff09\u7684\u8056\u9ad4\u8056\u4e8b<\/a><\/a> <\/strong><\/p>\n<p style=\"text-align: center;\"><strong><a href=\"https:\/\/hijasdejesus.org\/conociendonos-xi\/\"><a href=\"https:\/\/hijasdejesus.org\/conociendonos-xi\/\">\u76f8\u4e92\u77ad\u89e3 \uff08XI\uff09<\/a><\/a><\/strong><\/p>\n<p style=\"text-align: center;\"><strong><a href=\"https:\/\/hijasdejesus.org\/conociendonos-x\/\"><a href=\"https:\/\/hijasdejesus.org\/conociendonos-x\/\">\u4e86\u89e3\u6211\u5011 \uff08X\uff09<\/a><\/a><\/strong><\/p>\n<p style=\"text-align: center;\"><strong><a href=\"https:\/\/hijasdejesus.org\/conociendonos-ix\/\"><a href=\"https:\/\/hijasdejesus.org\/conociendonos-ix\/\">\u76f8\u4e92\u77ad\u89e3 \uff08IX\uff09<\/a><\/a><\/strong><\/p>\n<p style=\"text-align: center;\"><strong><a href=\"https:\/\/hijasdejesus.org\/palabras-de-agradecimiento-de-m-inez-furtado-de-mendonca\/\"><a href=\"https:\/\/hijasdejesus.org\/palabras-de-agradecimiento-de-m-inez-furtado-de-mendonca\/\">M\u00aa Inez Furtado de Mendon\u00e7a\u7684\u611f\u8b1d\u8a5e<\/a><\/a><\/strong><\/p>\n<p style=\"text-align: center;\"><strong><a href=\"https:\/\/hijasdejesus.org\/mas-que-una-audiencia\/\" target=\"_blank\" rel=\"noopener noreferrer\"><a href=\"https:\/\/hijasdejesus.org\/mas-que-una-audiencia\/\">\u4e0d\u50c5\u50c5\u662f\u89c0\u773e<\/a><\/a><\/strong><\/p>\n<p style=\"text-align: center;\"><strong><a href=\"https:\/\/hijasdejesus.org\/conociendonos-viii\/\" target=\"_blank\" rel=\"noopener noreferrer\">\u76f8\u4e92\u77ad\u89e3\uff08VIII\uff09<\/a><\/strong><\/p>\n<p style=\"text-align: center;\"><strong><a href=\"https:\/\/hijasdejesus.org\/conociendonos-vii\/\" target=\"_blank\" rel=\"noopener noreferrer\"><a href=\"https:\/\/hijasdejesus.org\/conociendonos-vii\/\">\u8a8d\u8b58\u6211\u5011 \uff08VII\uff09<\/a><\/a><\/strong><\/p>\n<p style=\"text-align: center;\"><strong><a href=\"https:\/\/hijasdejesus.org\/y-seguimos-en-discernimiento\/\" target=\"_blank\" rel=\"noopener noreferrer\"><a href=\"https:\/\/hijasdejesus.org\/y-seguimos-en-discernimiento\/\">\u6211\u5011\u7e7c\u7e8c\u8fa8\u5225&#8230;<\/a><\/a><\/strong><\/p>\n<p style=\"text-align: center;\"><strong><a href=\"https:\/\/hijasdejesus.org\/conociendonos-vi\/\" target=\"_blank\" rel=\"noopener noreferrer\"><a href=\"https:\/\/hijasdejesus.org\/conociendonos-vi\/\">\u76f8\u4e92\u77ad\u89e3 \uff08VI\uff09<\/a><\/a><\/strong><\/p>\n<p style=\"text-align: center;\"><strong><a href=\"https:\/\/hijasdejesus.org\/conociendonos-v\/\" target=\"_blank\" rel=\"noopener noreferrer\"><a href=\"https:\/\/hijasdejesus.org\/conociendonos-v\/\">\u4e86\u89e3\u6211\u5011 \uff08V\uff09<\/a><\/a><\/strong><\/p>\n<p style=\"text-align: center;\"><strong><a href=\"https:\/\/hijasdejesus.org\/descanso-y-agradecimiento\/\" target=\"_blank\" rel=\"noopener noreferrer\"><a href=\"https:\/\/hijasdejesus.org\/descanso-y-agradecimiento\/\">\u4f11\u606f\u548c\u611f\u6069&#8230;&#8230;<\/a><\/a><\/strong><\/p>\n<p style=\"text-align: center;\"><strong><a href=\"https:\/\/hijasdejesus.org\/continuamos-en-proceso-de-discernimiento\/\" target=\"_blank\" rel=\"noopener noreferrer\"><a href=\"https:\/\/hijasdejesus.org\/continuamos-en-proceso-de-discernimiento\/\">\u6211\u5011\u7e7c\u7e8c\u5728\u8fa8\u5225\u7684\u904e\u7a0b\u4e2d&#8230;<\/a><\/a><\/strong><\/p>\n<p style=\"text-align: center;\"><strong><a href=\"https:\/\/hijasdejesus.org\/grupos-de-reflexion\/\" target=\"_blank\" rel=\"noopener noreferrer\"><a href=\"https:\/\/hijasdejesus.org\/grupos-de-reflexion\/\">\u53cd\u5c04\u7d44<\/a><\/a><\/strong><\/p>\n<p style=\"text-align: center;\"><strong><a href=\"https:\/\/hijasdejesus.org\/nueva-fase-de-la-cg-xviii-tratamiento-de-asuntos\/\" target=\"_blank\" rel=\"noopener noreferrer\"><a href=\"https:\/\/hijasdejesus.org\/nueva-fase-de-la-cg-xviii-tratamiento-de-asuntos\/\">\u6307\u5c0e\u6027\u6848\u4f8b\u5341\u516b\u65b0\u968e\u6bb5\uff1a\u8655\u7406\u6848\u4ef6<\/a><\/a><\/strong><\/p>\n<p style=\"text-align: center;\"><strong><a href=\"https:\/\/hijasdejesus.org\/conociendonos-iv\/\" target=\"_blank\" rel=\"noopener noreferrer\"><a href=\"https:\/\/hijasdejesus.org\/conociendonos-iv\/\">\u76f8\u4e92\u77ad\u89e3\uff08\u56db\uff09<\/a><\/a><\/strong><\/p>\n<p style=\"text-align: center;\"><strong><a href=\"https:\/\/hijasdejesus.org\/eleccion-de-la-comision-para-el-tratamiento-de-asuntos-y-de-la-comision-de-redaccion\/\" target=\"_blank\" rel=\"noopener noreferrer\"><a href=\"https:\/\/hijasdejesus.org\/eleccion-de-la-comision-para-el-tratamiento-de-asuntos-y-de-la-comision-de-redaccion\/\">\u9078\u8209\u6848\u4ef6\u8655\u7406\u59d4\u54e1\u6703\u548c\u8d77\u8349\u59d4\u54e1\u6703<\/a><\/a><\/strong><\/p>\n<p style=\"text-align: center;\"><strong><a href=\"https:\/\/hijasdejesus.org\/eleccion-de-la-superiora-general-y-su-consejo\/\"><a href=\"https:\/\/hijasdejesus.org\/eleccion-de-la-superiora-general-y-su-consejo\/\">\u65b0\u653f\u5e9c\uff1a\u9078\u8209\u7d00\u4e8b<\/a><\/a><\/strong><\/p>\n<p style=\"text-align: center;\"><strong> <a href=\"https:\/\/hijasdejesus.org\/nuevas-consejeras-generales-de-las-hijas-de-jesus\/\"><a href=\"https:\/\/hijasdejesus.org\/nuevas-consejeras-generales-de-las-hijas-de-jesus\/\">\u8036\u7a4c\u5973\u5152\u6703\u65b0\u4efb\u7e3d\u53c3\u59d4<\/a><\/a><\/strong><\/p>\n<p style=\"text-align: center;\"><strong> <a href=\"https:\/\/hijasdejesus.org\/nueva-superiora-general\/\"><a href=\"https:\/\/hijasdejesus.org\/nueva-superiora-general\/\">\u683c\u96f7\u897f\u62c9\u00b7\u5f17\u862d\u79d1\u7dad\u683c\uff08Graciela Francovig\uff09\uff0c\u8036\u7a4c\u5973\u5152\u6703\u7684\u65b0\u4efb\u9ad8\u7d1a\u5c07\u8ecd<\/a><\/a><\/strong><\/p>\n<p style=\"text-align: center;\"><strong> <a href=\"https:\/\/hijasdejesus.org\/conociendonos-iii\/\"><a href=\"https:\/\/hijasdejesus.org\/conociendonos-iii\/\">\u4e86\u89e3\u6211\u5011III<\/a><\/a><\/strong><\/p>\n<p style=\"text-align: center;\"><strong> <a href=\"https:\/\/hijasdejesus.org\/dia-de-descanso-en-medio-de-la-cgxviii\/\"><a href=\"https:\/\/hijasdejesus.org\/dia-de-descanso-en-medio-de-la-cgxviii\/\">GC XVIII\u4e2d\u9593\u7684\u4f11\u606f\u65e5<\/a><\/a><\/strong><\/p>\n<p style=\"text-align: center;\"><strong>  <a href=\"https:\/\/hijasdejesus.org\/conociendonos-ii\/\"><a href=\"https:\/\/hijasdejesus.org\/conociendonos-ii\/\">\u77ad\u89e3\u6211\u5011II<\/a><\/a><\/strong><\/p>\n<p style=\"text-align: center;\"><strong> <a href=\"https:\/\/hijasdejesus.org\/conociendonos-i\/\" target=\"_blank\" rel=\"noopener noreferrer\"><a href=\"https:\/\/hijasdejesus.org\/conociendonos-i\/\">\u4e86\u89e3\u6211\u5011 I<\/a><\/a><\/strong><\/p>\n<p style=\"text-align: center;\"><strong> <a href=\"https:\/\/hijasdejesus.org\/fase-de-inicio-el-estado-de-la-congregacion\/\" target=\"_blank\" rel=\"noopener noreferrer\"><a href=\"https:\/\/hijasdejesus.org\/fase-de-inicio-el-estado-de-la-congregacion\/\">\u555f\u52d5\u968e\u6bb5\uff1a\u6703\u773e\u7684\u72c0\u614b<\/a><\/a><\/strong><\/p>\n<p style=\"text-align: center;\"><strong> <a href=\"https:\/\/hijasdejesus.org\/elecciones-para-los-oficios-de-la-cgxviii-y-constitucion-de-organismos\/\" target=\"_blank\" rel=\"noopener noreferrer\"><a href=\"https:\/\/hijasdejesus.org\/elecciones-para-los-oficios-de-la-cgxviii-y-constitucion-de-organismos\/\">CGXVIII\u8fa6\u516c\u5ba4\u7684\u9078\u8209\u548c\u6a5f\u69cb\u7d44\u6210<\/a><\/a><\/strong><\/p>\n<p style=\"text-align: center;\"><strong> <a href=\"https:\/\/hijasdejesus.org\/apertura-de-la-congregacion-general-xviii\/\" target=\"_blank\" rel=\"noopener noreferrer\"><a href=\"https:\/\/hijasdejesus.org\/apertura-de-la-congregacion-general-xviii\/\">\u7b2c\u5341\u516b\u5c46\u5927\u6703\u958b\u5e55\u5178\u79ae<\/a><\/a><\/strong><\/p>\n<p style=\"text-align: center;\"><strong> <a href=\"https:\/\/hijasdejesus.org\/discurso-de-apertura-de-la-congregacion-general-xviii\/\" target=\"_blank\" rel=\"noopener noreferrer\"><a href=\"https:\/\/hijasdejesus.org\/discurso-de-apertura-de-la-congregacion-general-xviii\/\">\u7b2c\u5341\u516b\u5c46\u5927\u6703\u958b\u5e55\u8a5e<\/a><\/a><\/strong><\/p>\n<p style=\"text-align: center;\"><strong> <a href=\"https:\/\/hijasdejesus.org\/comienza-la-congregacion-general-xviii\/\" target=\"_blank\" rel=\"noopener noreferrer\"><a href=\"https:\/\/hijasdejesus.org\/comienza-la-congregacion-general-xviii\/\">\u7b2c\u5341\u516b\u5c46\u5927\u6703\u958b\u59cb\uff01<\/a><\/a><\/strong><\/p>\n<p style=\"text-align: center;\"> <a href=\"https:\/\/hijasdejesus.org\/previa-a-la-congregacion-general-xviii\/\" target=\"_blank\" rel=\"noopener noreferrer\"><a href=\"https:\/\/hijasdejesus.org\/previa-a-la-congregacion-general-xviii\/\">\u5728\u7b2c\u5341\u516b\u5c46\u5927\u6703\u4e4b\u524d<\/a><\/a><\/p>\n<p style=\"text-align: center;\"><a href=\"https:\/\/hijasdejesus.org\/congregadas-electoras-para-la-cg-xviii\/\"> <a href=\"https:\/\/hijasdejesus.org\/congregadas-electoras-para-la-cg-xviii\/\"> \u6703\u773e &#8211; \u7b2c\u5341\u516b\u5c46\u5927\u6703\u7684\u9078\u5e1d\u4faf<\/a><\/a><\/p>\n<p style=\"text-align: center;\"><a href=\"https:\/\/hijasdejesus.org\/cierre-de-la-congregacion-provincial-brasil-caribe-10-01-2019\/\"><a href=\"https:\/\/hijasdejesus.org\/cierre-de-la-congregacion-provincial-brasil-caribe-10-01-2019\/\">\u5df4\u897f-\u52a0\u52d2\u6bd4\u7701\u6703\u9589\u5e55<\/a><\/a><\/p>\n<p style=\"text-align: center;\"><a href=\"https:\/\/hijasdejesus.org\/ecos-de-la-congregacion-provincial-de-espana-italia\/\" target=\"_blank\" rel=\"noopener noreferrer\"><a href=\"https:\/\/hijasdejesus.org\/ecos-de-la-congregacion-provincial-de-espana-italia\/\">\u897f\u73ed\u7259-\u7fa9\u5927\u5229\u7701\u7d1a\u6703\u773e\u7684\u56de\u8072<\/a><\/a><\/p>\n<p style=\"text-align: center;\">  <a href=\"https:\/\/hijasdejesus.org\/termina-la-congregacion-provincial-de-america-andina\/\" target=\"_blank\" rel=\"noopener noreferrer\"><a href=\"https:\/\/hijasdejesus.org\/termina-la-congregacion-provincial-de-america-andina\/\">\u7f8e\u570b\u5b89\u7b2c\u65af\u7701\u6703\u7d50\u675f<\/a><\/a><\/p>\n<p style=\"text-align: center;\"><a href=\"https:\/\/hijasdejesus.org\/elegidas-de-brasil-caribe-para-la-congregacion-general\/\"><a href=\"https:\/\/hijasdejesus.org\/elegidas-de-brasil-caribe-para-la-congregacion-general\/\">\u5f9e\u5df4\u897f-\u52a0\u52d2\u6bd4\u5730\u5340\u7576\u9078\u70ba\u7e3d\u6703\u6210\u54e1 <\/a> <\/a><\/p>\n<p style=\"text-align: center;\"> <a href=\"https:\/\/hijasdejesus.org\/termina-la-congregacion-provincial-de-america-andina\/\" target=\"_blank\" rel=\"noopener noreferrer\"><a href=\"https:\/\/hijasdejesus.org\/termina-la-congregacion-provincial-de-america-andina\/\">\u5f9e\u5b89\u7b2c\u65af\u7f8e\u6d32\u9078\u51fa\u7e3d\u6703\u6210\u54e1<\/a><\/a><\/p>\n<p style=\"text-align: center;\"> <a href=\"https:\/\/hijasdejesus.org\/congregacion-provincial-brasil-caribe-iii\/\" target=\"_blank\" rel=\"noopener noreferrer\"><a href=\"https:\/\/hijasdejesus.org\/congregacion-provincial-brasil-caribe-iii\/\">\u5df4\u897f-\u52a0\u52d2\u6bd4\u7701\u6703 \uff08III\uff09<\/a><\/a><\/p>\n<p style=\"text-align: center;\"> <a href=\"https:\/\/hijasdejesus.org\/congregacion-provincial-america-andina-iii\/\" target=\"_blank\" rel=\"noopener noreferrer\"><a href=\"https:\/\/hijasdejesus.org\/congregacion-provincial-america-andina-iii\/\">\u5b89\u7b2c\u65af\u7f8e\u6d32\u7701\u6703 \uff08III\uff09<\/a><\/a><\/p>\n<p style=\"text-align: center;\">   <a href=\"https:\/\/hijasdejesus.org\/congregacion-provincial-america-andina-ii\/\" target=\"_blank\" rel=\"noopener noreferrer\"><a href=\"https:\/\/hijasdejesus.org\/congregacion-provincial-america-andina-ii\/\">\u5b89\u7b2c\u65af\u7f8e\u6d32\u7701\u6703 \uff08II\uff09<\/a><\/a><\/p>\n<p style=\"text-align: center;\"> <a href=\"https:\/\/hijasdejesus.org\/congregacion-provincial-brasil-caribe-ii\/\" target=\"_blank\" rel=\"noopener noreferrer\"><a href=\"https:\/\/hijasdejesus.org\/congregacion-provincial-brasil-caribe-ii\/\">\u5df4\u897f-\u52a0\u52d2\u6bd4\u7701\u6703 \uff08II\uff09<\/a><\/a><\/p>\n<p style=\"text-align: center;\">   <a href=\"https:\/\/hijasdejesus.org\/congregacion-provincial-brasil-caribe\/\" target=\"_blank\" rel=\"noopener noreferrer\"><a href=\"https:\/\/hijasdejesus.org\/congregacion-provincial-brasil-caribe\/\">\u5df4\u897f-\u52a0\u52d2\u6bd4\u7701\u6703\u773e \uff08I\uff09<\/a><\/a><\/p>\n<p style=\"text-align: center;\"> <a href=\"https:\/\/hijasdejesus.org\/inicio-de-la-congregacion-provincial-de-america-andina\/\" target=\"_blank\" rel=\"noopener noreferrer\"><a href=\"https:\/\/hijasdejesus.org\/inicio-de-la-congregacion-provincial-de-america-andina\/\">\u5b89\u7b2c\u65af\u7f8e\u6d32\u6703\u773e\u7684\u958b\u59cb<\/a><\/a><\/p>\n<p style=\"text-align: center;\"> <a href=\"https:\/\/hijasdejesus.org\/congregacion-provincial-de-espana-italia\/\" target=\"_blank\" rel=\"noopener noreferrer\"><a href=\"https:\/\/hijasdejesus.org\/congregacion-provincial-de-espana-italia\/\">\u897f\u73ed\u7259\u6703\u773e\u7684\u958b\u59cb &#8211; \u7fa9\u5927\u5229<\/a><\/a><\/p>\n<p style=\"text-align: center;\">  <a href=\"https:\/\/hijasdejesus.org\/congregacion-provincial-indico-pacifico-y-ii\/\" target=\"_blank\" rel=\"noopener noreferrer\"><a href=\"https:\/\/hijasdejesus.org\/congregacion-provincial-indico-pacifico-y-ii\/\">\u5370\u5ea6\u6d0b-\u592a\u5e73\u6d0b\u7701\u7d1a\u6703\u7d50\u675f<\/a><\/a><\/p>\n<p style=\"text-align: center;\"><a href=\"https:\/\/hijasdejesus.org\/congregacion-provincia-indico-pacifico\/\" target=\"_blank\" rel=\"noopener noreferrer\"><a href=\"https:\/\/hijasdejesus.org\/congregacion-provincia-indico-pacifico\/\">\u5370\u5ea6\u6d0b-\u592a\u5e73\u6d0b\u7701\u7d1a\u6703\u773e\u7684\u958b\u59cb<\/a><\/a><\/p>\n<p style=\"text-align: center;\"> <a href=\"https:\/\/hijasdejesus.org\/formulacion-de-postulados-cgxviii-en-colombia\/\"><a href=\"https:\/\/hijasdejesus.org\/formulacion-de-postulados-cgxviii-en-colombia\/\">\u54e5\u502b\u6bd4\u4e9e\u5047\u8a2d\u7684\u5236\u5b9a<\/a><\/a><\/p>\n<p style=\"text-align: center;\"><a href=\"https:\/\/hijasdejesus.org\/calendario-de-congregaciones-generales-y-provinciales\/\" target=\"_blank\" rel=\"noopener noreferrer\"><strong>\u7e3d\u6703\u548c\u7701\u7d1a\u6703\u773e\u7684\u65e5\u66c6<\/strong><\/a><\/p>\n<p style=\"text-align: center;\"> <a href=\"https:\/\/hijasdejesus.org\/de-cara-a-la-proxima-congregacion-general-reina-de-la-paz\/\" target=\"_blank\" rel=\"noopener noreferrer\"><a href=\"https:\/\/hijasdejesus.org\/de-cara-a-la-proxima-congregacion-general-reina-de-la-paz\/\">\u5c55\u671b\u4e0b\u5c46\u7e3d\u6703\u6703\u5178 &#8211; \u548c\u5e73\u5973\u795e<\/a><\/a><\/p>\n<p style=\"text-align: center;\">   <a href=\"https:\/\/hijasdejesus.org\/reunion-de-provinciales-para-preparar-la-cgxviii\/\" target=\"_blank\" rel=\"noopener noreferrer\"><a href=\"https:\/\/hijasdejesus.org\/reunion-de-provinciales-para-preparar-la-cgxviii\/\">\u7c4c\u5099GCXVIII\u7684\u7701\u7d1a\u6703\u8b70<\/a><\/a><\/p>\n<p style=\"text-align: center;\"> <a href=\"https:\/\/hijasdejesus.org\/oracion-por-la-cg-xviii\/\" target=\"_blank\" rel=\"noopener noreferrer\"><a href=\"https:\/\/hijasdejesus.org\/oracion-por-la-cg-xviii\/\">\u70baGCXVIII\u7948\u79b1<\/a><\/a><\/p>\n<p style=\"text-align: center;\"><a href=\"https:\/\/hijasdejesus.org\/la-congregacion-general-xviii-ha-sido-convocada\/\" target=\"_blank\" rel=\"noopener noreferrer\"><a href=\"https:\/\/hijasdejesus.org\/la-congregacion-general-xviii-ha-sido-convocada\/\">\u7b2c\u5341\u516b\u5c46\u7e3d\u6703\u5927\u6703\u5df2\u7d93\u53ec\u958b\uff01<\/a><\/a><\/p>\n<p style=\"text-align: center;\"> <a href=\"https:\/\/hijasdejesus.org\/hacia-la-cg-xviii\/\" target=\"_blank\" rel=\"noopener noreferrer\"><a href=\"https:\/\/hijasdejesus.org\/hacia-la-cg-xviii\/\">\u9081\u5411GCXVIII<\/a><\/a><\/p>\n<p style=\"text-align: center;\">\n","protected":false},"excerpt":{"rendered":"<p>\u5728\u6b64\u9801\u9762\u4e0a\uff0c\u60a8\u5c07\u80fd\u5920\u770b\u5230\u6709\u95dcCGXVIII\u7684\u6240\u6709\u65b0\u805e\u3002 \u96a8\u8457\u4f7f\u6211\u5011\u66f4\u63a5\u8fd1\u7e3d\u6703\u7684\u4e0d\u540c\u6b65\u9a5f\u7684\u767c\u751f\uff0c\u6211\u5011\u5c07\u5f15\u5165\u4e00\u4e9b\u93c8 [&hellip;]<\/p>\n","protected":false},"author":28,"featured_media":42381,"comment_status":"closed","ping_status":"closed","sticky":false,"template":"","format":"standard","meta":{"_et_pb_use_builder":"","_et_pb_old_content":"","_et_gb_content_width":"","footnotes":"","_links_to":"","_links_to_target":""},"categories":[1041,1039],"tags":[1199],"class_list":["post-42379","post","type-post","status-publish","format-standard","has-post-thumbnail","hentry","category-1041","category-1039","tag-cgxviii"],"yoast_head":"<!-- This site is optimized with the Yoast SEO plugin v27.4 - https:\/\/yoast.com\/product\/yoast-seo-wordpress\/ -->\n<title>\u6240\u6709GC XVIII\u65b0\u805e - Hijas de Jes\u00fas<\/title>\n<meta name=\"robots\" content=\"index, follow, max-snippet:-1, max-image-preview:large, max-video-preview:-1\" \/>\n<link rel=\"canonical\" href=\"https:\/\/hijasdejesus.org\/zh-hant\/%e6%89%80%e6%9c%89gc-xviii%e6%96%b0%e8%81%9e\/\" \/>\n<meta property=\"og:locale\" content=\"zh_TW\" \/>\n<meta property=\"og:type\" content=\"article\" \/>\n<meta property=\"og:title\" content=\"\u6240\u6709GC XVIII\u65b0\u805e - Hijas de Jes\u00fas\" \/>\n<meta property=\"og:description\" content=\"\u5728\u6b64\u9801\u9762\u4e0a\uff0c\u60a8\u5c07\u80fd\u5920\u770b\u5230\u6709\u95dcCGXVIII\u7684\u6240\u6709\u65b0\u805e\u3002 \u96a8\u8457\u4f7f\u6211\u5011\u66f4\u63a5\u8fd1\u7e3d\u6703\u7684\u4e0d\u540c\u6b65\u9a5f\u7684\u767c\u751f\uff0c\u6211\u5011\u5c07\u5f15\u5165\u4e00\u4e9b\u93c8 [&hellip;]\" \/>\n<meta property=\"og:url\" content=\"https:\/\/hijasdejesus.org\/zh-hant\/%e6%89%80%e6%9c%89gc-xviii%e6%96%b0%e8%81%9e\/\" \/>\n<meta property=\"og:site_name\" content=\"Hijas de Jes\u00fas\" \/>\n<meta property=\"article:publisher\" content=\"https:\/\/www.facebook.com\/hijasdejesusenelmundo\/\" \/>\n<meta property=\"article:published_time\" content=\"2018-04-12T14:59:35+00:00\" \/>\n<meta property=\"og:image\" content=\"https:\/\/hijasdejesus.org\/wp-content\/uploads\/2018\/04\/Logo-recortado.jpg\" \/>\n\t<meta property=\"og:image:width\" content=\"1727\" \/>\n\t<meta property=\"og:image:height\" content=\"695\" \/>\n\t<meta property=\"og:image:type\" content=\"image\/jpeg\" \/>\n<meta name=\"author\" content=\"Webmaster\" \/>\n<meta name=\"twitter:card\" content=\"summary_large_image\" \/>\n<meta name=\"twitter:creator\" content=\"@hijasdjesus\" \/>\n<meta name=\"twitter:site\" content=\"@hijasdjesus\" \/>\n<meta name=\"twitter:label1\" content=\"\u4f5c\u8005:\" \/>\n\t<meta name=\"twitter:data1\" content=\"Webmaster\" \/>\n<script type=\"application\/ld+json\" class=\"yoast-schema-graph\">{\"@context\":\"https:\\\/\\\/schema.org\",\"@graph\":[{\"@type\":\"Article\",\"@id\":\"https:\\\/\\\/hijasdejesus.org\\\/zh-hant\\\/%e6%89%80%e6%9c%89gc-xviii%e6%96%b0%e8%81%9e\\\/#article\",\"isPartOf\":{\"@id\":\"https:\\\/\\\/hijasdejesus.org\\\/zh-hant\\\/%e6%89%80%e6%9c%89gc-xviii%e6%96%b0%e8%81%9e\\\/\"},\"author\":{\"name\":\"Webmaster\",\"@id\":\"https:\\\/\\\/hijasdejesus.org\\\/zh-hant\\\/#\\\/schema\\\/person\\\/ce4455965da733f2791f23b6ec14e9b6\"},\"headline\":\"\u6240\u6709GC XVIII\u65b0\u805e\",\"datePublished\":\"2018-04-12T14:59:35+00:00\",\"mainEntityOfPage\":{\"@id\":\"https:\\\/\\\/hijasdejesus.org\\\/zh-hant\\\/%e6%89%80%e6%9c%89gc-xviii%e6%96%b0%e8%81%9e\\\/\"},\"wordCount\":57,\"publisher\":{\"@id\":\"https:\\\/\\\/hijasdejesus.org\\\/zh-hant\\\/#organization\"},\"image\":{\"@id\":\"https:\\\/\\\/hijasdejesus.org\\\/zh-hant\\\/%e6%89%80%e6%9c%89gc-xviii%e6%96%b0%e8%81%9e\\\/#primaryimage\"},\"thumbnailUrl\":\"https:\\\/\\\/hijasdejesus.org\\\/wp-content\\\/uploads\\\/2018\\\/04\\\/Logo-recortado.jpg\",\"keywords\":[\"CGXVIII\u7cfb\u5217\"],\"articleSection\":[\"\u65b0\u805e\",\"\u8036\u7a4c\u7684\u5973\u5152\u5011\"],\"inLanguage\":\"zh-TW\"},{\"@type\":\"WebPage\",\"@id\":\"https:\\\/\\\/hijasdejesus.org\\\/zh-hant\\\/%e6%89%80%e6%9c%89gc-xviii%e6%96%b0%e8%81%9e\\\/\",\"url\":\"https:\\\/\\\/hijasdejesus.org\\\/zh-hant\\\/%e6%89%80%e6%9c%89gc-xviii%e6%96%b0%e8%81%9e\\\/\",\"name\":\"\u6240\u6709GC XVIII\u65b0\u805e - Hijas de Jes\u00fas\",\"isPartOf\":{\"@id\":\"https:\\\/\\\/hijasdejesus.org\\\/zh-hant\\\/#website\"},\"primaryImageOfPage\":{\"@id\":\"https:\\\/\\\/hijasdejesus.org\\\/zh-hant\\\/%e6%89%80%e6%9c%89gc-xviii%e6%96%b0%e8%81%9e\\\/#primaryimage\"},\"image\":{\"@id\":\"https:\\\/\\\/hijasdejesus.org\\\/zh-hant\\\/%e6%89%80%e6%9c%89gc-xviii%e6%96%b0%e8%81%9e\\\/#primaryimage\"},\"thumbnailUrl\":\"https:\\\/\\\/hijasdejesus.org\\\/wp-content\\\/uploads\\\/2018\\\/04\\\/Logo-recortado.jpg\",\"datePublished\":\"2018-04-12T14:59:35+00:00\",\"breadcrumb\":{\"@id\":\"https:\\\/\\\/hijasdejesus.org\\\/zh-hant\\\/%e6%89%80%e6%9c%89gc-xviii%e6%96%b0%e8%81%9e\\\/#breadcrumb\"},\"inLanguage\":\"zh-TW\",\"potentialAction\":[{\"@type\":\"ReadAction\",\"target\":[\"https:\\\/\\\/hijasdejesus.org\\\/zh-hant\\\/%e6%89%80%e6%9c%89gc-xviii%e6%96%b0%e8%81%9e\\\/\"]}]},{\"@type\":\"ImageObject\",\"inLanguage\":\"zh-TW\",\"@id\":\"https:\\\/\\\/hijasdejesus.org\\\/zh-hant\\\/%e6%89%80%e6%9c%89gc-xviii%e6%96%b0%e8%81%9e\\\/#primaryimage\",\"url\":\"https:\\\/\\\/hijasdejesus.org\\\/wp-content\\\/uploads\\\/2018\\\/04\\\/Logo-recortado.jpg\",\"contentUrl\":\"https:\\\/\\\/hijasdejesus.org\\\/wp-content\\\/uploads\\\/2018\\\/04\\\/Logo-recortado.jpg\",\"width\":1727,\"height\":695},{\"@type\":\"BreadcrumbList\",\"@id\":\"https:\\\/\\\/hijasdejesus.org\\\/zh-hant\\\/%e6%89%80%e6%9c%89gc-xviii%e6%96%b0%e8%81%9e\\\/#breadcrumb\",\"itemListElement\":[{\"@type\":\"ListItem\",\"position\":1,\"name\":\"Portada\",\"item\":\"https:\\\/\\\/hijasdejesus.org\\\/zh-hant\\\/%e8%80%b6%e7%a9%8c%e7%9a%84%e5%a5%b3%e5%85%92%e5%80%91\\\/\"},{\"@type\":\"ListItem\",\"position\":2,\"name\":\"\u6240\u6709GC XVIII\u65b0\u805e\"}]},{\"@type\":\"WebSite\",\"@id\":\"https:\\\/\\\/hijasdejesus.org\\\/zh-hant\\\/#website\",\"url\":\"https:\\\/\\\/hijasdejesus.org\\\/zh-hant\\\/\",\"name\":\"Hijas de Jes\u00fas\",\"description\":\"Despertamos a Jes\u00fas en el coraz\u00f3n, sacando lo mejor de las personas. Somos una congregaci\u00f3n religiosa ignaciana fundada por la Madre Candida\",\"publisher\":{\"@id\":\"https:\\\/\\\/hijasdejesus.org\\\/zh-hant\\\/#organization\"},\"potentialAction\":[{\"@type\":\"SearchAction\",\"target\":{\"@type\":\"EntryPoint\",\"urlTemplate\":\"https:\\\/\\\/hijasdejesus.org\\\/zh-hant\\\/?s={search_term_string}\"},\"query-input\":{\"@type\":\"PropertyValueSpecification\",\"valueRequired\":true,\"valueName\":\"search_term_string\"}}],\"inLanguage\":\"zh-TW\"},{\"@type\":\"Organization\",\"@id\":\"https:\\\/\\\/hijasdejesus.org\\\/zh-hant\\\/#organization\",\"name\":\"Hijas de Jes\u00fas\",\"url\":\"https:\\\/\\\/hijasdejesus.org\\\/zh-hant\\\/\",\"logo\":{\"@type\":\"ImageObject\",\"inLanguage\":\"zh-TW\",\"@id\":\"https:\\\/\\\/hijasdejesus.org\\\/zh-hant\\\/#\\\/schema\\\/logo\\\/image\\\/\",\"url\":\"https:\\\/\\\/hijasdejesus.org\\\/wp-content\\\/uploads\\\/2023\\\/01\\\/Hijas-de-Jesus_hor-A7C957.png\",\"contentUrl\":\"https:\\\/\\\/hijasdejesus.org\\\/wp-content\\\/uploads\\\/2023\\\/01\\\/Hijas-de-Jesus_hor-A7C957.png\",\"width\":700,\"height\":360,\"caption\":\"Hijas de Jes\u00fas\"},\"image\":{\"@id\":\"https:\\\/\\\/hijasdejesus.org\\\/zh-hant\\\/#\\\/schema\\\/logo\\\/image\\\/\"},\"sameAs\":[\"https:\\\/\\\/www.facebook.com\\\/hijasdejesusenelmundo\\\/\",\"https:\\\/\\\/x.com\\\/hijasdjesus\"]},{\"@type\":\"Person\",\"@id\":\"https:\\\/\\\/hijasdejesus.org\\\/zh-hant\\\/#\\\/schema\\\/person\\\/ce4455965da733f2791f23b6ec14e9b6\",\"name\":\"Webmaster\",\"image\":{\"@type\":\"ImageObject\",\"inLanguage\":\"zh-TW\",\"@id\":\"https:\\\/\\\/secure.gravatar.com\\\/avatar\\\/cfd0acaac86c3981d541d2e99a0ffb7b6d33a5ac8989a62f5518b9e0f7ee128a?s=96&d=mm&r=g\",\"url\":\"https:\\\/\\\/secure.gravatar.com\\\/avatar\\\/cfd0acaac86c3981d541d2e99a0ffb7b6d33a5ac8989a62f5518b9e0f7ee128a?s=96&d=mm&r=g\",\"contentUrl\":\"https:\\\/\\\/secure.gravatar.com\\\/avatar\\\/cfd0acaac86c3981d541d2e99a0ffb7b6d33a5ac8989a62f5518b9e0f7ee128a?s=96&d=mm&r=g\",\"caption\":\"Webmaster\"},\"url\":\"https:\\\/\\\/hijasdejesus.org\\\/zh-hant\\\/author\\\/webmaster\\\/\"}]}<\/script>\n<!-- \/ Yoast SEO plugin. -->","yoast_head_json":{"title":"\u6240\u6709GC XVIII\u65b0\u805e - Hijas de Jes\u00fas","robots":{"index":"index","follow":"follow","max-snippet":"max-snippet:-1","max-image-preview":"max-image-preview:large","max-video-preview":"max-video-preview:-1"},"canonical":"https:\/\/hijasdejesus.org\/zh-hant\/%e6%89%80%e6%9c%89gc-xviii%e6%96%b0%e8%81%9e\/","og_locale":"zh_TW","og_type":"article","og_title":"\u6240\u6709GC XVIII\u65b0\u805e - Hijas de Jes\u00fas","og_description":"\u5728\u6b64\u9801\u9762\u4e0a\uff0c\u60a8\u5c07\u80fd\u5920\u770b\u5230\u6709\u95dcCGXVIII\u7684\u6240\u6709\u65b0\u805e\u3002 \u96a8\u8457\u4f7f\u6211\u5011\u66f4\u63a5\u8fd1\u7e3d\u6703\u7684\u4e0d\u540c\u6b65\u9a5f\u7684\u767c\u751f\uff0c\u6211\u5011\u5c07\u5f15\u5165\u4e00\u4e9b\u93c8 [&hellip;]","og_url":"https:\/\/hijasdejesus.org\/zh-hant\/%e6%89%80%e6%9c%89gc-xviii%e6%96%b0%e8%81%9e\/","og_site_name":"Hijas de Jes\u00fas","article_publisher":"https:\/\/www.facebook.com\/hijasdejesusenelmundo\/","article_published_time":"2018-04-12T14:59:35+00:00","og_image":[{"width":1727,"height":695,"url":"https:\/\/hijasdejesus.org\/wp-content\/uploads\/2018\/04\/Logo-recortado.jpg","type":"image\/jpeg"}],"author":"Webmaster","twitter_card":"summary_large_image","twitter_creator":"@hijasdjesus","twitter_site":"@hijasdjesus","twitter_misc":{"\u4f5c\u8005:":"Webmaster"},"schema":{"@context":"https:\/\/schema.org","@graph":[{"@type":"Article","@id":"https:\/\/hijasdejesus.org\/zh-hant\/%e6%89%80%e6%9c%89gc-xviii%e6%96%b0%e8%81%9e\/#article","isPartOf":{"@id":"https:\/\/hijasdejesus.org\/zh-hant\/%e6%89%80%e6%9c%89gc-xviii%e6%96%b0%e8%81%9e\/"},"author":{"name":"Webmaster","@id":"https:\/\/hijasdejesus.org\/zh-hant\/#\/schema\/person\/ce4455965da733f2791f23b6ec14e9b6"},"headline":"\u6240\u6709GC XVIII\u65b0\u805e","datePublished":"2018-04-12T14:59:35+00:00","mainEntityOfPage":{"@id":"https:\/\/hijasdejesus.org\/zh-hant\/%e6%89%80%e6%9c%89gc-xviii%e6%96%b0%e8%81%9e\/"},"wordCount":57,"publisher":{"@id":"https:\/\/hijasdejesus.org\/zh-hant\/#organization"},"image":{"@id":"https:\/\/hijasdejesus.org\/zh-hant\/%e6%89%80%e6%9c%89gc-xviii%e6%96%b0%e8%81%9e\/#primaryimage"},"thumbnailUrl":"https:\/\/hijasdejesus.org\/wp-content\/uploads\/2018\/04\/Logo-recortado.jpg","keywords":["CGXVIII\u7cfb\u5217"],"articleSection":["\u65b0\u805e","\u8036\u7a4c\u7684\u5973\u5152\u5011"],"inLanguage":"zh-TW"},{"@type":"WebPage","@id":"https:\/\/hijasdejesus.org\/zh-hant\/%e6%89%80%e6%9c%89gc-xviii%e6%96%b0%e8%81%9e\/","url":"https:\/\/hijasdejesus.org\/zh-hant\/%e6%89%80%e6%9c%89gc-xviii%e6%96%b0%e8%81%9e\/","name":"\u6240\u6709GC XVIII\u65b0\u805e - Hijas de Jes\u00fas","isPartOf":{"@id":"https:\/\/hijasdejesus.org\/zh-hant\/#website"},"primaryImageOfPage":{"@id":"https:\/\/hijasdejesus.org\/zh-hant\/%e6%89%80%e6%9c%89gc-xviii%e6%96%b0%e8%81%9e\/#primaryimage"},"image":{"@id":"https:\/\/hijasdejesus.org\/zh-hant\/%e6%89%80%e6%9c%89gc-xviii%e6%96%b0%e8%81%9e\/#primaryimage"},"thumbnailUrl":"https:\/\/hijasdejesus.org\/wp-content\/uploads\/2018\/04\/Logo-recortado.jpg","datePublished":"2018-04-12T14:59:35+00:00","breadcrumb":{"@id":"https:\/\/hijasdejesus.org\/zh-hant\/%e6%89%80%e6%9c%89gc-xviii%e6%96%b0%e8%81%9e\/#breadcrumb"},"inLanguage":"zh-TW","potentialAction":[{"@type":"ReadAction","target":["https:\/\/hijasdejesus.org\/zh-hant\/%e6%89%80%e6%9c%89gc-xviii%e6%96%b0%e8%81%9e\/"]}]},{"@type":"ImageObject","inLanguage":"zh-TW","@id":"https:\/\/hijasdejesus.org\/zh-hant\/%e6%89%80%e6%9c%89gc-xviii%e6%96%b0%e8%81%9e\/#primaryimage","url":"https:\/\/hijasdejesus.org\/wp-content\/uploads\/2018\/04\/Logo-recortado.jpg","contentUrl":"https:\/\/hijasdejesus.org\/wp-content\/uploads\/2018\/04\/Logo-recortado.jpg","width":1727,"height":695},{"@type":"BreadcrumbList","@id":"https:\/\/hijasdejesus.org\/zh-hant\/%e6%89%80%e6%9c%89gc-xviii%e6%96%b0%e8%81%9e\/#breadcrumb","itemListElement":[{"@type":"ListItem","position":1,"name":"Portada","item":"https:\/\/hijasdejesus.org\/zh-hant\/%e8%80%b6%e7%a9%8c%e7%9a%84%e5%a5%b3%e5%85%92%e5%80%91\/"},{"@type":"ListItem","position":2,"name":"\u6240\u6709GC XVIII\u65b0\u805e"}]},{"@type":"WebSite","@id":"https:\/\/hijasdejesus.org\/zh-hant\/#website","url":"https:\/\/hijasdejesus.org\/zh-hant\/","name":"Hijas de Jes\u00fas","description":"Despertamos a Jes\u00fas en el coraz\u00f3n, sacando lo mejor de las personas. Somos una congregaci\u00f3n religiosa ignaciana fundada por la Madre Candida","publisher":{"@id":"https:\/\/hijasdejesus.org\/zh-hant\/#organization"},"potentialAction":[{"@type":"SearchAction","target":{"@type":"EntryPoint","urlTemplate":"https:\/\/hijasdejesus.org\/zh-hant\/?s={search_term_string}"},"query-input":{"@type":"PropertyValueSpecification","valueRequired":true,"valueName":"search_term_string"}}],"inLanguage":"zh-TW"},{"@type":"Organization","@id":"https:\/\/hijasdejesus.org\/zh-hant\/#organization","name":"Hijas de Jes\u00fas","url":"https:\/\/hijasdejesus.org\/zh-hant\/","logo":{"@type":"ImageObject","inLanguage":"zh-TW","@id":"https:\/\/hijasdejesus.org\/zh-hant\/#\/schema\/logo\/image\/","url":"https:\/\/hijasdejesus.org\/wp-content\/uploads\/2023\/01\/Hijas-de-Jesus_hor-A7C957.png","contentUrl":"https:\/\/hijasdejesus.org\/wp-content\/uploads\/2023\/01\/Hijas-de-Jesus_hor-A7C957.png","width":700,"height":360,"caption":"Hijas de Jes\u00fas"},"image":{"@id":"https:\/\/hijasdejesus.org\/zh-hant\/#\/schema\/logo\/image\/"},"sameAs":["https:\/\/www.facebook.com\/hijasdejesusenelmundo\/","https:\/\/x.com\/hijasdjesus"]},{"@type":"Person","@id":"https:\/\/hijasdejesus.org\/zh-hant\/#\/schema\/person\/ce4455965da733f2791f23b6ec14e9b6","name":"Webmaster","image":{"@type":"ImageObject","inLanguage":"zh-TW","@id":"https:\/\/secure.gravatar.com\/avatar\/cfd0acaac86c3981d541d2e99a0ffb7b6d33a5ac8989a62f5518b9e0f7ee128a?s=96&d=mm&r=g","url":"https:\/\/secure.gravatar.com\/avatar\/cfd0acaac86c3981d541d2e99a0ffb7b6d33a5ac8989a62f5518b9e0f7ee128a?s=96&d=mm&r=g","contentUrl":"https:\/\/secure.gravatar.com\/avatar\/cfd0acaac86c3981d541d2e99a0ffb7b6d33a5ac8989a62f5518b9e0f7ee128a?s=96&d=mm&r=g","caption":"Webmaster"},"url":"https:\/\/hijasdejesus.org\/zh-hant\/author\/webmaster\/"}]}},"_links":{"self":[{"href":"https:\/\/hijasdejesus.org\/zh-hant\/wp-json\/wp\/v2\/posts\/42379","targetHints":{"allow":["GET"]}}],"collection":[{"href":"https:\/\/hijasdejesus.org\/zh-hant\/wp-json\/wp\/v2\/posts"}],"about":[{"href":"https:\/\/hijasdejesus.org\/zh-hant\/wp-json\/wp\/v2\/types\/post"}],"author":[{"embeddable":true,"href":"https:\/\/hijasdejesus.org\/zh-hant\/wp-json\/wp\/v2\/users\/28"}],"replies":[{"embeddable":true,"href":"https:\/\/hijasdejesus.org\/zh-hant\/wp-json\/wp\/v2\/comments?post=42379"}],"version-history":[{"count":0,"href":"https:\/\/hijasdejesus.org\/zh-hant\/wp-json\/wp\/v2\/posts\/42379\/revisions"}],"wp:featuredmedia":[{"embeddable":true,"href":"https:\/\/hijasdejesus.org\/zh-hant\/wp-json\/wp\/v2\/media\/42381"}],"wp:attachment":[{"href":"https:\/\/hijasdejesus.org\/zh-hant\/wp-json\/wp\/v2\/media?parent=42379"}],"wp:term":[{"taxonomy":"category","embeddable":true,"href":"https:\/\/hijasdejesus.org\/zh-hant\/wp-json\/wp\/v2\/categories?post=42379"},{"taxonomy":"post_tag","embeddable":true,"href":"https:\/\/hijasdejesus.org\/zh-hant\/wp-json\/wp\/v2\/tags?post=42379"}],"curies":[{"name":"wp","href":"https:\/\/api.w.org\/{rel}","templated":true}]}}